{"d":{"__metadata":{"id":"https://ws.parlament.ch/OData.svc/Subject(ID=72023L,Language='FR')","uri":"https://ws.parlament.ch/OData.svc/Subject(ID=72023L,Language='FR')","type":"itsystems.Pd.DataServices.DataModel.Subject"},"Meetings":{"__metadata":{"id":"https://ws.parlament.ch/OData.svc/Meeting(ID=5249L,Language='FR')","uri":"https://ws.parlament.ch/OData.svc/Meeting(ID=5249L,Language='FR')","type":"itsystems.Pd.DataServices.DataModel.Meeting"},"Sessions":{"__deferred":{"uri":"https://ws.parlament.ch/OData.svc/Meeting(ID=5249L,Language='FR')/Sessions"}},"Subjects":{"__deferred":{"uri":"https://ws.parlament.ch/OData.svc/Meeting(ID=5249L,Language='FR')/Subjects"}},"ID":"5249","Language":"FR","MeetingNumber":13,"IdSession":5214,"SessionNumber":14,"SessionName":"Session d'\u00e9t\u00e9 2026","Council":1,"CouncilName":"Conseil national","CouncilAbbreviation":"CN","Date":"\/Date(1781654400000)\/","Begin":"1500","Modified":"\/Date(1784733664518)\/","LegislativePeriodNumber":52,"PublicationStatus":"final","MeetingOrderText":"Treizi\u00e8me s\u00e9ance","SortOrder":13,"Location":"N"},"SubjectsBusiness":{"results":[{"__metadata":{"id":"https://ws.parlament.ch/OData.svc/SubjectBusiness(BusinessNumber=20260018,IdSubject=72023L,Language='FR')","uri":"https://ws.parlament.ch/OData.svc/SubjectBusiness(BusinessNumber=20260018,IdSubject=72023L,Language='FR')","type":"itsystems.Pd.DataServices.DataModel.SubjectBusiness"},"Subjects":{"__deferred":{"uri":"https://ws.parlament.ch/OData.svc/SubjectBusiness(BusinessNumber=20260018,IdSubject=72023L,Language='FR')/Subjects"}},"Businesses":{"__deferred":{"uri":"https://ws.parlament.ch/OData.svc/SubjectBusiness(BusinessNumber=20260018,IdSubject=72023L,Language='FR')/Businesses"}},"IdSubject":"72023","BusinessNumber":20260018,"Language":"FR","BusinessShortNumber":"26.018","Title":"Accord de partenariat \u00e9conomique entre les \u00c9tats de l\u2019AELE et la Malaisie. Approbation","SortOrder":1,"PublishedNotes":"Zweitrat - Deuxi\u00e8me Conseil\n","Modified":"\/Date(1771843498780)\/","TitleDE":"Wirtschaftspartnerschaftsabkommen\nzwischen den EFTA-Staaten\nund Malaysia.\nGenehmigung","TitleFR":"Accord de partenariat \u00e9conomique\nentre les Etats de l'AELE\net la Malaisie.\nApprobation","TitleIT":null}]},"Transcripts":{"results":[{"__metadata":{"id":"https://ws.parlament.ch/OData.svc/Transcript(ID=377786L,Language='FR')","uri":"https://ws.parlament.ch/OData.svc/Transcript(ID=377786L,Language='FR')","type":"itsystems.Pd.DataServices.DataModel.Transcript"},"Subjects":{"__deferred":{"uri":"https://ws.parlament.ch/OData.svc/Transcript(ID=377786L,Language='FR')/Subjects"}},"MembersCouncil":{"__deferred":{"uri":"https://ws.parlament.ch/OData.svc/Transcript(ID=377786L,Language='FR')/MembersCouncil"}},"Businesses":{"__deferred":{"uri":"https://ws.parlament.ch/OData.svc/Transcript(ID=377786L,Language='FR')/Businesses"}},"ID":"377786","Language":"FR","IdSubject":"72023","VoteId":null,"PersonNumber":4194,"Type":1,"Text":"<pd_text><p>Dans sa s\u00e9ance des 23 et 24 mars 2026, par 17 voix contre 7 et 1 abstention, la Commission de politique ext\u00e9rieure du Conseil national s'est prononc\u00e9e en faveur de l'approbation de l'accord de libre-\u00e9change entre les \u00c9tats de l'AELE, dont la Suisse, et la Malaisie. Cet accord \u00e9largit le r\u00e9seau de libre-\u00e9change de la Suisse et renforce la comp\u00e9titivit\u00e9 de l'\u00e9conomie suisse sur le march\u00e9 malaisien. Enfin, il r\u00e9duit le risque que la Suisse soit discrimin\u00e9e par rapport aux pays qui ont eux-m\u00eames d\u00e9j\u00e0 conclu des accords de libre-\u00e9change avec la Malaisie.</p>\n<p>L'accord propos\u00e9 ici pr\u00e9voit que 99,9 pour cent des exportations suisses actuelles vers la Malaisie b\u00e9n\u00e9ficieront d'all\u00e8gements tarifaires. Le commerce bilat\u00e9ral Suisse-Malaisie a atteint 2,3 milliards de francs en 2024, faisant de la Malaisie le quatri\u00e8me partenaire commercial de la Suisse dans cette r\u00e9gion, apr\u00e8s Singapour, la Tha\u00eflande et le Vietnam. Les barri\u00e8res non tarifaires au commerce, qu'il s'agisse d'obstacles techniques ou de mesures sanitaires et phytosanitaires seront, elles, r\u00e9duites. Par ailleurs, un tel accord renforcera la s\u00e9curit\u00e9 juridique en mati\u00e8re d'investissements.</p>\n<p>La discussion approfondie en commission a essentiellement port\u00e9 sur les dispositions relatives \u00e0 la durabilit\u00e9 et aux aspects sociaux. Dans ce contexte, votre commission a trait\u00e9 de trois propositions. Premi\u00e8rement, par 16 voix contre 7 et 1 abstention, elle a rejet\u00e9 une proposition qui demandait la suspension de l'examen de cet accord jusqu'\u00e0 ce que l'ordonnance sur les importations d'huile de palme soit disponible. \u00c0 ce sujet, en r\u00e9ponse, lundi dernier, \u00e0 la question de notre coll\u00e8gue Michaud Gigon, le Conseil f\u00e9d\u00e9ral a rappel\u00e9 les r\u00e8gles en vigueur dans ce cadre. Deuxi\u00e8mement, par 17 voix contre 8, votre commission a \u00e9galement rejet\u00e9 une proposition similaire de renvoi au Conseil f\u00e9d\u00e9ral. Une minorit\u00e9 est d\u00e9pos\u00e9e \u00e0 cet effet. Troisi\u00e8mement, par 15 voix contre 8 et 1 abstention, elle a aussi rejet\u00e9 une proposition qui visait \u00e0 introduire, par le biais d'une ordonnance, une disposition relative au travail forc\u00e9, la majorit\u00e9 de votre commission estimant comme le Conseil f\u00e9d\u00e9ral que les trait\u00e9s internationaux dont la Suisse est signataire r\u00e9pondent d\u00e9j\u00e0 \u00e0 cette pr\u00e9occupation. Une minorit\u00e9 est \u00e9galement d\u00e9pos\u00e9e \u00e0 ce sujet.</p>\n<p>La majorit\u00e9 de votre commission consid\u00e8re, en r\u00e9sum\u00e9, que cette proposition d'accord de libre-\u00e9change s'inscrit pleinement dans la politique volontariste d'\u00e9largir le nombre d'accords de ce type afin de soutenir clairement les places de travail et l'\u00e9conomie d'exportation suisse, tout particuli\u00e8rement dans l'actuel cadre g\u00e9opolitique complexe et en constante \u00e9volution. De plus, cet accord compl\u00e8te utilement ceux que la Suisse a d\u00e9j\u00e0 approuv\u00e9s, comme avec l'Inde ou la Tha\u00eflande.</p>\n<p>En conclusion, je vous rappelle que votre commission vous recommande, par 17 voix contre 7 et 1 abstention, d'approuver cet accord de libre-\u00e9change entre les \u00c9tats de l'AELE et la Malaisie.</p>\n</pd_text>","MeetingCouncilAbbreviation":"N","MeetingDate":"20260617","MeetingVerbalixOid":4192,"IdSession":"5214","SpeakerFirstName":"Laurent","SpeakerLastName":"Wehrli","SpeakerFullName":"Wehrli Laurent","SpeakerFunction":"Mit-M","CouncilId":1,"CouncilName":"Conseil national","CantonId":22,"CantonName":"Vaud","CantonAbbreviation":"VD","ParlGroupName":"Groupe lib\u00e9ral-radical","ParlGroupAbbreviation":"RL","SortOrder":9,"Start":"\/Date(1781721989873)\/","End":"\/Date(1781722157871)\/","Function":"*","DisplaySpeaker":true,"LanguageOfText":"FR","Modified":"\/Date(1788444852184)\/","StartTimeWithTimezone":"\/Date(1781721989873+0120)\/","EndTimeWithTimezone":"\/Date(1781722157870+0120)\/","VoteBusinessNumber":null,"VoteBusinessShortNumber":null,"VoteBusinessTitle":null},{"__metadata":{"id":"https://ws.parlament.ch/OData.svc/Transcript(ID=377788L,Language='FR')","uri":"https://ws.parlament.ch/OData.svc/Transcript(ID=377788L,Language='FR')","type":"itsystems.Pd.DataServices.DataModel.Transcript"},"Subjects":{"__deferred":{"uri":"https://ws.parlament.ch/OData.svc/Transcript(ID=377788L,Language='FR')/Subjects"}},"MembersCouncil":{"__deferred":{"uri":"https://ws.parlament.ch/OData.svc/Transcript(ID=377788L,Language='FR')/MembersCouncil"}},"Businesses":{"__deferred":{"uri":"https://ws.parlament.ch/OData.svc/Transcript(ID=377788L,Language='FR')/Businesses"}},"ID":"377788","Language":"FR","IdSubject":"72023","VoteId":null,"PersonNumber":16109,"Type":1,"Text":"<pd_text><p>Je vous donne la position du groupe des Verts.</p>\n<p>Aujourd'hui, notre conseil doit d\u00e9lib\u00e9rer du trait\u00e9 de libre-\u00e9change entre les \u00c9tats de l'AELE et la Malaisie. La culture industrielle du palmier \u00e0 huile menace les for\u00eats tropicales partout autour de la plan\u00e8te. Vu de Suisse, cela peut paraitre lointain, mais il s'agit d'une situation d'une gravit\u00e9 extr\u00eame alors que la crise climatique est majeure et que la biodiversit\u00e9 s'effondre. La situation est dramatique en Malaisie. Depuis 20 ans, le double de la surface de la Suisse, y compris une grande proportion de for\u00eats primaires, a \u00e9t\u00e9 d\u00e9truit - nous parlons de 13 millions d'hectares. En 20 ans, les surfaces de plantation d'huile de palme ont \u00e9t\u00e9 agrandies d'au moins 2 millions d'hectares, soit l'\u00e9quivalent de la moiti\u00e9 de la surface de notre pays. Actuellement, il y a encore 460[NB]000 hectares de for\u00eats primaires qui sont directement menac\u00e9es de d\u00e9boisement.</p>\n<p>En l'absence de droit foncier, les petits exploitants et les populations autochtones sont chass\u00e9s de leurs terres. Je le dis avec force, il n'existe aujourd'hui pas d'huile de palme durable sur le march\u00e9 mondial. Le libre-\u00e9change, en particulier de biens agricoles, n'a augment\u00e9 ni la prosp\u00e9rit\u00e9 ni la qualit\u00e9 de vie. Il ne sert que les int\u00e9r\u00eats \u00e9conomiques des multinationales. J'en veux pour preuve que quatre entreprises de \"trading\" actives \u00e0 Gen\u00e8ve r\u00e9alisent autant de b\u00e9n\u00e9fices que l'ensemble des PIB des 40 pays les plus pauvres de la plan\u00e8te. Pourtant, nous ne disposons d'aucun m\u00e9canisme qui contraint les multinationales \u00e0 assumer et \u00e0 r\u00e9duire les co\u00fbts sociaux et environnementaux qu'ils causent.</p>\n<p>En 2024, la Suisse a fait entrer sur le territoire plus de 17[NB]000 tonnes d'huile de palme en provenance de Malaisie, c'est-\u00e0-dire 25 pour cent de nos importations. En raison de la r\u00e9duction des tarifs douaniers, ces importations pourraient prendre l'ascenseur. Avec des concessions sur 12[NB]500 tonnes, le danger est bien r\u00e9el. L'huile de palme \u00e9tant produite \u00e0 tr\u00e8s bas prix, son importation entra\u00eene une concurrence d\u00e9loyale avec nos huiles v\u00e9g\u00e9tales indig\u00e8nes ou les productions europ\u00e9ennes. Alors qu'en Suisse, nous fixons des normes \u00e9lev\u00e9es en mati\u00e8re de protection de l'environnement, de bien-\u00eatre des animaux et de biodiversit\u00e9, les conditions de production en Malaisie sont en totale contradiction avec nos exigences.</p>\n<p>L'huile de palme se retrouve dans d'innombrables produits de nos supermarch\u00e9s, et je ne parle pas de ceux que nous retrouvons dans nos assiettes. \u00c0 ce jour, il n'existe pas d'obligation de d\u00e9clarer l'huile de palme dans ces produits. Depuis 2016, une telle obligation existe pour les denr\u00e9es alimentaires, mais elle fait cruellement d\u00e9faut pour les cosm\u00e9tiques, les bougies, les peintures ou encore les produits de nettoyage et de lessive.</p>\n<p>Malgr\u00e9 le r\u00e9sultat tr\u00e8s serr\u00e9 du r\u00e9f\u00e9rendum sur l'accord de libre-\u00e9change avec l'Indon\u00e9sie, le Conseil f\u00e9d\u00e9ral n'a pas tir\u00e9 les conclusions minimales qui s'imposent. L'accord soumis au vote ne dispose d'aucun m\u00e9canisme de contr\u00f4le efficace, encore moins de sanctions contraignantes.</p>\n<p>Pourtant, au pays merveilleux de l'huile de palme, les violations des droits de l'homme, du droit du travail, de la protection du climat et de l'environnement ne sont pas l'exception, mais la r\u00e8gle. M\u00eame le standard RSPO minimal, qui s'applique \u00e0 la grande partie des importations suisses, est contr\u00f4l\u00e9 par l'industrie et sa mise en oeuvre pose un probl\u00e8me. En principe, les \u00e9changes commerciaux devraient r\u00e9pondre \u00e0 des exigences sociales et environnementales minimales. Or, le Conseil f\u00e9d\u00e9ral examine actuellement la possibilit\u00e9 de consid\u00e9rer comme \"durable\" toute production d'huile de palme produite l\u00e9galement en Malaisie. La production d'huile de palme issue des monocultures utilise des pesticides toxiques et a recours au travail des enfants et au travail forc\u00e9. Toutefois, l'introduction d'une r\u00e9glementation sur le travail forc\u00e9 et la d\u00e9forestation, au minimum \u00e0 l'instar de la r\u00e9glementation de l'Union europ\u00e9enne, doit \u00eatre un pr\u00e9requis incontournable.</p>\n<p>La durabilit\u00e9 mise en avant dans les accords n'est, \u00e0 nos yeux, que de la poudre aux yeux. Les ravages de cet accord ne s'arr\u00eatent pas \u00e0 l'huile de palme. Il menace aussi directement la souverainet\u00e9 alimentaire et sanitaire de la Malaisie, car cet accord contient une clause qui oblige la Malaisie \u00e0 adh\u00e9rer \u00e0 la Convention internationale pour la protection des obtentions v\u00e9g\u00e9tales (Upov 91). En y adh\u00e9rant, l'\u00e9change libre de semences issues de syst\u00e8mes agricoles locaux serait s\u00e9rieusement entrav\u00e9. Cela signifie que la Suisse met directement en p\u00e9ril le droit \u00e0 l'alimentation et porte une atteinte [PAGE 1354] insupportable aux droits des paysans, comme l'a confirm\u00e9 en 2024 le rapporteur sp\u00e9cial de l'ONU sur ces questions.</p>\n<p>Sur le plan sanitaire enfin, cet accord pourrait avoir de graves r\u00e9percussions pour le peuple de Malaisie. C'est tout simplement l'acc\u00e8s \u00e0 des m\u00e9dicaments abordables qui est menac\u00e9. Pouvons-nous l'accepter[NB]? En effet, diverses dispositions en mati\u00e8re de droit des brevets restreignent la souverainet\u00e9 de la Malaisie sur sa politique de sant\u00e9 publique. Elles profitent d'abord aux multinationales pharmaceutiques en leur permettant de retarder consid\u00e9rablement l'arriv\u00e9e sur le march\u00e9 de traitements plus abordables comme les g\u00e9n\u00e9riques.</p>\n<p>En cons\u00e9quence, nous recommandons au conseil d'adopter la minorit\u00e9 Molina visant le renvoi au Conseil f\u00e9d\u00e9ral, ainsi que la minorit\u00e9 Molina se r\u00e9f\u00e9rant \u00e0 l'article[NB]1a. Sans ces garanties indispensables et raisonnables, nous vous demandons de rejeter cet accord et nous vous informons qu'en cas d'acceptation, nous lancerons un r\u00e9f\u00e9rendum avec l'appui des organisations de la soci\u00e9t\u00e9 civile.</p>\n</pd_text>","MeetingCouncilAbbreviation":"N","MeetingDate":"20260617","MeetingVerbalixOid":4192,"IdSession":"5214","SpeakerFirstName":"Rudi","SpeakerLastName":"Berli","SpeakerFullName":"Berli Rudi","SpeakerFunction":"Mit-M","CouncilId":1,"CouncilName":"Conseil national","CantonId":25,"CantonName":"Gen\u00e8ve","CantonAbbreviation":"GE","ParlGroupName":"Groupe des VERT-E-S","ParlGroupAbbreviation":"G","SortOrder":13,"Start":"\/Date(1781722610876)\/","End":"\/Date(1781722931969)\/","Function":"Mit-M","DisplaySpeaker":true,"LanguageOfText":"FR","Modified":"\/Date(1788444852190)\/","StartTimeWithTimezone":"\/Date(1781722610877+0120)\/","EndTimeWithTimezone":"\/Date(1781722931970+0120)\/","VoteBusinessNumber":null,"VoteBusinessShortNumber":null,"VoteBusinessTitle":null},{"__metadata":{"id":"https://ws.parlament.ch/OData.svc/Transcript(ID=377791L,Language='FR')","uri":"https://ws.parlament.ch/OData.svc/Transcript(ID=377791L,Language='FR')","type":"itsystems.Pd.DataServices.DataModel.Transcript"},"Subjects":{"__deferred":{"uri":"https://ws.parlament.ch/OData.svc/Transcript(ID=377791L,Language='FR')/Subjects"}},"MembersCouncil":{"__deferred":{"uri":"https://ws.parlament.ch/OData.svc/Transcript(ID=377791L,Language='FR')/MembersCouncil"}},"Businesses":{"__deferred":{"uri":"https://ws.parlament.ch/OData.svc/Transcript(ID=377791L,Language='FR')/Businesses"}},"ID":"377791","Language":"FR","IdSubject":"72023","VoteId":null,"PersonNumber":4169,"Type":1,"Text":"<pd_text><p><b>Le pr\u00e9sident</b> (Page Pierre-Andr\u00e9, pr\u00e9sident): Nous traiterons cet objet dans son ensemble aujourd'hui. \u00c0 cette fin, je vous invite \u00e0 faire preuve de concision. Mme Barbara Gysi a d\u00e9pos\u00e9 une motion d'ordre. </p>\n</pd_text>","MeetingCouncilAbbreviation":"N","MeetingDate":"20260617","MeetingVerbalixOid":4192,"IdSession":"5214","SpeakerFirstName":"Pierre-Andr\u00e9","SpeakerLastName":"Page","SpeakerFullName":"Page Pierre-Andr\u00e9","SpeakerFunction":"P-M","CouncilId":1,"CouncilName":"Conseil national","CantonId":10,"CantonName":"Fribourg","CantonAbbreviation":"FR","ParlGroupName":"Groupe de l'Union d\u00e9mocratique du Centre","ParlGroupAbbreviation":"V","SortOrder":1,"Start":"\/Date(1781721393616)\/","End":"\/Date(1781721409095)\/","Function":"P-M","DisplaySpeaker":false,"LanguageOfText":null,"Modified":"\/Date(1788444852174)\/","StartTimeWithTimezone":"\/Date(1781721393617+0120)\/","EndTimeWithTimezone":"\/Date(1781721409097+0120)\/","VoteBusinessNumber":null,"VoteBusinessShortNumber":null,"VoteBusinessTitle":null},{"__metadata":{"id":"https://ws.parlament.ch/OData.svc/Transcript(ID=377794L,Language='FR')","uri":"https://ws.parlament.ch/OData.svc/Transcript(ID=377794L,Language='FR')","type":"itsystems.Pd.DataServices.DataModel.Transcript"},"Subjects":{"__deferred":{"uri":"https://ws.parlament.ch/OData.svc/Transcript(ID=377794L,Language='FR')/Subjects"}},"MembersCouncil":{"__deferred":{"uri":"https://ws.parlament.ch/OData.svc/Transcript(ID=377794L,Language='FR')/MembersCouncil"}},"Businesses":{"__deferred":{"uri":"https://ws.parlament.ch/OData.svc/Transcript(ID=377794L,Language='FR')/Businesses"}},"ID":"377794","Language":"FR","IdSubject":"72023","VoteId":null,"PersonNumber":4169,"Type":1,"Text":"<pd_text><p><b>Le pr\u00e9sident</b> (Page Pierre-Andr\u00e9, pr\u00e9sident): Si l'objet n'est pas trait\u00e9 aujourd'hui, il ne pourra pas \u00eatre soumis au vote final lors de la pr\u00e9sente session.</p>\n</pd_text>","MeetingCouncilAbbreviation":"N","MeetingDate":"20260617","MeetingVerbalixOid":4192,"IdSession":"5214","SpeakerFirstName":"Pierre-Andr\u00e9","SpeakerLastName":"Page","SpeakerFullName":"Page Pierre-Andr\u00e9","SpeakerFunction":"P-M","CouncilId":1,"CouncilName":"Conseil national","CantonId":10,"CantonName":"Fribourg","CantonAbbreviation":"FR","ParlGroupName":"Groupe de l'Union d\u00e9mocratique du Centre","ParlGroupAbbreviation":"V","SortOrder":3,"Start":"\/Date(1781721525275)\/","End":"\/Date(1781721540667)\/","Function":"P-M","DisplaySpeaker":false,"LanguageOfText":null,"Modified":"\/Date(1788444852176)\/","StartTimeWithTimezone":"\/Date(1781721525277+0120)\/","EndTimeWithTimezone":"\/Date(1781721540667+0120)\/","VoteBusinessNumber":null,"VoteBusinessShortNumber":null,"VoteBusinessTitle":null},{"__metadata":{"id":"https://ws.parlament.ch/OData.svc/Transcript(ID=377798L,Language='FR')","uri":"https://ws.parlament.ch/OData.svc/Transcript(ID=377798L,Language='FR')","type":"itsystems.Pd.DataServices.DataModel.Transcript"},"Subjects":{"__deferred":{"uri":"https://ws.parlament.ch/OData.svc/Transcript(ID=377798L,Language='FR')/Subjects"}},"MembersCouncil":{"__deferred":{"uri":"https://ws.parlament.ch/OData.svc/Transcript(ID=377798L,Language='FR')/MembersCouncil"}},"Businesses":{"__deferred":{"uri":"https://ws.parlament.ch/OData.svc/Transcript(ID=377798L,Language='FR')/Businesses"}},"ID":"377798","Language":"FR","IdSubject":"72023","VoteId":null,"PersonNumber":4169,"Type":1,"Text":"<pd_text><p><b>Le pr\u00e9sident</b> (Page Pierre-Andr\u00e9, pr\u00e9sident): Mme Barbara Gysi propose d'interrompre la s\u00e9ance \u00e0 l'heure pr\u00e9vue et de reporter le traitement de l'objet. M.[NB]Gr\u00fcter propose de rejeter la motion d'ordre Gysi Barbara. </p>\n</pd_text>","MeetingCouncilAbbreviation":"N","MeetingDate":"20260617","MeetingVerbalixOid":4192,"IdSession":"5214","SpeakerFirstName":"Pierre-Andr\u00e9","SpeakerLastName":"Page","SpeakerFullName":"Page Pierre-Andr\u00e9","SpeakerFunction":"P-M","CouncilId":1,"CouncilName":"Conseil national","CantonId":10,"CantonName":"Fribourg","CantonAbbreviation":"FR","ParlGroupName":"Groupe de l'Union d\u00e9mocratique du Centre","ParlGroupAbbreviation":"V","SortOrder":5,"Start":"\/Date(1781721577090)\/","End":"\/Date(1781721596154)\/","Function":"P-M","DisplaySpeaker":false,"LanguageOfText":null,"Modified":"\/Date(1788444852178)\/","StartTimeWithTimezone":"\/Date(1781721577090+0120)\/","EndTimeWithTimezone":"\/Date(1781721596153+0120)\/","VoteBusinessNumber":null,"VoteBusinessShortNumber":null,"VoteBusinessTitle":null},{"__metadata":{"id":"https://ws.parlament.ch/OData.svc/Transcript(ID=377800L,Language='FR')","uri":"https://ws.parlament.ch/OData.svc/Transcript(ID=377800L,Language='FR')","type":"itsystems.Pd.DataServices.DataModel.Transcript"},"Subjects":{"__deferred":{"uri":"https://ws.parlament.ch/OData.svc/Transcript(ID=377800L,Language='FR')/Subjects"}},"MembersCouncil":{"__deferred":{"uri":"https://ws.parlament.ch/OData.svc/Transcript(ID=377800L,Language='FR')/MembersCouncil"}},"Businesses":{"__deferred":{"uri":"https://ws.parlament.ch/OData.svc/Transcript(ID=377800L,Language='FR')/Businesses"}},"ID":"377800","Language":"FR","IdSubject":"72023","VoteId":"32730","PersonNumber":null,"Type":2,"Text":"<pd_text><p><i>Abstimmung - Vote </i>[GZ]</p>\n<p>[NAM][GZ]</p>\n<p>F\u00fcr den Ordnungsantrag Gysi Barbara ... 73 Stimmen[GZ]</p>\n<p>Dagegen ... 114 Stimmen[GZ]</p>\n<p>(5 Enthaltungen)</p>\n</pd_text>","MeetingCouncilAbbreviation":"N","MeetingDate":"20260617","MeetingVerbalixOid":4192,"IdSession":"5214","SpeakerFirstName":null,"SpeakerLastName":null,"SpeakerFullName":"","SpeakerFunction":null,"CouncilId":null,"CouncilName":null,"CantonId":null,"CantonName":null,"CantonAbbreviation":null,"ParlGroupName":null,"ParlGroupAbbreviation":null,"SortOrder":6,"Start":"\/Date(1781721596154)\/","End":"\/Date(1781721628217)\/","Function":null,"DisplaySpeaker":null,"LanguageOfText":"DE","Modified":"\/Date(1788444852180)\/","StartTimeWithTimezone":"\/Date(1781721596153+0120)\/","EndTimeWithTimezone":"\/Date(1781721628217+0120)\/","VoteBusinessNumber":20260018,"VoteBusinessShortNumber":"26.018","VoteBusinessTitle":"Accord de partenariat \u00e9conomique\nentre les Etats de l'AELE\net la Malaisie.\nApprobation"},{"__metadata":{"id":"https://ws.parlament.ch/OData.svc/Transcript(ID=377801L,Language='FR')","uri":"https://ws.parlament.ch/OData.svc/Transcript(ID=377801L,Language='FR')","type":"itsystems.Pd.DataServices.DataModel.Transcript"},"Subjects":{"__deferred":{"uri":"https://ws.parlament.ch/OData.svc/Transcript(ID=377801L,Language='FR')/Subjects"}},"MembersCouncil":{"__deferred":{"uri":"https://ws.parlament.ch/OData.svc/Transcript(ID=377801L,Language='FR')/MembersCouncil"}},"Businesses":{"__deferred":{"uri":"https://ws.parlament.ch/OData.svc/Transcript(ID=377801L,Language='FR')/Businesses"}},"ID":"377801","Language":"FR","IdSubject":"72023","VoteId":null,"PersonNumber":1108,"Type":1,"Text":"<pd_text><p>Concernant les contingents qui sont n\u00e9goci\u00e9s, si vous vous fiez \u00e0 ce qui s'est pass\u00e9 avec l'Indon\u00e9sie, Monsieur Molina, les importations avec les nouveaux crit\u00e8res de certification tels qu'ils ont \u00e9t\u00e9 appliqu\u00e9s ont \u00e9t\u00e9 utilis\u00e9es de mani\u00e8re extr\u00eamement mod\u00e9r\u00e9e et bien en dessous de ce qui \u00e9tait pr\u00e9vu. Nous partons du principe que ce sera la m\u00eame chose ici, avec la Malaisie.</p>\n</pd_text>","MeetingCouncilAbbreviation":"N","MeetingDate":"20260617","MeetingVerbalixOid":4192,"IdSession":"5214","SpeakerFirstName":"Guy","SpeakerLastName":"Parmelin","SpeakerFullName":"Parmelin Guy","SpeakerFunction":"BPR-M","CouncilId":99,"CouncilName":"Conseil f\u00e9d\u00e9ral","CantonId":22,"CantonName":"Vaud","CantonAbbreviation":"VD","ParlGroupName":null,"ParlGroupAbbreviation":null,"SortOrder":19,"Start":"\/Date(1781724075610)\/","End":"\/Date(1781724104706)\/","Function":"BPR-M","DisplaySpeaker":true,"LanguageOfText":"FR","Modified":"\/Date(1788444852204)\/","StartTimeWithTimezone":"\/Date(1781724075610+0120)\/","EndTimeWithTimezone":"\/Date(1781724104707+0120)\/","VoteBusinessNumber":null,"VoteBusinessShortNumber":null,"VoteBusinessTitle":null},{"__metadata":{"id":"https://ws.parlament.ch/OData.svc/Transcript(ID=377803L,Language='FR')","uri":"https://ws.parlament.ch/OData.svc/Transcript(ID=377803L,Language='FR')","type":"itsystems.Pd.DataServices.DataModel.Transcript"},"Subjects":{"__deferred":{"uri":"https://ws.parlament.ch/OData.svc/Transcript(ID=377803L,Language='FR')/Subjects"}},"MembersCouncil":{"__deferred":{"uri":"https://ws.parlament.ch/OData.svc/Transcript(ID=377803L,Language='FR')/MembersCouncil"}},"Businesses":{"__deferred":{"uri":"https://ws.parlament.ch/OData.svc/Transcript(ID=377803L,Language='FR')/Businesses"}},"ID":"377803","Language":"FR","IdSubject":"72023","VoteId":null,"PersonNumber":1108,"Type":1,"Text":"<pd_text><p>Je ne vais pas vous pr\u00e9senter \u00e0 nouveau tout le texte de l'accord[NB]; je pars du principe que vous le connaissez. Je vais me concentrer sur les minorit\u00e9s et je ne m'exprimerai pas non plus sur la proposition de la minorit\u00e9 Molina concernant le travail forc\u00e9[NB]; les arguments que j'ai d\u00e9velopp\u00e9s tout \u00e0 l'heure restent les m\u00eames. Je vous demanderai de ne pas suivre cette minorit\u00e9.</p>\n<p>Nous avons conclu avec la Malaisie un des plus ambitieux chapitres sur le commerce et le d\u00e9veloppement durable jamais conclu. Nous y avons int\u00e9gr\u00e9 tous les \u00e9l\u00e9ments de l'approche renforc\u00e9e de l'AELE, y compris les dispositions renforc\u00e9es en mati\u00e8re de standards de travail. Il y a des engagements additionnels sp\u00e9cifiques concernant la s\u00e9curit\u00e9 sociale, la s\u00e9curit\u00e9 et la sant\u00e9 au travail, les salaires et les revenus, le temps de travail, le dialogue social, le tripartisme ainsi qu'un syst\u00e8me d'inspection du travail. En outre, nous avons inclus une clause qui oblige les parties \u00e0 assurer que les proc\u00e9dures administratives et judiciaires soient ouvertes et disponibles pour tous les travailleurs afin de permettre de prendre des mesures efficaces contre d'\u00e9ventuelles violations des droits des travailleurs. Nous avons pu int\u00e9grer l'approche renforc\u00e9e en mati\u00e8re de r\u00e8glement des diff\u00e9rends avec des m\u00e9canismes de consultation bien d\u00e9finis et, en dernier recours, la possibilit\u00e9 de recourir \u00e0 un panel d'experts ind\u00e9pendants charg\u00e9s d'interpr\u00e9ter le droit et de rendre un rapport avec les recommandations publiques concernant le diff\u00e9rend. Nous sommes donc d'avis que l'accord pr\u00e9voit d\u00e9j\u00e0 toutes les mesures n\u00e9cessaires pour rem\u00e9dier efficacement \u00e0 des probl\u00e8mes de mise en oeuvre le cas \u00e9ch\u00e9ant.</p>\n<p>Je r\u00e9ponds d\u00e9j\u00e0 \u00e0 une affirmation de M.[NB]le conseiller national Molina. Ce que vous avez dit \u00e0 la tribune, Monsieur le conseiller national, est faux. Le panel d'experts ne peut pas \u00eatre arr\u00eat\u00e9 unilat\u00e9ralement \u00e0 tout moment[NB]; les deux parties doivent \u00eatre d'accord. Il s'agit d'une disposition standard du r\u00e8glement des diff\u00e9rends. Si le diff\u00e9rend est r\u00e9solu, il est clair qu'il n'y a pas de raison de poursuivre artificiellement avec un panel d'experts, mais ce que vous avez d\u00e9clar\u00e9 \u00e0 la tribune est faux, les deux parties doivent \u00eatre d'accord.</p>\n<p>J'en viens \u00e0 la proposition concernant la protection de la propri\u00e9t\u00e9 intellectuelle. Vous le savez, cela joue un r\u00f4le essentiel pour encourager l'innovation, les investissements dans la recherche et le d\u00e9veloppement de nouveaux m\u00e9dicaments. Soutenir l'innovation contribue \u00e0 la disponibilit\u00e9 des produits m\u00e9dicaux et cela peut jouer un r\u00f4le significatif dans l'am\u00e9lioration de l'acc\u00e8s aux soins de sant\u00e9 et aux droits li\u00e9s \u00e0 la sant\u00e9. En ce qui concerne les pr\u00e9occupations soulev\u00e9es, il faut aussi souligner que les dispositions poursuivies par la Suisse dans les accords de libre-\u00e9change ne restreignent pas l'acc\u00e8s aux m\u00e9dicaments. L'accord avec la Malaisie comprend explicitement une disposition r\u00e9affirmant les flexibilit\u00e9s li\u00e9es aux licences obligatoires telles qu'elles sont consacr\u00e9es dans l'accord sur les aspects des droits de propri\u00e9t\u00e9 intellectuelle qui touchent au commerce et la d\u00e9claration de Doha.</p>\n<p>En ce qui concerne la protection des donn\u00e9es d'essai pour les produits pharmaceutiques, l'accord \u00e9nonce des principes g\u00e9n\u00e9raux tout en laissant les d\u00e9tails de mise en oeuvre \u00e0 la discr\u00e9tion de chaque pays partenaire. Soyez assur\u00e9s que la Suisse accorde une attention particuli\u00e8re dans toutes les n\u00e9gociations aux pr\u00e9occupations du pays partenaire en mati\u00e8re de d\u00e9veloppement et \u00e0 sa l\u00e9gislation nationale. Nous sommes convaincus ainsi que le r\u00e9sultat des n\u00e9gociations n'aura pas d'incidence n\u00e9gative sur l'acc\u00e8s aux soins de sant\u00e9 et aux m\u00e9dicaments en Malaisie, bien au contraire.</p>\n<p>Monsieur Molina, vous avez parl\u00e9 de la Convention Upov 1991. De quoi s'agit-il[NB]? Dans nos n\u00e9gociations d'accords de libre-\u00e9change, nous reconnaissons la l\u00e9gislation nationale et les priorit\u00e9s des pays partenaires qui ne souhaitent pas adh\u00e9rer \u00e0 l'Upov. Cela vaut pour tous les partenaires de n\u00e9gociations de l'AELE. L'approche de l'AELE est illustr\u00e9e par les variations qui existent dans les articles relatifs \u00e0 la protection des obtentions v\u00e9g\u00e9tales dans ses accords de libre-\u00e9change, tels que les accords que nous avons conclus r\u00e9cemment avec l'Inde et la Tha\u00eflande et qui ne contiennent aucune r\u00e9f\u00e9rence \u00e0 l'Upov.</p>\n<p>La r\u00e9f\u00e9rence \u00e0 l'Upov dans le trait\u00e9 avec la Malaisie a \u00e9t\u00e9 \u00e9labor\u00e9e et convenue conjointement par toutes les parties au cours des n\u00e9gociations, en tenant compte de la situation et de la position respective de toutes les parties. \u00c0 cet \u00e9gard, il convient de noter que la Malaisie a poursuivi son processus d'adh\u00e9sion \u00e0 la Convention Upov de 1991. Elle a toujours manifest\u00e9 un vif int\u00e9r\u00eat pour cet objectif. Elle le fait depuis des ann\u00e9es et n'a cess\u00e9 de manifester cet int\u00e9r\u00eat. Elle a r\u00e9affirm\u00e9 publiquement cette position dans une lettre dat\u00e9e du 20 mai 2024 adress\u00e9e au rapporteur sp\u00e9cial des Nations Unies sur le droit \u00e0 l'alimentation, dans laquelle elle a expos\u00e9 les raisons pour lesquelles elle consid\u00e8re l'Upov comme un cadre b\u00e9n\u00e9fique. Le gouvernement malaisien a \u00e9galement clairement indiqu\u00e9 dans cette lettre que son intention d'adh\u00e9rer \u00e0 l'Upov \u00e9tait ant\u00e9rieure \u00e0 toute n\u00e9gociation d'accords de libre-\u00e9change et n'en d\u00e9pendait pas. Il faut aussi rappeler que la Malaisie a d\u00e9j\u00e0 pris un engagement contraignant d'adh\u00e9rer \u00e0 l'Upov dans le cadre de l'Accord de partenariat transpacifique global et progressiste (CPTPP) et a donc exprim\u00e9 son int\u00e9r\u00eat \u00e0 le refl\u00e9ter \u00e9galement dans cet accord avec la Suisse.</p>\n<p>Quelques mots enfin sur l'huile de palme[NB]: vous le savez, nous accordons des contingents tarifaires bilat\u00e9raux d'importation \u00e0 taux r\u00e9duit sans pour autant pr\u00e9voir le libre-\u00e9change. Les r\u00e9ductions tarifaires ont \u00e9t\u00e9 accord\u00e9es en concertation avec les repr\u00e9sentants du secteur concern\u00e9, afin de garantir qu'elles soient supportables pour l'agriculture suisse. L'utilisation des pr\u00e9f\u00e9rences tarifaires pour l'huile de palme et ses d\u00e9riv\u00e9s est conditionn\u00e9e au respect de crit\u00e8res techniques et de durabilit\u00e9 qui ont \u00e9t\u00e9 \u00e9toff\u00e9s et pr\u00e9cis\u00e9s par rapport \u00e0 l'accord de libre-\u00e9change avec l'Indon\u00e9sie. Ces crit\u00e8res, et c'est important, obligent notamment \u00e0 prot\u00e9ger les for\u00eats, les tourbi\u00e8res et les \u00e9cosyst\u00e8mes connexes, \u00e0 mettre fin \u00e0 la d\u00e9forestation, au drainage des tourbi\u00e8res et au d\u00e9frichement par le feu dans la pr\u00e9paration des terres, \u00e0 respecter les droits des travailleurs, y compris les travailleurs migrants, et les droits des communaut\u00e9s locales et autochtones.</p>\n<p>Les conditions techniques ont aussi \u00e9t\u00e9 fix\u00e9es. Les contingents partiels ne pourront \u00eatre utilis\u00e9s, pour l'huile de palme import\u00e9e, que dans des citernes de 22 tonnes. Le but est d'assurer la tra\u00e7abilit\u00e9 des marchandises de l'acheteur suisse jusqu'au producteur d'huile de palme. Les importateurs suisses qui veulent b\u00e9n\u00e9ficier des conditions pr\u00e9f\u00e9rentielles pr\u00e9vues par l'accord devront apporter la preuve que l'huile de palme import\u00e9e au taux r\u00e9duit remplit les conditions techniques et de durabilit\u00e9 fix\u00e9es dans l'accord. Le Conseil f\u00e9d\u00e9ral r\u00e9glera la mise en oeuvre de ces conditions dans une nouvelle ordonnance, sur le mod\u00e8le de l'ordonnance adopt\u00e9e dans le cadre de l'accord de partenariat \u00e9conomique avec l'Indon\u00e9sie. La mise en oeuvre reposera sur l'utilisation des meilleurs syst\u00e8mes de certification de durabilit\u00e9 disponibles. Un examen comparatif des diff\u00e9rents syst\u00e8mes de certification est en cours de r\u00e9alisation par le SECO. Les r\u00e9sultats d\u00e9finitifs ne devraient \u00eatre disponibles qu'en juillet, mais sur la base des r\u00e9sultats interm\u00e9diaires que nous venons de recevoir, les syst\u00e8mes de certification reconnus dans le cadre de l'accord avec l'Indon\u00e9sie continuent d'\u00eatre les meilleurs standards disponibles en 2026. Ils seront vraisemblablement, \u00e0 nouveau, ceux qui figureront dans l'ordonnance de mise en [PAGE 1356] oeuvre pour apporter la preuve de durabilit\u00e9 exig\u00e9e par l'accord avec la Malaisie. </p>\n<p>Pour toutes ces raisons, je vous propose, au nom du Conseil f\u00e9d\u00e9ral, d'entrer en mati\u00e8re et de n'accepter ni la proposition de renvoi de la minorit\u00e9 Molina ni la proposition de minorit\u00e9 Molina \u00e0 l'article[NB]1a.</p>\n</pd_text>","MeetingCouncilAbbreviation":"N","MeetingDate":"20260617","MeetingVerbalixOid":4192,"IdSession":"5214","SpeakerFirstName":"Guy","SpeakerLastName":"Parmelin","SpeakerFullName":"Parmelin Guy","SpeakerFunction":"BPR-M","CouncilId":99,"CouncilName":"Conseil f\u00e9d\u00e9ral","CantonId":22,"CantonName":"Vaud","CantonAbbreviation":"VD","ParlGroupName":null,"ParlGroupAbbreviation":null,"SortOrder":17,"Start":"\/Date(1781723526012)\/","End":"\/Date(1781724038345)\/","Function":"BPR-M","DisplaySpeaker":true,"LanguageOfText":"FR","Modified":"\/Date(1788444852202)\/","StartTimeWithTimezone":"\/Date(1781723526013+0120)\/","EndTimeWithTimezone":"\/Date(1781724038347+0120)\/","VoteBusinessNumber":null,"VoteBusinessShortNumber":null,"VoteBusinessTitle":null},{"__metadata":{"id":"https://ws.parlament.ch/OData.svc/Transcript(ID=377804L,Language='FR')","uri":"https://ws.parlament.ch/OData.svc/Transcript(ID=377804L,Language='FR')","type":"itsystems.Pd.DataServices.DataModel.Transcript"},"Subjects":{"__deferred":{"uri":"https://ws.parlament.ch/OData.svc/Transcript(ID=377804L,Language='FR')/Subjects"}},"MembersCouncil":{"__deferred":{"uri":"https://ws.parlament.ch/OData.svc/Transcript(ID=377804L,Language='FR')/MembersCouncil"}},"Businesses":{"__deferred":{"uri":"https://ws.parlament.ch/OData.svc/Transcript(ID=377804L,Language='FR')/Businesses"}},"ID":"377804","Language":"FR","IdSubject":"72023","VoteId":null,"PersonNumber":1108,"Type":1,"Text":"<pd_text><p>Merci pour la question. Avant d'en arriver au panel d'experts, il y a tous les syst\u00e8mes de comit\u00e9s mixtes, de contr\u00f4les, de discussions. Cet accord nous permet de th\u00e9matiser cela avec la partie adverse, avec le gouvernement malaisien. Si, en dernier recours, il ne devait pas y avoir de r\u00e9ussite ou si on constate qu'on n'arrive pas \u00e0 faire respecter certains standards, alors le panel d'experts est l\u00e0 pour faire cette enqu\u00eate et livrer un rapport public.</p>\n</pd_text>","MeetingCouncilAbbreviation":"N","MeetingDate":"20260617","MeetingVerbalixOid":4192,"IdSession":"5214","SpeakerFirstName":"Guy","SpeakerLastName":"Parmelin","SpeakerFullName":"Parmelin Guy","SpeakerFunction":"BPR-M","CouncilId":99,"CouncilName":"Conseil f\u00e9d\u00e9ral","CantonId":22,"CantonName":"Vaud","CantonAbbreviation":"VD","ParlGroupName":null,"ParlGroupAbbreviation":null,"SortOrder":21,"Start":"\/Date(1781724136281)\/","End":"\/Date(1781724170490)\/","Function":"BPR-M","DisplaySpeaker":true,"LanguageOfText":"FR","Modified":"\/Date(1788444852207)\/","StartTimeWithTimezone":"\/Date(1781724136280+0120)\/","EndTimeWithTimezone":"\/Date(1781724170490+0120)\/","VoteBusinessNumber":null,"VoteBusinessShortNumber":null,"VoteBusinessTitle":null},{"__metadata":{"id":"https://ws.parlament.ch/OData.svc/Transcript(ID=377805L,Language='FR')","uri":"https://ws.parlament.ch/OData.svc/Transcript(ID=377805L,Language='FR')","type":"itsystems.Pd.DataServices.DataModel.Transcript"},"Subjects":{"__deferred":{"uri":"https://ws.parlament.ch/OData.svc/Transcript(ID=377805L,Language='FR')/Subjects"}},"MembersCouncil":{"__deferred":{"uri":"https://ws.parlament.ch/OData.svc/Transcript(ID=377805L,Language='FR')/MembersCouncil"}},"Businesses":{"__deferred":{"uri":"https://ws.parlament.ch/OData.svc/Transcript(ID=377805L,Language='FR')/Businesses"}},"ID":"377805","Language":"FR","IdSubject":"72023","VoteId":null,"PersonNumber":1108,"Type":1,"Text":"<pd_text><p>Madame la conseill\u00e8re nationale, j'ai longuement expliqu\u00e9 ce dont il s'agissait, avec l'Upov. La Malaisie a publiquement fait \u00e9tat qu'elle voulait adh\u00e9rer \u00e0 cette convention. Elle l'a fait dans le cadre du CPTPP et elle a simplement souhait\u00e9 r\u00e9pliquer cela ici, dans l'accord. Ce n'\u00e9tait pas \u00e0 la Suisse de lui dire qu'elle ne le souhaitait pas. C'est clair[NB]: je crois que les \u00c9tats sont ind\u00e9pendants. Quand ils veulent faire quelque chose, si cela ne nous g\u00eane pas, nous acceptons. Nous n'aimerions pas qu'on vienne nous dire, \u00e0 nous, ce qu'on doit faire.</p>\n</pd_text>","MeetingCouncilAbbreviation":"N","MeetingDate":"20260617","MeetingVerbalixOid":4192,"IdSession":"5214","SpeakerFirstName":"Guy","SpeakerLastName":"Parmelin","SpeakerFullName":"Parmelin Guy","SpeakerFunction":"BPR-M","CouncilId":99,"CouncilName":"Conseil f\u00e9d\u00e9ral","CantonId":22,"CantonName":"Vaud","CantonAbbreviation":"VD","ParlGroupName":null,"ParlGroupAbbreviation":null,"SortOrder":23,"Start":"\/Date(1781724236864)\/","End":"\/Date(1781724269225)\/","Function":"BPR-M","DisplaySpeaker":true,"LanguageOfText":"FR","Modified":"\/Date(1788444852209)\/","StartTimeWithTimezone":"\/Date(1781724236863+0120)\/","EndTimeWithTimezone":"\/Date(1781724269227+0120)\/","VoteBusinessNumber":null,"VoteBusinessShortNumber":null,"VoteBusinessTitle":null},{"__metadata":{"id":"https://ws.parlament.ch/OData.svc/Transcript(ID=377808L,Language='FR')","uri":"https://ws.parlament.ch/OData.svc/Transcript(ID=377808L,Language='FR')","type":"itsystems.Pd.DataServices.DataModel.Transcript"},"Subjects":{"__deferred":{"uri":"https://ws.parlament.ch/OData.svc/Transcript(ID=377808L,Language='FR')/Subjects"}},"MembersCouncil":{"__deferred":{"uri":"https://ws.parlament.ch/OData.svc/Transcript(ID=377808L,Language='FR')/MembersCouncil"}},"Businesses":{"__deferred":{"uri":"https://ws.parlament.ch/OData.svc/Transcript(ID=377808L,Language='FR')/Businesses"}},"ID":"377808","Language":"FR","IdSubject":"72023","VoteId":null,"PersonNumber":1108,"Type":1,"Text":"<pd_text><p>Lorsque nous avons fait l'exercice avec l'Indon\u00e9sie, nous n'avions pas encore non plus l'ordonnance. L'ordonnance est venue apr\u00e8s, mais nous avions expliqu\u00e9 quels crit\u00e8res et quels syst\u00e8mes \u00e9taient les plus positifs. Au fur et \u00e0 mesure que la situation \u00e9volue, des analyses sont faites, souvent par le WWF par exemple. Ce qui est important, c'est que les crit\u00e8res soient \u00e9volutifs. Ce n'est pas le syst\u00e8me actuel qui est reconnu par la Malaisie qui est le meilleur crit\u00e8re. Je l'ai dit dans mon intervention, il semble, selon les connaissances que nous avons aujourd'hui, que ce qui est applicable pour l'Indon\u00e9sie reste actuellement le meilleur niveau de protection. Mais il est clair que si entretemps les choses s'am\u00e9liorent, il est toujours possible de prendre ce qui est le meilleur[NB]; c'est ce qui est souhaitable.</p>\n</pd_text>","MeetingCouncilAbbreviation":"N","MeetingDate":"20260617","MeetingVerbalixOid":4192,"IdSession":"5214","SpeakerFirstName":"Guy","SpeakerLastName":"Parmelin","SpeakerFullName":"Parmelin Guy","SpeakerFunction":"BPR-M","CouncilId":99,"CouncilName":"Conseil f\u00e9d\u00e9ral","CantonId":22,"CantonName":"Vaud","CantonAbbreviation":"VD","ParlGroupName":null,"ParlGroupAbbreviation":null,"SortOrder":25,"Start":"\/Date(1781724295648)\/","End":"\/Date(1781724342904)\/","Function":"BPR-M","DisplaySpeaker":true,"LanguageOfText":"FR","Modified":"\/Date(1788444852211)\/","StartTimeWithTimezone":"\/Date(1781724295647+0120)\/","EndTimeWithTimezone":"\/Date(1781724342903+0120)\/","VoteBusinessNumber":null,"VoteBusinessShortNumber":null,"VoteBusinessTitle":null},{"__metadata":{"id":"https://ws.parlament.ch/OData.svc/Transcript(ID=377809L,Language='FR')","uri":"https://ws.parlament.ch/OData.svc/Transcript(ID=377809L,Language='FR')","type":"itsystems.Pd.DataServices.DataModel.Transcript"},"Subjects":{"__deferred":{"uri":"https://ws.parlament.ch/OData.svc/Transcript(ID=377809L,Language='FR')/Subjects"}},"MembersCouncil":{"__deferred":{"uri":"https://ws.parlament.ch/OData.svc/Transcript(ID=377809L,Language='FR')/MembersCouncil"}},"Businesses":{"__deferred":{"uri":"https://ws.parlament.ch/OData.svc/Transcript(ID=377809L,Language='FR')/Businesses"}},"ID":"377809","Language":"FR","IdSubject":"72023","VoteId":null,"PersonNumber":1108,"Type":1,"Text":"<pd_text><p>J'aimerais r\u00e9p\u00e9ter, en ce qui concerne le d\u00e9veloppement durable, que nous avons un accord qui contient un chapitre complet, juridiquement contraignant, en mati\u00e8re de commerce et de d\u00e9veloppement durable. Il contient toutes les dispositions de l'approche mod\u00e8le renforc\u00e9e de la Suisse et des pays de l'AELE. Il a donc ici \u00e9t\u00e9 possible d'avoir un niveau extr\u00eamement \u00e9lev\u00e9 tant au niveau de la protection des droits des travailleurs qu'au niveau de la protection de l'environnement. Ces dispositions vont \u00eatre suivies \u00e9troitement dans le cadre du comit\u00e9 de surveillance qui doit \u00eatre cr\u00e9\u00e9 par cet accord. La soci\u00e9t\u00e9 civile sera associ\u00e9e aux travaux de pr\u00e9paration et de rencontre de ce comit\u00e9. Avec, en plus, le syst\u00e8me de r\u00e8glement des diff\u00e9rends efficace, les consultations d\u00e9taill\u00e9es et le panel d'experts ind\u00e9pendants, je crois qu'on n'a pas fait aussi bien depuis extr\u00eamement longtemps. Pour nous, c'est donc un accord mod\u00e8le renforc\u00e9.</p>\n</pd_text>","MeetingCouncilAbbreviation":"N","MeetingDate":"20260617","MeetingVerbalixOid":4192,"IdSession":"5214","SpeakerFirstName":"Guy","SpeakerLastName":"Parmelin","SpeakerFullName":"Parmelin Guy","SpeakerFunction":"BPR-M","CouncilId":99,"CouncilName":"Conseil f\u00e9d\u00e9ral","CantonId":22,"CantonName":"Vaud","CantonAbbreviation":"VD","ParlGroupName":null,"ParlGroupAbbreviation":null,"SortOrder":31,"Start":"\/Date(1781724530070)\/","End":"\/Date(1781724592189)\/","Function":"BPR-M","DisplaySpeaker":true,"LanguageOfText":"FR","Modified":"\/Date(1788444852218)\/","StartTimeWithTimezone":"\/Date(1781724530070+0120)\/","EndTimeWithTimezone":"\/Date(1781724592190+0120)\/","VoteBusinessNumber":null,"VoteBusinessShortNumber":null,"VoteBusinessTitle":null},{"__metadata":{"id":"https://ws.parlament.ch/OData.svc/Transcript(ID=377810L,Language='FR')","uri":"https://ws.parlament.ch/OData.svc/Transcript(ID=377810L,Language='FR')","type":"itsystems.Pd.DataServices.DataModel.Transcript"},"Subjects":{"__deferred":{"uri":"https://ws.parlament.ch/OData.svc/Transcript(ID=377810L,Language='FR')/Subjects"}},"MembersCouncil":{"__deferred":{"uri":"https://ws.parlament.ch/OData.svc/Transcript(ID=377810L,Language='FR')/MembersCouncil"}},"Businesses":{"__deferred":{"uri":"https://ws.parlament.ch/OData.svc/Transcript(ID=377810L,Language='FR')/Businesses"}},"ID":"377810","Language":"FR","IdSubject":"72023","VoteId":null,"PersonNumber":1108,"Type":1,"Text":"<pd_text><p>Madame la conseill\u00e8re nationale, je ne vais pas refaire le d\u00e9bat pr\u00e9c\u00e9dent. Nous avons expliqu\u00e9 la mani\u00e8re avec laquelle le Conseil f\u00e9d\u00e9ral agit avec le secteur priv\u00e9, avec les r\u00e8gles internationales et comment il essaie de faire en sorte que les entreprises les respectent et soient sensibilis\u00e9es au travail forc\u00e9 et qu'on n'ait pas de produits import\u00e9s issus du travail forc\u00e9. Vous avez cit\u00e9 les \u00c9tats-Unis. C'est int\u00e9ressant, car nous avons clairement expliqu\u00e9 aux \u00c9tats-Unis que notre syst\u00e8me \u00e9tait nettement meilleur et concret, plus efficace que ce que certains autres sont en train de faire. Il est int\u00e9ressant que, de votre c\u00f4t\u00e9 de l'h\u00e9micycle, on cite les \u00c9tats-Unis en exemple.</p>\n</pd_text>","MeetingCouncilAbbreviation":"N","MeetingDate":"20260617","MeetingVerbalixOid":4192,"IdSession":"5214","SpeakerFirstName":"Guy","SpeakerLastName":"Parmelin","SpeakerFullName":"Parmelin Guy","SpeakerFunction":"BPR-M","CouncilId":99,"CouncilName":"Conseil f\u00e9d\u00e9ral","CantonId":22,"CantonName":"Vaud","CantonAbbreviation":"VD","ParlGroupName":null,"ParlGroupAbbreviation":null,"SortOrder":29,"Start":"\/Date(1781724448223)\/","End":"\/Date(1781724494903)\/","Function":"BPR-M","DisplaySpeaker":true,"LanguageOfText":"FR","Modified":"\/Date(1788444852216)\/","StartTimeWithTimezone":"\/Date(1781724448223+0120)\/","EndTimeWithTimezone":"\/Date(1781724494903+0120)\/","VoteBusinessNumber":null,"VoteBusinessShortNumber":null,"VoteBusinessTitle":null},{"__metadata":{"id":"https://ws.parlament.ch/OData.svc/Transcript(ID=377811L,Language='FR')","uri":"https://ws.parlament.ch/OData.svc/Transcript(ID=377811L,Language='FR')","type":"itsystems.Pd.DataServices.DataModel.Transcript"},"Subjects":{"__deferred":{"uri":"https://ws.parlament.ch/OData.svc/Transcript(ID=377811L,Language='FR')/Subjects"}},"MembersCouncil":{"__deferred":{"uri":"https://ws.parlament.ch/OData.svc/Transcript(ID=377811L,Language='FR')/MembersCouncil"}},"Businesses":{"__deferred":{"uri":"https://ws.parlament.ch/OData.svc/Transcript(ID=377811L,Language='FR')/Businesses"}},"ID":"377811","Language":"FR","IdSubject":"72023","VoteId":null,"PersonNumber":1108,"Type":1,"Text":"<pd_text><p>Non, je pense, Madame la conseill\u00e8re nationale, que justement cet accord, comme celui avec l'Indon\u00e9sie, donnera un signal extr\u00eamement clair. On l'a vu pour les industries[NB]: elles ont renonc\u00e9 d'elles-m\u00eames \u00e0 importer de l'huile de palme, et m\u00eame de l'huile de palme durable, parce qu'il n'y avait plus de demande. Ici, avec les crit\u00e8res renforc\u00e9s qui sont pr\u00e9vus, nous sommes persuad\u00e9s que nous irons dans la m\u00eame direction.</p>\n</pd_text>","MeetingCouncilAbbreviation":"N","MeetingDate":"20260617","MeetingVerbalixOid":4192,"IdSession":"5214","SpeakerFirstName":"Guy","SpeakerLastName":"Parmelin","SpeakerFullName":"Parmelin Guy","SpeakerFunction":"BPR-M","CouncilId":99,"CouncilName":"Conseil f\u00e9d\u00e9ral","CantonId":22,"CantonName":"Vaud","CantonAbbreviation":"VD","ParlGroupName":null,"ParlGroupAbbreviation":null,"SortOrder":35,"Start":"\/Date(1781724679213)\/","End":"\/Date(1781724705036)\/","Function":"BPR-M","DisplaySpeaker":true,"LanguageOfText":"FR","Modified":"\/Date(1788444852222)\/","StartTimeWithTimezone":"\/Date(1781724679213+0120)\/","EndTimeWithTimezone":"\/Date(1781724705037+0120)\/","VoteBusinessNumber":null,"VoteBusinessShortNumber":null,"VoteBusinessTitle":null},{"__metadata":{"id":"https://ws.parlament.ch/OData.svc/Transcript(ID=377812L,Language='FR')","uri":"https://ws.parlament.ch/OData.svc/Transcript(ID=377812L,Language='FR')","type":"itsystems.Pd.DataServices.DataModel.Transcript"},"Subjects":{"__deferred":{"uri":"https://ws.parlament.ch/OData.svc/Transcript(ID=377812L,Language='FR')/Subjects"}},"MembersCouncil":{"__deferred":{"uri":"https://ws.parlament.ch/OData.svc/Transcript(ID=377812L,Language='FR')/MembersCouncil"}},"Businesses":{"__deferred":{"uri":"https://ws.parlament.ch/OData.svc/Transcript(ID=377812L,Language='FR')/Businesses"}},"ID":"377812","Language":"FR","IdSubject":"72023","VoteId":null,"PersonNumber":1108,"Type":1,"Text":"<pd_text><p>Monsieur le conseiller national Tschopp, lors du d\u00e9bat pr\u00e9c\u00e9dent, j'ai longuement r\u00e9pondu \u00e0 diff\u00e9rentes questions sur le travail forc\u00e9, expliqu\u00e9 la mani\u00e8re dont la Suisse travaille pour \u00e9viter cet aspect-l\u00e0. Tous les m\u00e9canismes pr\u00e9vus par l'accord nous permettront de th\u00e9matiser ce sujet et d'avoir des discussions jusqu'au niveau du panel d'experts. Si vous n'avez pas d'accord, vous n'avez pas ces moyens non plus. Est-ce que vous voulez concr\u00e8tement avoir quelque chose d'efficace qui nous permette vraiment de peser sur nos interlocuteurs[NB]? Si c'est \u00e7a que vous voulez, vous devez voter cet accord avec les dispositions. Si c'est simplement des d\u00e9clarations d'intention et que vous voulez faire \u00e9chouer l'accord, il faudra assumer, \u00e0 un moment donn\u00e9, le fait qu'on n'aura aucun moyen pour aider les peuples autochtones, les peuples migrants, tel que c'est pr\u00e9vu dans cet accord. Il faut \u00eatre une fois un peu logique.</p>\n</pd_text>","MeetingCouncilAbbreviation":"N","MeetingDate":"20260617","MeetingVerbalixOid":4192,"IdSession":"5214","SpeakerFirstName":"Guy","SpeakerLastName":"Parmelin","SpeakerFullName":"Parmelin Guy","SpeakerFunction":"BPR-M","CouncilId":99,"CouncilName":"Conseil f\u00e9d\u00e9ral","CantonId":22,"CantonName":"Vaud","CantonAbbreviation":"VD","ParlGroupName":null,"ParlGroupAbbreviation":null,"SortOrder":27,"Start":"\/Date(1781724373631)\/","End":"\/Date(1781724425615)\/","Function":"BPR-M","DisplaySpeaker":true,"LanguageOfText":"FR","Modified":"\/Date(1788444852213)\/","StartTimeWithTimezone":"\/Date(1781724373630+0120)\/","EndTimeWithTimezone":"\/Date(1781724425617+0120)\/","VoteBusinessNumber":null,"VoteBusinessShortNumber":null,"VoteBusinessTitle":null},{"__metadata":{"id":"https://ws.parlament.ch/OData.svc/Transcript(ID=377814L,Language='FR')","uri":"https://ws.parlament.ch/OData.svc/Transcript(ID=377814L,Language='FR')","type":"itsystems.Pd.DataServices.DataModel.Transcript"},"Subjects":{"__deferred":{"uri":"https://ws.parlament.ch/OData.svc/Transcript(ID=377814L,Language='FR')/Subjects"}},"MembersCouncil":{"__deferred":{"uri":"https://ws.parlament.ch/OData.svc/Transcript(ID=377814L,Language='FR')/MembersCouncil"}},"Businesses":{"__deferred":{"uri":"https://ws.parlament.ch/OData.svc/Transcript(ID=377814L,Language='FR')/Businesses"}},"ID":"377814","Language":"FR","IdSubject":"72023","VoteId":"32727","PersonNumber":null,"Type":2,"Text":"<pd_text><p><i>Abstimmung - Vote </i>[GZ]</p>\n<p>[NAM][GZ]</p>\n<p>F\u00fcr den Antrag der Minderheit ... 59 Stimmen[GZ]</p>\n<p>Dagegen ... 121 Stimmen[GZ]</p>\n<p>(0 Enthaltungen)</p>\n<p>[VS]</p>\n</pd_text>","MeetingCouncilAbbreviation":"N","MeetingDate":"20260617","MeetingVerbalixOid":4192,"IdSession":"5214","SpeakerFirstName":null,"SpeakerLastName":null,"SpeakerFullName":"","SpeakerFunction":null,"CouncilId":null,"CouncilName":null,"CantonId":null,"CantonName":null,"CantonAbbreviation":null,"ParlGroupName":null,"ParlGroupAbbreviation":null,"SortOrder":43,"Start":"\/Date(1781724975452)\/","End":"\/Date(1781724975452)\/","Function":null,"DisplaySpeaker":null,"LanguageOfText":null,"Modified":"\/Date(1788444852231)\/","StartTimeWithTimezone":"\/Date(1781724975453+0120)\/","EndTimeWithTimezone":"\/Date(1781724975453+0120)\/","VoteBusinessNumber":20260018,"VoteBusinessShortNumber":"26.018","VoteBusinessTitle":"Accord de partenariat \u00e9conomique\nentre les Etats de l'AELE\net la Malaisie.\nApprobation"},{"__metadata":{"id":"https://ws.parlament.ch/OData.svc/Transcript(ID=377815L,Language='FR')","uri":"https://ws.parlament.ch/OData.svc/Transcript(ID=377815L,Language='FR')","type":"itsystems.Pd.DataServices.DataModel.Transcript"},"Subjects":{"__deferred":{"uri":"https://ws.parlament.ch/OData.svc/Transcript(ID=377815L,Language='FR')/Subjects"}},"MembersCouncil":{"__deferred":{"uri":"https://ws.parlament.ch/OData.svc/Transcript(ID=377815L,Language='FR')/MembersCouncil"}},"Businesses":{"__deferred":{"uri":"https://ws.parlament.ch/OData.svc/Transcript(ID=377815L,Language='FR')/Businesses"}},"ID":"377815","Language":"FR","IdSubject":"72023","VoteId":null,"PersonNumber":1108,"Type":1,"Text":"<pd_text><p>Madame la conseill\u00e8re nationale, cet accord pr\u00e9voit des m\u00e9canismes pour pouvoir peser sur la partie adverse. Cet accord qui va \u00eatre sign\u00e9 et mis en oeuvre, je l'esp\u00e8re, contient diff\u00e9rentes mesures qui permettront, pas seulement \u00e0 la Suisse, mais aussi aux \u00c9tats de l'AELE, de surveiller que l'on respecte effectivement les engagements et pas que ce ne soit que du papier. Cet accord vous donne les instruments pour am\u00e9liorer la situation. Sans accord, vous n'aurez pas d'am\u00e9lioration de la situation.</p>\n</pd_text>","MeetingCouncilAbbreviation":"N","MeetingDate":"20260617","MeetingVerbalixOid":4192,"IdSession":"5214","SpeakerFirstName":"Guy","SpeakerLastName":"Parmelin","SpeakerFullName":"Parmelin Guy","SpeakerFunction":"BPR-M","CouncilId":99,"CouncilName":"Conseil f\u00e9d\u00e9ral","CantonId":22,"CantonName":"Vaud","CantonAbbreviation":"VD","ParlGroupName":null,"ParlGroupAbbreviation":null,"SortOrder":37,"Start":"\/Date(1781724732908)\/","End":"\/Date(1781724766541)\/","Function":"BPR-M","DisplaySpeaker":true,"LanguageOfText":"FR","Modified":"\/Date(1788444852224)\/","StartTimeWithTimezone":"\/Date(1781724732907+0120)\/","EndTimeWithTimezone":"\/Date(1781724766540+0120)\/","VoteBusinessNumber":null,"VoteBusinessShortNumber":null,"VoteBusinessTitle":null},{"__metadata":{"id":"https://ws.parlament.ch/OData.svc/Transcript(ID=377816L,Language='FR')","uri":"https://ws.parlament.ch/OData.svc/Transcript(ID=377816L,Language='FR')","type":"itsystems.Pd.DataServices.DataModel.Transcript"},"Subjects":{"__deferred":{"uri":"https://ws.parlament.ch/OData.svc/Transcript(ID=377816L,Language='FR')/Subjects"}},"MembersCouncil":{"__deferred":{"uri":"https://ws.parlament.ch/OData.svc/Transcript(ID=377816L,Language='FR')/MembersCouncil"}},"Businesses":{"__deferred":{"uri":"https://ws.parlament.ch/OData.svc/Transcript(ID=377816L,Language='FR')/Businesses"}},"ID":"377816","Language":"FR","IdSubject":"72023","VoteId":"32728","PersonNumber":null,"Type":2,"Text":"<pd_text><p><i>Abstimmung - Vote </i>[GZ]</p>\n<p>[NAM][GZ]</p>\n<p>F\u00fcr den Antrag der Minderheit ... 61 Stimmen[GZ]</p>\n<p>Dagegen ... 119 Stimmen[GZ]</p>\n<p>(0 Enthaltungen)</p>\n</pd_text>","MeetingCouncilAbbreviation":"N","MeetingDate":"20260617","MeetingVerbalixOid":4192,"IdSession":"5214","SpeakerFirstName":null,"SpeakerLastName":null,"SpeakerFullName":"","SpeakerFunction":null,"CouncilId":null,"CouncilName":null,"CantonId":null,"CantonName":null,"CantonAbbreviation":null,"ParlGroupName":null,"ParlGroupAbbreviation":null,"SortOrder":45,"Start":"\/Date(1781725058057)\/","End":"\/Date(1781725058057)\/","Function":null,"DisplaySpeaker":null,"LanguageOfText":null,"Modified":"\/Date(1788444852233)\/","StartTimeWithTimezone":"\/Date(1781725058057+0120)\/","EndTimeWithTimezone":"\/Date(1781725058057+0120)\/","VoteBusinessNumber":20260018,"VoteBusinessShortNumber":"26.018","VoteBusinessTitle":"Accord de partenariat \u00e9conomique\nentre les Etats de l'AELE\net la Malaisie.\nApprobation"},{"__metadata":{"id":"https://ws.parlament.ch/OData.svc/Transcript(ID=377817L,Language='FR')","uri":"https://ws.parlament.ch/OData.svc/Transcript(ID=377817L,Language='FR')","type":"itsystems.Pd.DataServices.DataModel.Transcript"},"Subjects":{"__deferred":{"uri":"https://ws.parlament.ch/OData.svc/Transcript(ID=377817L,Language='FR')/Subjects"}},"MembersCouncil":{"__deferred":{"uri":"https://ws.parlament.ch/OData.svc/Transcript(ID=377817L,Language='FR')/MembersCouncil"}},"Businesses":{"__deferred":{"uri":"https://ws.parlament.ch/OData.svc/Transcript(ID=377817L,Language='FR')/Businesses"}},"ID":"377817","Language":"FR","IdSubject":"72023","VoteId":"32729","PersonNumber":null,"Type":2,"Text":"<pd_text><p><i>Gesamtabstimmung - Vote sur l'ensemble </i>[GZ]</p>\n<p>[NAM][GZ]</p>\n<p>F\u00fcr Annahme des Entwurfes ... 116 Stimmen [GZ]</p>\n<p>Dagegen ... 59 Stimmen [GZ]</p>\n<p>(5 Enthaltungen)</p>\n</pd_text>","MeetingCouncilAbbreviation":"N","MeetingDate":"20260617","MeetingVerbalixOid":4192,"IdSession":"5214","SpeakerFirstName":null,"SpeakerLastName":null,"SpeakerFullName":"","SpeakerFunction":null,"CouncilId":null,"CouncilName":null,"CantonId":null,"CantonName":null,"CantonAbbreviation":null,"ParlGroupName":null,"ParlGroupAbbreviation":null,"SortOrder":47,"Start":"\/Date(1781725100105)\/","End":"\/Date(1781725100105)\/","Function":null,"DisplaySpeaker":null,"LanguageOfText":null,"Modified":"\/Date(1788444852236)\/","StartTimeWithTimezone":"\/Date(1781725100107+0120)\/","EndTimeWithTimezone":"\/Date(1781725100107+0120)\/","VoteBusinessNumber":20260018,"VoteBusinessShortNumber":"26.018","VoteBusinessTitle":"Accord de partenariat \u00e9conomique\nentre les Etats de l'AELE\net la Malaisie.\nApprobation"},{"__metadata":{"id":"https://ws.parlament.ch/OData.svc/Transcript(ID=377818L,Language='FR')","uri":"https://ws.parlament.ch/OData.svc/Transcript(ID=377818L,Language='FR')","type":"itsystems.Pd.DataServices.DataModel.Transcript"},"Subjects":{"__deferred":{"uri":"https://ws.parlament.ch/OData.svc/Transcript(ID=377818L,Language='FR')/Subjects"}},"MembersCouncil":{"__deferred":{"uri":"https://ws.parlament.ch/OData.svc/Transcript(ID=377818L,Language='FR')/MembersCouncil"}},"Businesses":{"__deferred":{"uri":"https://ws.parlament.ch/OData.svc/Transcript(ID=377818L,Language='FR')/Businesses"}},"ID":"377818","Language":"FR","IdSubject":"72023","VoteId":null,"PersonNumber":1108,"Type":1,"Text":"<pd_text><p>Avant de convoquer le panel d'experts, il faut suivre toute la proc\u00e9dure qui est pr\u00e9vue, puisqu'il y a un comit\u00e9 mixte. Les r\u00e9unions sont pr\u00e9par\u00e9es avec la soci\u00e9t\u00e9 civile. Il faut essayer d'aller sur le terrain pour discuter, mettre en oeuvre ce qui doit l'\u00eatre et pour constater ce qui ne fonctionne pas. Le panel d'experts, c'est l'aspect ultime, mais il est clair que l'accord le pr\u00e9voit. Si l'on n'arrive pas \u00e0 faire respecter certaines choses, il est m\u00eame n\u00e9cessaire \u00e0 ce moment-l\u00e0 d'engager le panel d'experts, mais cela, apr\u00e8s avoir explor\u00e9 toutes les autres pistes. </p>\n</pd_text>","MeetingCouncilAbbreviation":"N","MeetingDate":"20260617","MeetingVerbalixOid":4192,"IdSession":"5214","SpeakerFirstName":"Guy","SpeakerLastName":"Parmelin","SpeakerFullName":"Parmelin Guy","SpeakerFunction":"BPR-M","CouncilId":99,"CouncilName":"Conseil f\u00e9d\u00e9ral","CantonId":22,"CantonName":"Vaud","CantonAbbreviation":"VD","ParlGroupName":null,"ParlGroupAbbreviation":null,"SortOrder":33,"Start":"\/Date(1781724619733)\/","End":"\/Date(1781724651813)\/","Function":"BPR-M","DisplaySpeaker":true,"LanguageOfText":"FR","Modified":"\/Date(1788444852220)\/","StartTimeWithTimezone":"\/Date(1781724619733+0120)\/","EndTimeWithTimezone":"\/Date(1781724651813+0120)\/","VoteBusinessNumber":null,"VoteBusinessShortNumber":null,"VoteBusinessTitle":null},{"__metadata":{"id":"https://ws.parlament.ch/OData.svc/Transcript(ID=377819L,Language='FR')","uri":"https://ws.parlament.ch/OData.svc/Transcript(ID=377819L,Language='FR')","type":"itsystems.Pd.DataServices.DataModel.Transcript"},"Subjects":{"__deferred":{"uri":"https://ws.parlament.ch/OData.svc/Transcript(ID=377819L,Language='FR')/Subjects"}},"MembersCouncil":{"__deferred":{"uri":"https://ws.parlament.ch/OData.svc/Transcript(ID=377819L,Language='FR')/MembersCouncil"}},"Businesses":{"__deferred":{"uri":"https://ws.parlament.ch/OData.svc/Transcript(ID=377819L,Language='FR')/Businesses"}},"ID":"377819","Language":"FR","IdSubject":"72023","VoteId":null,"PersonNumber":10827,"Type":1,"Text":"<pd_text><p>Monsieur le pr\u00e9sident de la Conf\u00e9d\u00e9ration, ma question porte sur le travail forc\u00e9. Nous savons, et les observateurs le disent, que la loi manque certainement de garanties face \u00e0 ce risque de travail forc\u00e9 dans cet accord de partenariat \u00e9conomique avec la Malaisie. Pourquoi, au fond, n'avoir pas saisi l'opportunit\u00e9 de ces n\u00e9gociations pour obtenir des garanties contre le recours au travail forc\u00e9[NB]?</p>\n</pd_text>","MeetingCouncilAbbreviation":"N","MeetingDate":"20260617","MeetingVerbalixOid":4192,"IdSession":"5214","SpeakerFirstName":"Jean","SpeakerLastName":"Tschopp","SpeakerFullName":"Tschopp Jean","SpeakerFunction":"Mit-M","CouncilId":1,"CouncilName":"Conseil national","CantonId":22,"CantonName":"Vaud","CantonAbbreviation":"VD","ParlGroupName":"Groupe socialiste","ParlGroupAbbreviation":"S","SortOrder":26,"Start":"\/Date(1781724345648)\/","End":"\/Date(1781724373631)\/","Function":"Mit-M","DisplaySpeaker":true,"LanguageOfText":"FR","Modified":"\/Date(1788444852212)\/","StartTimeWithTimezone":"\/Date(1781724345647+0120)\/","EndTimeWithTimezone":"\/Date(1781724373630+0120)\/","VoteBusinessNumber":null,"VoteBusinessShortNumber":null,"VoteBusinessTitle":null},{"__metadata":{"id":"https://ws.parlament.ch/OData.svc/Transcript(ID=377821L,Language='FR')","uri":"https://ws.parlament.ch/OData.svc/Transcript(ID=377821L,Language='FR')","type":"itsystems.Pd.DataServices.DataModel.Transcript"},"Subjects":{"__deferred":{"uri":"https://ws.parlament.ch/OData.svc/Transcript(ID=377821L,Language='FR')/Subjects"}},"MembersCouncil":{"__deferred":{"uri":"https://ws.parlament.ch/OData.svc/Transcript(ID=377821L,Language='FR')/MembersCouncil"}},"Businesses":{"__deferred":{"uri":"https://ws.parlament.ch/OData.svc/Transcript(ID=377821L,Language='FR')/Businesses"}},"ID":"377821","Language":"FR","IdSubject":"72023","VoteId":null,"PersonNumber":4255,"Type":1,"Text":"<pd_text><p>Monsieur le pr\u00e9sident de la Conf\u00e9d\u00e9ration, ma question porte sur les conditions de travail. Vous avez \u00e9t\u00e9, disons, assez long sur la th\u00e9matique. Vous savez qu'il y a quelques mois, les experts du Haut-Commissariat aux droits de l'homme ont constat\u00e9 l'exploitation syst\u00e9matique des travailleurs bangladais. Ma question est pr\u00e9cise. Vous dites que le Conseil f\u00e9d\u00e9ral va suivre de pr\u00e8s la question. Pouvez-vous vous engager ici, si le texte est adopt\u00e9, \u00e0 convoquer le panel d'experts sur cette th\u00e9matique[NB]?</p>\n</pd_text>","MeetingCouncilAbbreviation":"N","MeetingDate":"20260617","MeetingVerbalixOid":4192,"IdSession":"5214","SpeakerFirstName":"Christian","SpeakerLastName":"Dandr\u00e8s","SpeakerFullName":"Dandr\u00e8s Christian","SpeakerFunction":"Mit-M","CouncilId":1,"CouncilName":"Conseil national","CantonId":25,"CantonName":"Gen\u00e8ve","CantonAbbreviation":"GE","ParlGroupName":"Groupe socialiste","ParlGroupAbbreviation":"S","SortOrder":32,"Start":"\/Date(1781724592189)\/","End":"\/Date(1781724619733)\/","Function":"Mit-M","DisplaySpeaker":true,"LanguageOfText":"FR","Modified":"\/Date(1788444852219)\/","StartTimeWithTimezone":"\/Date(1781724592190+0120)\/","EndTimeWithTimezone":"\/Date(1781724619733+0120)\/","VoteBusinessNumber":null,"VoteBusinessShortNumber":null,"VoteBusinessTitle":null},{"__metadata":{"id":"https://ws.parlament.ch/OData.svc/Transcript(ID=377822L,Language='FR')","uri":"https://ws.parlament.ch/OData.svc/Transcript(ID=377822L,Language='FR')","type":"itsystems.Pd.DataServices.DataModel.Transcript"},"Subjects":{"__deferred":{"uri":"https://ws.parlament.ch/OData.svc/Transcript(ID=377822L,Language='FR')/Subjects"}},"MembersCouncil":{"__deferred":{"uri":"https://ws.parlament.ch/OData.svc/Transcript(ID=377822L,Language='FR')/MembersCouncil"}},"Businesses":{"__deferred":{"uri":"https://ws.parlament.ch/OData.svc/Transcript(ID=377822L,Language='FR')/Businesses"}},"ID":"377822","Language":"FR","IdSubject":"72023","VoteId":null,"PersonNumber":10829,"Type":1,"Text":"<pd_text><p>Monsieur le pr\u00e9sident de la Conf\u00e9d\u00e9ration, la Malaisie a abrog\u00e9 la Convention no 105 de l'Organisation internationale du travail sur l'abolition du travail forc\u00e9 en 1990. Quelle est l'\u00e9valuation du Conseil f\u00e9d\u00e9ral sur le fait qu'un des partenaires commerciaux de la Suisse pr\u00e9sentant des risques sp\u00e9cifiques ne mette pas en oeuvre un instrument ou des instruments correspondants pour prot\u00e9ger le droit des travailleuses et travailleurs[NB]? Est-ce vraiment exemplaire[NB]?</p>\n</pd_text>","MeetingCouncilAbbreviation":"N","MeetingDate":"20260617","MeetingVerbalixOid":4192,"IdSession":"5214","SpeakerFirstName":"Martine","SpeakerLastName":"Docourt","SpeakerFullName":"Docourt Martine","SpeakerFunction":"Mit-F","CouncilId":1,"CouncilName":"Conseil national","CantonId":24,"CantonName":"Neuch\u00e2tel","CantonAbbreviation":"NE","ParlGroupName":"Groupe socialiste","ParlGroupAbbreviation":"S","SortOrder":36,"Start":"\/Date(1781724705036)\/","End":"\/Date(1781724732908)\/","Function":"Mit-F","DisplaySpeaker":true,"LanguageOfText":"FR","Modified":"\/Date(1788444852223)\/","StartTimeWithTimezone":"\/Date(1781724705037+0120)\/","EndTimeWithTimezone":"\/Date(1781724732907+0120)\/","VoteBusinessNumber":null,"VoteBusinessShortNumber":null,"VoteBusinessTitle":null},{"__metadata":{"id":"https://ws.parlament.ch/OData.svc/Transcript(ID=377823L,Language='FR')","uri":"https://ws.parlament.ch/OData.svc/Transcript(ID=377823L,Language='FR')","type":"itsystems.Pd.DataServices.DataModel.Transcript"},"Subjects":{"__deferred":{"uri":"https://ws.parlament.ch/OData.svc/Transcript(ID=377823L,Language='FR')/Subjects"}},"MembersCouncil":{"__deferred":{"uri":"https://ws.parlament.ch/OData.svc/Transcript(ID=377823L,Language='FR')/MembersCouncil"}},"Businesses":{"__deferred":{"uri":"https://ws.parlament.ch/OData.svc/Transcript(ID=377823L,Language='FR')/Businesses"}},"ID":"377823","Language":"FR","IdSubject":"72023","VoteId":null,"PersonNumber":1108,"Type":1,"Text":"<pd_text><p>Monsieur le conseiller national, avec les mesures que nous prenons pour garantir que cette huile de palme soit produite selon des normes am\u00e9lior\u00e9es selon l'accord mod\u00e8le de l'AELE, je crois que nous faisons un pas en direction de la durabilit\u00e9. L'autre alternative, je le r\u00e9p\u00e8te, Monsieur Berli, c'est ne rien faire, c'est clair. Je ne comprends pas, je dois le dire, que le groupe des Verts souhaite ne rien faire, alors que vous \u00eates les thurif\u00e9raires de la durabilit\u00e9 et que vous avez sous les yeux quelque chose qui vous permet de le faire.</p>\n</pd_text>","MeetingCouncilAbbreviation":"N","MeetingDate":"20260617","MeetingVerbalixOid":4192,"IdSession":"5214","SpeakerFirstName":"Guy","SpeakerLastName":"Parmelin","SpeakerFullName":"Parmelin Guy","SpeakerFunction":"BPR-M","CouncilId":99,"CouncilName":"Conseil f\u00e9d\u00e9ral","CantonId":22,"CantonName":"Vaud","CantonAbbreviation":"VD","ParlGroupName":null,"ParlGroupAbbreviation":null,"SortOrder":39,"Start":"\/Date(1781724794739)\/","End":"\/Date(1781724828164)\/","Function":"BPR-M","DisplaySpeaker":true,"LanguageOfText":"FR","Modified":"\/Date(1788444852226)\/","StartTimeWithTimezone":"\/Date(1781724794740+0120)\/","EndTimeWithTimezone":"\/Date(1781724828163+0120)\/","VoteBusinessNumber":null,"VoteBusinessShortNumber":null,"VoteBusinessTitle":null},{"__metadata":{"id":"https://ws.parlament.ch/OData.svc/Transcript(ID=377824L,Language='FR')","uri":"https://ws.parlament.ch/OData.svc/Transcript(ID=377824L,Language='FR')","type":"itsystems.Pd.DataServices.DataModel.Transcript"},"Subjects":{"__deferred":{"uri":"https://ws.parlament.ch/OData.svc/Transcript(ID=377824L,Language='FR')/Subjects"}},"MembersCouncil":{"__deferred":{"uri":"https://ws.parlament.ch/OData.svc/Transcript(ID=377824L,Language='FR')/MembersCouncil"}},"Businesses":{"__deferred":{"uri":"https://ws.parlament.ch/OData.svc/Transcript(ID=377824L,Language='FR')/Businesses"}},"ID":"377824","Language":"FR","IdSubject":"72023","VoteId":null,"PersonNumber":4162,"Type":1,"Text":"<pd_text><p>Es ist wichtig, dass wir dieses Gesch\u00e4ft betreffend Malaysia noch in dieser Session behandeln. Ich habe geh\u00f6rt, dass sich die Sprecher kurzhalten werden, dass der zeitliche Ablauf \u00fcberschaubar sein wird. Es ist ganz normal, auch in der Privatwirtschaft, dass man mal \u00dcberzeit machen muss. <i>(Unruhe) </i>Wir sind hier nicht gewerkschaftlich organisiert. </p>\n<p>Ich bitte Sie, diesen Ordnungsantrag abzulehnen. Dieses Gesch\u00e4ft ist vorbereitet, und wir k\u00f6nnen es zeitnah durchziehen.</p>\n<p>Lehnen Sie bitte den Ordnungsantrag ab, damit wir das Gesch\u00e4ft noch heute Abend abhandeln k\u00f6nnen. </p>\n</pd_text>","MeetingCouncilAbbreviation":"N","MeetingDate":"20260617","MeetingVerbalixOid":4192,"IdSession":"5214","SpeakerFirstName":"Franz","SpeakerLastName":"Gr\u00fcter","SpeakerFullName":"Gr\u00fcter Franz","SpeakerFunction":"Mit-M","CouncilId":1,"CouncilName":"Conseil national","CantonId":3,"CantonName":"Lucerne","CantonAbbreviation":"LU","ParlGroupName":"Groupe de l'Union d\u00e9mocratique du Centre","ParlGroupAbbreviation":"V","SortOrder":4,"Start":"\/Date(1781721540667)\/","End":"\/Date(1781721577090)\/","Function":"Mit-M","DisplaySpeaker":true,"LanguageOfText":"DE","Modified":"\/Date(1788444852177)\/","StartTimeWithTimezone":"\/Date(1781721540667+0120)\/","EndTimeWithTimezone":"\/Date(1781721577090+0120)\/","VoteBusinessNumber":null,"VoteBusinessShortNumber":null,"VoteBusinessTitle":null},{"__metadata":{"id":"https://ws.parlament.ch/OData.svc/Transcript(ID=377825L,Language='FR')","uri":"https://ws.parlament.ch/OData.svc/Transcript(ID=377825L,Language='FR')","type":"itsystems.Pd.DataServices.DataModel.Transcript"},"Subjects":{"__deferred":{"uri":"https://ws.parlament.ch/OData.svc/Transcript(ID=377825L,Language='FR')/Subjects"}},"MembersCouncil":{"__deferred":{"uri":"https://ws.parlament.ch/OData.svc/Transcript(ID=377825L,Language='FR')/MembersCouncil"}},"Businesses":{"__deferred":{"uri":"https://ws.parlament.ch/OData.svc/Transcript(ID=377825L,Language='FR')/Businesses"}},"ID":"377825","Language":"FR","IdSubject":"72023","VoteId":null,"PersonNumber":1108,"Type":1,"Text":"<pd_text><p>Madame la conseill\u00e8re nationale, au risque de me r\u00e9p\u00e9ter, c'est justement un accord dans lequel nous ne sommes pas seuls. Je rappelle que c'est vous, le Parlement, qui avez mis en oeuvre avec nos partenaires de l'AELE le mod\u00e8le renforc\u00e9 pour am\u00e9liorer la durabilit\u00e9, am\u00e9liorer la lutte contre le travail forc\u00e9, contre l'esclavage, contre les discriminations des travailleurs migrants et des travailleurs indig\u00e8nes. Avec cet accord, nous faisons un pas concret dans votre direction, et pas la Suisse toute seule, mais avec nos partenaires de l'AELE. Encore une fois, s'il n'y a pas d'accord, tous ces instruments et ces moyens nous \u00e9chapperont et cela ne va en tout cas pas am\u00e9liorer la situation.</p>\n</pd_text>","MeetingCouncilAbbreviation":"N","MeetingDate":"20260617","MeetingVerbalixOid":4192,"IdSession":"5214","SpeakerFirstName":"Guy","SpeakerLastName":"Parmelin","SpeakerFullName":"Parmelin Guy","SpeakerFunction":"BPR-M","CouncilId":99,"CouncilName":"Conseil f\u00e9d\u00e9ral","CantonId":22,"CantonName":"Vaud","CantonAbbreviation":"VD","ParlGroupName":null,"ParlGroupAbbreviation":null,"SortOrder":41,"Start":"\/Date(1781724881658)\/","End":"\/Date(1781724928500)\/","Function":"BPR-M","DisplaySpeaker":true,"LanguageOfText":"FR","Modified":"\/Date(1788444852228)\/","StartTimeWithTimezone":"\/Date(1781724881657+0120)\/","EndTimeWithTimezone":"\/Date(1781724928500+0120)\/","VoteBusinessNumber":null,"VoteBusinessShortNumber":null,"VoteBusinessTitle":null},{"__metadata":{"id":"https://ws.parlament.ch/OData.svc/Transcript(ID=377826L,Language='FR')","uri":"https://ws.parlament.ch/OData.svc/Transcript(ID=377826L,Language='FR')","type":"itsystems.Pd.DataServices.DataModel.Transcript"},"Subjects":{"__deferred":{"uri":"https://ws.parlament.ch/OData.svc/Transcript(ID=377826L,Language='FR')/Subjects"}},"MembersCouncil":{"__deferred":{"uri":"https://ws.parlament.ch/OData.svc/Transcript(ID=377826L,Language='FR')/MembersCouncil"}},"Businesses":{"__deferred":{"uri":"https://ws.parlament.ch/OData.svc/Transcript(ID=377826L,Language='FR')/Businesses"}},"ID":"377826","Language":"FR","IdSubject":"72023","VoteId":null,"PersonNumber":16109,"Type":1,"Text":"<pd_text><p>Monsieur le pr\u00e9sident de la Conf\u00e9d\u00e9ration, l'article 104a de la Constitution f\u00e9d\u00e9rale nous engage \u00e0 garantir des relations commerciales qui contribuent \u00e0 un syst\u00e8me alimentaire durable. La Suisse ne produit que 24 pour cent de ses ol\u00e9agineux. Comment un accord qui ne contient pas de m\u00e9canisme de contr\u00f4le, de sanction, ni de certification peut-il contribuer \u00e0 la r\u00e9alisation de l'article 104a de la Constitution[NB]?</p>\n</pd_text>","MeetingCouncilAbbreviation":"N","MeetingDate":"20260617","MeetingVerbalixOid":4192,"IdSession":"5214","SpeakerFirstName":"Rudi","SpeakerLastName":"Berli","SpeakerFullName":"Berli Rudi","SpeakerFunction":"Mit-M","CouncilId":1,"CouncilName":"Conseil national","CantonId":25,"CantonName":"Gen\u00e8ve","CantonAbbreviation":"GE","ParlGroupName":"Groupe des VERT-E-S","ParlGroupAbbreviation":"G","SortOrder":38,"Start":"\/Date(1781724766541)\/","End":"\/Date(1781724794739)\/","Function":"Mit-M","DisplaySpeaker":true,"LanguageOfText":"FR","Modified":"\/Date(1788444852225)\/","StartTimeWithTimezone":"\/Date(1781724766540+0120)\/","EndTimeWithTimezone":"\/Date(1781724794740+0120)\/","VoteBusinessNumber":null,"VoteBusinessShortNumber":null,"VoteBusinessTitle":null},{"__metadata":{"id":"https://ws.parlament.ch/OData.svc/Transcript(ID=377829L,Language='FR')","uri":"https://ws.parlament.ch/OData.svc/Transcript(ID=377829L,Language='FR')","type":"itsystems.Pd.DataServices.DataModel.Transcript"},"Subjects":{"__deferred":{"uri":"https://ws.parlament.ch/OData.svc/Transcript(ID=377829L,Language='FR')/Subjects"}},"MembersCouncil":{"__deferred":{"uri":"https://ws.parlament.ch/OData.svc/Transcript(ID=377829L,Language='FR')/MembersCouncil"}},"Businesses":{"__deferred":{"uri":"https://ws.parlament.ch/OData.svc/Transcript(ID=377829L,Language='FR')/Businesses"}},"ID":"377829","Language":"FR","IdSubject":"72023","VoteId":null,"PersonNumber":4121,"Type":1,"Text":"<pd_text><p>Zuerst einen herzlichen Dank an die Verwaltung respektive die Parlamentsdienste f\u00fcr die rasche Behandlung des Ordnungsantrages. Ich konnte ihn nicht fr\u00fcher einreichen, weil der Pr\u00e4sident erst um etwa 18.10 Uhr gesagt hat, dass er plane, die Sitzung zu verl\u00e4ngern, bis das n\u00e4chste Gesch\u00e4ft beendet sei.</p>\n<p>Wir haben es gerade erlebt: In k\u00fcrzester Zeit mussten die Kommissionssprecher noch die Antr\u00e4ge der Minderheiten begr\u00fcnden. Das ist keine seri\u00f6se Arbeit. Wir sind ein Milizparlament, die Sitzung wurde bis 19 Uhr angesagt. Wir sind aber auch ein Parlament, das gerne diskutiert, und das ist auch gut so. Wir hatten in dieser Session sehr viele Vorlagen, die f\u00fcr viele Emotionen und Diskussionen gesorgt und Fragen aufgeworfen haben. Das ist voll okay, das ist gut so.</p>\n<p>Wenn wir jetzt das n\u00e4chste Gesch\u00e4ft noch durchboxen, dann ist das einfach keine seri\u00f6se Arbeit. Es ist ein Gesch\u00e4ft in der Kategorie[NB]IIIb. Das heisst, alle Fraktionen haben ein Rederecht von f\u00fcnf Minuten. Auch die Kommissionssprecher und der Bundesrat sollen die Vorlage in Ruhe ausf\u00fchren k\u00f6nnen; es gibt ferner Minderheiten. Es ist einfach nicht sinnvoll, wenn wir jetzt dieses Gesch\u00e4ft schnell, schnell noch durchboxen und so \u00fcbermarchen. Verschiedene von uns haben Verpflichtungen nach 19 Uhr. Ich glaube, wir sollten uns auf die Planung verlassen k\u00f6nnen.</p>\n<p>Darum bitte ich Sie, den Ordnungsantrag anzunehmen, dass wir die Sitzung wie geplant um 19 Uhr beenden.</p>\n</pd_text>","MeetingCouncilAbbreviation":"N","MeetingDate":"20260617","MeetingVerbalixOid":4192,"IdSession":"5214","SpeakerFirstName":"Barbara","SpeakerLastName":"Gysi","SpeakerFullName":"Gysi Barbara","SpeakerFunction":"Mit-F","CouncilId":1,"CouncilName":"Conseil national","CantonId":17,"CantonName":"St-Gall","CantonAbbreviation":"SG","ParlGroupName":"Groupe socialiste","ParlGroupAbbreviation":"S","SortOrder":2,"Start":"\/Date(1781721409095)\/","End":"\/Date(1781721525275)\/","Function":"Mit-F","DisplaySpeaker":true,"LanguageOfText":"DE","Modified":"\/Date(1788444852175)\/","StartTimeWithTimezone":"\/Date(1781721409097+0120)\/","EndTimeWithTimezone":"\/Date(1781721525277+0120)\/","VoteBusinessNumber":null,"VoteBusinessShortNumber":null,"VoteBusinessTitle":null},{"__metadata":{"id":"https://ws.parlament.ch/OData.svc/Transcript(ID=377830L,Language='FR')","uri":"https://ws.parlament.ch/OData.svc/Transcript(ID=377830L,Language='FR')","type":"itsystems.Pd.DataServices.DataModel.Transcript"},"Subjects":{"__deferred":{"uri":"https://ws.parlament.ch/OData.svc/Transcript(ID=377830L,Language='FR')/Subjects"}},"MembersCouncil":{"__deferred":{"uri":"https://ws.parlament.ch/OData.svc/Transcript(ID=377830L,Language='FR')/MembersCouncil"}},"Businesses":{"__deferred":{"uri":"https://ws.parlament.ch/OData.svc/Transcript(ID=377830L,Language='FR')/Businesses"}},"ID":"377830","Language":"FR","IdSubject":"72023","VoteId":null,"PersonNumber":4169,"Type":1,"Text":"<pd_text><p><i>Antrag der Mehrheit </i>[GZ]</p>\n<p>Eintreten</p>\n<p>[VS]</p>\n<p><i>Antrag der Minderheit </i>[GZ]</p>\n<p>(Molina, Arslan, Badertscher, Berli Rudi, Fehlmann Rielle, Friedl Claudia, Nussbaumer, Rumy)[GZ]</p>\n<p>R\u00fcckweisung des Gesch\u00e4ftes an den Bundesrat [GZ]</p>\n<p>mit dem Auftrag, Massnahmen vorzusehen, um: [GZ]</p>\n<p>1.[NB]die M\u00f6glichkeit zur Durchsetzung von Verst\u00f6ssen gegen Bestimmungen des Nachhaltigkeitskapitels sicherzustellen; </p>\n<p>2.[NB]sicherzustellen, dass die Bestimmungen zum Schutz des geistigen Eigentums den Zugang zu erschwinglichen Medikamenten in Malaysia nicht einschr\u00e4nken;</p>\n<p>3.[NB]die Auswirkungen des Beitritts Malaysias zur Konvention Upov 1991 auf die Rechte von B\u00e4uerinnen und Bauern sowie auf die Ern\u00e4hrungssouver\u00e4nit\u00e4t zu pr\u00fcfen und gegebenenfalls Ausnahmebestimmungen auszuhandeln.</p>\n<p>[VS]</p>\n<p><i>Proposition de la majorit\u00e9 </i>[GZ]</p>\n<p>Entrer en mati\u00e8re</p>\n<p>[VS]</p>\n<p><i>Proposition de la minorit\u00e9 </i>[GZ]</p>\n<p>(Molina, Arslan, Badertscher, Berli Rudi, Fehlmann Rielle, Friedl Claudia, Nussbaumer, Rumy)[GZ]</p>\n<p>Renvoyer l'objet au Conseil f\u00e9d\u00e9ral [GZ]</p>\n<p>avec mandat de pr\u00e9voir des mesures pour[NB]: [GZ]</p>\n<p>1.[NB]garantir la possibilit\u00e9 de sanctionner les infractions aux dispositions du chapitre sur le d\u00e9veloppement durable[NB];</p>\n<p>2.[NB]garantir que les dispositions relatives \u00e0 la protection de la propri\u00e9t\u00e9 intellectuelle ne limitent pas l'acc\u00e8s \u00e0 des m\u00e9dicaments \u00e0 prix abordables en Malaisie[NB];</p>\n<p>3.[NB]analyser les effets de l'adh\u00e9sion de la Malaisie \u00e0 la Convention Upov 1991 sur les droits des agricultrices et agriculteurs ainsi que sur la souverainet\u00e9 alimentaire et le cas \u00e9ch\u00e9ant de n\u00e9gocier des clauses d\u00e9rogatoires.</p>\n<p>[VS]</p>\n<p><b>Le pr\u00e9sident</b> (Page Pierre-Andr\u00e9, pr\u00e9sident): Nous allons mener un seul d\u00e9bat sur l'entr\u00e9e en mati\u00e8re et la discussion par article. </p>\n</pd_text>","MeetingCouncilAbbreviation":"N","MeetingDate":"20260617","MeetingVerbalixOid":4192,"IdSession":"5214","SpeakerFirstName":"Pierre-Andr\u00e9","SpeakerLastName":"Page","SpeakerFullName":"Page Pierre-Andr\u00e9","SpeakerFunction":"P-M","CouncilId":1,"CouncilName":"Conseil national","CantonId":10,"CantonName":"Fribourg","CantonAbbreviation":"FR","ParlGroupName":"Groupe de l'Union d\u00e9mocratique du Centre","ParlGroupAbbreviation":"V","SortOrder":7,"Start":"\/Date(1781721628217)\/","End":"\/Date(1781721676330)\/","Function":"P-M","DisplaySpeaker":false,"LanguageOfText":null,"Modified":"\/Date(1788444852181)\/","StartTimeWithTimezone":"\/Date(1781721628217+0120)\/","EndTimeWithTimezone":"\/Date(1781721676330+0120)\/","VoteBusinessNumber":null,"VoteBusinessShortNumber":null,"VoteBusinessTitle":null},{"__metadata":{"id":"https://ws.parlament.ch/OData.svc/Transcript(ID=377831L,Language='FR')","uri":"https://ws.parlament.ch/OData.svc/Transcript(ID=377831L,Language='FR')","type":"itsystems.Pd.DataServices.DataModel.Transcript"},"Subjects":{"__deferred":{"uri":"https://ws.parlament.ch/OData.svc/Transcript(ID=377831L,Language='FR')/Subjects"}},"MembersCouncil":{"__deferred":{"uri":"https://ws.parlament.ch/OData.svc/Transcript(ID=377831L,Language='FR')/MembersCouncil"}},"Businesses":{"__deferred":{"uri":"https://ws.parlament.ch/OData.svc/Transcript(ID=377831L,Language='FR')/Businesses"}},"ID":"377831","Language":"FR","IdSubject":"72023","VoteId":null,"PersonNumber":4223,"Type":1,"Text":"<pd_text><p>Ich beantrage Ihnen die R\u00fcckweisung an den Bundesrat mit dem Auftrag, das Freihandelsabkommen mit Malaysia in zentralen Punkten zu \u00fcberarbeiten und durch innerstaatliche Massnahmen zu erg\u00e4nzen. </p>\n<p>Erstens soll sichergestellt werden, dass Verst\u00f6sse gegen die Bestimmungen des Nachhaltigkeitskapitels nicht nur festgehalten, sondern auch wirksam \u00fcberpr\u00fcft und die Bestimmungen durchgesetzt werden k\u00f6nnen. Das im Abkommen vorgesehene Panel of Experts ist ein handelspolitischer R\u00fcckschritt, zumal es im Konfliktfall einfach einseitig aufgel\u00f6st werden kann. Ohne glaubw\u00fcrdige Durchsetzungsmechanismen bleibt dieses Kapitel in der Praxis weitgehend wirkungslos. </p>\n<p>Zweitens d\u00fcrfen die Bestimmungen des Abkommens zum Schutz des geistigen Eigentums den Zugang zu bezahlbaren Medikamenten in Malaysia nicht beeintr\u00e4chtigen. Gerade im Gesundheitsbereich muss gew\u00e4hrleistet bleiben, dass lebenswichtige Arzneimittel f\u00fcr die Bev\u00f6lkerung erschwinglich und zug\u00e4nglich bleiben. Mit den vereinbarten Bestimmungen ist dies leider nicht garantiert. </p>\n<p>Drittens sind die Auswirkungen eines Beitritts Malaysias zum Internationalen \u00dcbereinkommen zum Schutz von Pflanzenz\u00fcchtungen von 1991 sorgf\u00e4ltig zu pr\u00fcfen. Dabei sind insbesondere die Rechte von B\u00e4uerinnen und Bauern, der Zugang zu Saatgut sowie die Ern\u00e4hrungssouver\u00e4nit\u00e4t insgesamt zu wahren. Negative Auswirkungen sind durch entsprechende Massnahmen oder Schutzbestimmungen auszugleichen. </p>\n<p>Die R\u00fcckweisung erlaubt es, ein ausgewogenes und mehrheitsf\u00e4higes Abkommen zu erzielen, das den Handel f\u00f6rdert und dabei soziale und \u00f6kologische Standards einh\u00e4lt. </p>\n<p>Sollten Sie den Antrag der Minderheit auf R\u00fcckweisung ablehnen, beantrage ich Ihnen mit meiner Minderheit bei Artikel 1a ebenfalls - Sie kennen es schon - ein Importverbot f\u00fcr Produkte aus Zwangsarbeit. Zwangsarbeit ist in Malaysia weitverbreitet, mit stark steigender Tendenz, und stellt ein strukturelles Problem des exportorientierten Wirtschaftsmodells dar. \u00dcber 200[NB]000 Menschen sind von moderner Sklaverei betroffen, insbesondere Arbeitsmigrantinnen und -migranten, die h\u00e4ufig in Schuldknechtschaft geraten oder ohne regul\u00e4ren Status unter unmenschlichen Bedingungen arbeiten m\u00fcssen. Auch in zentralen Exportsektoren, die f\u00fcr die Schweiz wichtig sind, wie Palm\u00f6l, Elektronik oder Gummihandschuhe, bestehen dokumentierte F\u00e4lle von Zwangsarbeit, unmenschlichen Arbeitsbedingungen und systematischen Missst\u00e4nden. Vom Freihandelsabkommen profitieren genau diese Produkte durch Zollverg\u00fcnstigungen und k\u00f6nnen dadurch g\u00fcnstiger in die Schweiz exportiert werden. [PAGE 1353] </p>\n<p>Das Abkommen enth\u00e4lt neben allgemeinen Prinzipien keine wirksamen Bestimmungen gegen derart gravierende Arbeitsrechtsverletzungen. Damit beg\u00fcnstigt es dieses menschenunw\u00fcrdige Wirtschaftsmodell, anstatt die Situation zu verbessern, insbesondere auch deshalb, weil andere Staaten bereits handeln: die USA mit Importverboten und die EU mit einer neuen Zwangsarbeitsverordnung, die ab 2027 gilt und Produkte aus Zwangsarbeit konsequent vom Markt ausschliesst.</p>\n<p>Wenn die Schweiz nicht handelt, wird sie zunehmend zum Ausweichmarkt f\u00fcr mit Sklavenarbeit hergestellte Produkte, ger\u00e4t international weiter unter Druck, beg\u00fcnstigt einen unlauteren globalen Wettbewerb zulasten billiger Arbeitskr\u00e4fte und steht letztlich auf der falschen Seite der Geschichte. Ohne wirksame Massnahmen gegen Zwangsarbeit wird nicht nur dieses Abkommen, sondern auch die Schweizer Handelspolitik insgesamt nicht mehr mehrheitsf\u00e4hig sein.</p>\n<p>Ich bitte Sie deshalb, das Gesch\u00e4ft zur\u00fcckzuweisen oder zumindest meinem Minderheitsantrag f\u00fcr ein Importverbot von durch Zwangsarbeit hergestellten Produkten zuzustimmen und so heute wenigstens das Abkommen mehrheitsf\u00e4hig zu machen, damit es in einer sehr wahrscheinlichen Volksabstimmung bestehen kann.</p>\n</pd_text>","MeetingCouncilAbbreviation":"N","MeetingDate":"20260617","MeetingVerbalixOid":4192,"IdSession":"5214","SpeakerFirstName":"Fabian","SpeakerLastName":"Molina","SpeakerFullName":"Molina Fabian","SpeakerFunction":"Mit-M","CouncilId":1,"CouncilName":"Conseil national","CantonId":1,"CantonName":"Zurich","CantonAbbreviation":"ZH","ParlGroupName":"Groupe socialiste","ParlGroupAbbreviation":"S","SortOrder":10,"Start":"\/Date(1781722167353)\/","End":"\/Date(1781722438013)\/","Function":"Mit-M","DisplaySpeaker":true,"LanguageOfText":"DE","Modified":"\/Date(1788444852186)\/","StartTimeWithTimezone":"\/Date(1781722167353+0120)\/","EndTimeWithTimezone":"\/Date(1781722438013+0120)\/","VoteBusinessNumber":null,"VoteBusinessShortNumber":null,"VoteBusinessTitle":null},{"__metadata":{"id":"https://ws.parlament.ch/OData.svc/Transcript(ID=377833L,Language='FR')","uri":"https://ws.parlament.ch/OData.svc/Transcript(ID=377833L,Language='FR')","type":"itsystems.Pd.DataServices.DataModel.Transcript"},"Subjects":{"__deferred":{"uri":"https://ws.parlament.ch/OData.svc/Transcript(ID=377833L,Language='FR')/Subjects"}},"MembersCouncil":{"__deferred":{"uri":"https://ws.parlament.ch/OData.svc/Transcript(ID=377833L,Language='FR')/MembersCouncil"}},"Businesses":{"__deferred":{"uri":"https://ws.parlament.ch/OData.svc/Transcript(ID=377833L,Language='FR')/Businesses"}},"ID":"377833","Language":"FR","IdSubject":"72023","VoteId":null,"PersonNumber":4169,"Type":1,"Text":"<pd_text><p><b>Le pr\u00e9sident</b> (Page Pierre-Andr\u00e9, pr\u00e9sident): Le groupe lib\u00e9ral-radical rejettera toutes les propositions de minorit\u00e9. </p>\n</pd_text>","MeetingCouncilAbbreviation":"N","MeetingDate":"20260617","MeetingVerbalixOid":4192,"IdSession":"5214","SpeakerFirstName":"Pierre-Andr\u00e9","SpeakerLastName":"Page","SpeakerFullName":"Page Pierre-Andr\u00e9","SpeakerFunction":"P-M","CouncilId":1,"CouncilName":"Conseil national","CantonId":10,"CantonName":"Fribourg","CantonAbbreviation":"FR","ParlGroupName":"Groupe de l'Union d\u00e9mocratique du Centre","ParlGroupAbbreviation":"V","SortOrder":11,"Start":"\/Date(1781722438013)\/","End":"\/Date(1781722459860)\/","Function":"P-M","DisplaySpeaker":false,"LanguageOfText":null,"Modified":"\/Date(1788444852187)\/","StartTimeWithTimezone":"\/Date(1781722438013+0120)\/","EndTimeWithTimezone":"\/Date(1781722459860+0120)\/","VoteBusinessNumber":null,"VoteBusinessShortNumber":null,"VoteBusinessTitle":null},{"__metadata":{"id":"https://ws.parlament.ch/OData.svc/Transcript(ID=377835L,Language='FR')","uri":"https://ws.parlament.ch/OData.svc/Transcript(ID=377835L,Language='FR')","type":"itsystems.Pd.DataServices.DataModel.Transcript"},"Subjects":{"__deferred":{"uri":"https://ws.parlament.ch/OData.svc/Transcript(ID=377835L,Language='FR')/Subjects"}},"MembersCouncil":{"__deferred":{"uri":"https://ws.parlament.ch/OData.svc/Transcript(ID=377835L,Language='FR')/MembersCouncil"}},"Businesses":{"__deferred":{"uri":"https://ws.parlament.ch/OData.svc/Transcript(ID=377835L,Language='FR')/Businesses"}},"ID":"377835","Language":"FR","IdSubject":"72023","VoteId":null,"PersonNumber":4223,"Type":1,"Text":"<pd_text><p>Herr Bundespr\u00e4sident, ich habe eine Frage, die die Raps\u00f6lproduzenten in diesem Land vielleicht interessiert. Hat der Bundesrat mit Malaysia vereinbart, dass im Falle der Ausn\u00fctzung des Zollkontingents f\u00fcr Palm\u00f6l auf Antrag Malaysias \u00fcber zus\u00e4tzliche Kontingente, also \u00fcber eine zus\u00e4tzliche Liberalisierung, verhandelt wird?</p>\n</pd_text>","MeetingCouncilAbbreviation":"N","MeetingDate":"20260617","MeetingVerbalixOid":4192,"IdSession":"5214","SpeakerFirstName":"Fabian","SpeakerLastName":"Molina","SpeakerFullName":"Molina Fabian","SpeakerFunction":"Mit-M","CouncilId":1,"CouncilName":"Conseil national","CantonId":1,"CantonName":"Zurich","CantonAbbreviation":"ZH","ParlGroupName":"Groupe socialiste","ParlGroupAbbreviation":"S","SortOrder":18,"Start":"\/Date(1781724049066)\/","End":"\/Date(1781724075610)\/","Function":"Mit-M","DisplaySpeaker":true,"LanguageOfText":"DE","Modified":"\/Date(1788444852203)\/","StartTimeWithTimezone":"\/Date(1781724049067+0120)\/","EndTimeWithTimezone":"\/Date(1781724075610+0120)\/","VoteBusinessNumber":null,"VoteBusinessShortNumber":null,"VoteBusinessTitle":null},{"__metadata":{"id":"https://ws.parlament.ch/OData.svc/Transcript(ID=377836L,Language='FR')","uri":"https://ws.parlament.ch/OData.svc/Transcript(ID=377836L,Language='FR')","type":"itsystems.Pd.DataServices.DataModel.Transcript"},"Subjects":{"__deferred":{"uri":"https://ws.parlament.ch/OData.svc/Transcript(ID=377836L,Language='FR')/Subjects"}},"MembersCouncil":{"__deferred":{"uri":"https://ws.parlament.ch/OData.svc/Transcript(ID=377836L,Language='FR')/MembersCouncil"}},"Businesses":{"__deferred":{"uri":"https://ws.parlament.ch/OData.svc/Transcript(ID=377836L,Language='FR')/Businesses"}},"ID":"377836","Language":"FR","IdSubject":"72023","VoteId":null,"PersonNumber":11506,"Type":1,"Text":"<pd_text><p>Das Wirtschaftspartnerschaftsabkommen mit Malaysia bringt wirtschaftliche Vorteile. Es baut Z\u00f6lle und andere Handelshemmnisse ab und erleichtert Unternehmen auf beiden Seiten den Zugang zu den jeweiligen M\u00e4rkten. Die Schweiz und Malaysia vertiefen damit ihre wirtschaftlichen Beziehungen und schaffen neue M\u00f6glichkeiten f\u00fcr Handel und Investitionen.</p>\n<p>Handelspolitik ist jedoch nie nur Zollpolitik. Hinter jedem Container, der in unseren H\u00e4fen ankommt, stehen Menschen, die etwas produziert haben - unter Bedingungen, f\u00fcr die wir als K\u00e4uferland mitverantwortlich sind. Ein Freihandelsabkommen, das diese Verantwortung ausblendet, ist kein gutes Abkommen, egal, wie attraktiv die Zollvorteile sind.</p>\n<p>In Malaysia leben heute \u00fcber 200[NB]000 Menschen in moderner Sklaverei - Arbeitsmigrantinnen und Arbeitsmigranten, die in den Sektoren arbeiten, aus denen wir unser Palm\u00f6l, unsere Gummihandschuhe und unsere Elektronikteile importieren. Das Freihandelsabkommen, das uns der Bundesrat vorlegt, geht auf dieses Problem mit keinem Wort ein. Bei der Zwangsarbeit schweigt dieses Abkommen. In der Kommission haben wir Antr\u00e4ge gestellt zur Durchsetzung der Nachhaltigkeitsbestimmungen, zu einem gesicherten Zugang zu erschwinglichen Medikamenten, zu einer Analyse der Probleme beim Internationalen \u00dcbereinkommen zum Schutz von Pflanzenz\u00fcchtungen von 1991 und zur Ern\u00e4hrungssouver\u00e4nit\u00e4t. Die b\u00fcrgerliche Mehrheit hat diese Antr\u00e4ge jedoch abgelehnt.</p>\n<p>Auch beim Palm\u00f6lstandard zeigt sich ein R\u00fcckschritt. Beim Abkommen mit Indonesien hatten wir produktspezifische Nachhaltigkeitskriterien erreicht, ein Novum in der Schweizer Handelspolitik. Bei Malaysia st\u00fctzt sich der Bundesrat nun auf den rein malaysischen Malaysian Standard for Sustainable Palm Oil Production. Dieser ist zwar gesetzlich vorgeschrieben, wird aber von niemandem \u00fcberpr\u00fcft. Das ist ein deutlicher R\u00fcckschritt.</p>\n<p>Der entscheidende Punkt ist aber immer noch die Zwangsarbeit. Die Zahl der Menschen in moderner Sklaverei in Malaysia ist seit 2016 um 50 Prozent gestiegen. Arbeitsmigrantinnen und Arbeitsmigranten geraten \u00fcber Vermittlungsgeb\u00fchren in Schuldknechtschaft, verlieren ihre P\u00e4sse, werden eingesch\u00fcchtert, in dokumentierten F\u00e4llen auch k\u00f6rperlich und sexuell missbraucht. Das UNO-Hochkommissariat f\u00fcr Menschenrechte warnte erst vor wenigen Monaten vor der systematischen Ausbeutung von Arbeitsmigrantinnen und Arbeitsmigranten aus Bangladesch in Malaysia.</p>\n<p>F\u00fcr Palm\u00f6l ist Malaysia unser zweitwichtigster Lieferant, und das Abkommen soll die Z\u00f6lle senken. Insbesondere auch auf zertifizierten Plantagen sind 8 von 1000 Besch\u00e4ftigten von Zwangsarbeit betroffen. Die USA belegten deshalb 2020 zwei grosse Palm\u00f6lkonzerne mit einem Importverbot. Bei Elektronik und Maschinen, welche \u00fcber 40 Prozent unserer Importe aus Malaysia ausmachen, erlebten in einer Untersuchung 28 Prozent der befragten Arbeiterinnen und Arbeiter Zwangsarbeit, zum Beispiel bez\u00fcglich unbezahlter L\u00f6hne, illegaler Lohnabz\u00fcge und beschlagnahmter P\u00e4sse. Bei der Produktion von Gummihandschuhen, von denen Malaysia \u00fcber einen Drittel unserer Importe liefert, dokumentierte die Internationale Arbeitsorganisation Passentzug, Einsch\u00fcchterung sowie physische und sexuelle Gewalt.</p>\n<p>Es handelt sich also nicht um Einzelf\u00e4lle, sondern um ein strukturelles Problem in genau jenen Sektoren, die von diesem Abkommen profitieren sollen. Das Abkommen sieht f\u00fcr diese Sektoren Zollvorteile vor, aber keine wirksamen Sanktionen gegen die mehrfach dokumentierten Missst\u00e4nde. </p>\n<p>Die EU hat seit Ende 2024 eine Zwangsarbeitsverordnung in Kraft, die ab 2027 ein unionsweites Verbot f\u00fcr Produkte aus Zwangsarbeit vorsieht. Die USA verf\u00fcgen im Tariff Act seit Jahren \u00fcber vergleichbare Instrumente. Auch das Vereinigte K\u00f6nigreich orientiert sich in diese Richtung. Die Schweiz kennt bislang kein vergleichbares Instrument. Ein Rechtsgutachten, das Public Eye bereits 2020 in Auftrag gegeben hat, zeigt, dass eine solche Verordnung mit dem WTO-Recht vereinbar w\u00e4re. Es handelt sich also um eine Frage des politischen Willens.</p>\n<p>Aus diesen Gr\u00fcnden unterst\u00fctzen wir den Minderheitsantrag Molina f\u00fcr eine Zwangsarbeitsverordnung nach dem Vorbild der EU. Sie w\u00fcrde sicherstellen, dass Produkte aus Zwangsarbeit nicht auf den Schweizer Markt gelangen. Mit der Annahme des Minderheitsantrages w\u00fcrde die Schweiz ein klares Zeichen gegen Zwangsarbeit und f\u00fcr eine verantwortungsvolle Handelspolitik setzen.</p>\n<p>Wird der Antrag abgelehnt, wird die SP-Fraktion dieses Freihandelsabkommen ablehnen und die Unterst\u00fctzung eines Referendums pr\u00fcfen.</p>\n</pd_text>","MeetingCouncilAbbreviation":"N","MeetingDate":"20260617","MeetingVerbalixOid":4192,"IdSession":"5214","SpeakerFirstName":"Farah","SpeakerLastName":"Rumy","SpeakerFullName":"Rumy Farah","SpeakerFunction":"2VP-F","CouncilId":1,"CouncilName":"Conseil national","CantonId":11,"CantonName":"Soleure","CantonAbbreviation":"SO","ParlGroupName":"Groupe socialiste","ParlGroupAbbreviation":"S","SortOrder":14,"Start":"\/Date(1781722941569)\/","End":"\/Date(1781723243808)\/","Function":"Mit-F","DisplaySpeaker":true,"LanguageOfText":"DE","Modified":"\/Date(1788444852194)\/","StartTimeWithTimezone":"\/Date(1781722941570+0120)\/","EndTimeWithTimezone":"\/Date(1781723243807+0120)\/","VoteBusinessNumber":null,"VoteBusinessShortNumber":null,"VoteBusinessTitle":null},{"__metadata":{"id":"https://ws.parlament.ch/OData.svc/Transcript(ID=377838L,Language='FR')","uri":"https://ws.parlament.ch/OData.svc/Transcript(ID=377838L,Language='FR')","type":"itsystems.Pd.DataServices.DataModel.Transcript"},"Subjects":{"__deferred":{"uri":"https://ws.parlament.ch/OData.svc/Transcript(ID=377838L,Language='FR')/Subjects"}},"MembersCouncil":{"__deferred":{"uri":"https://ws.parlament.ch/OData.svc/Transcript(ID=377838L,Language='FR')/MembersCouncil"}},"Businesses":{"__deferred":{"uri":"https://ws.parlament.ch/OData.svc/Transcript(ID=377838L,Language='FR')/Businesses"}},"ID":"377838","Language":"FR","IdSubject":"72023","VoteId":null,"PersonNumber":4236,"Type":1,"Text":"<pd_text><p>Ich kann es vorwegnehmen und mache es kurz: Die SVP-Fraktion steht dem Freihandelsabkommen der EFTA-Staaten mit Malaysia positiv gegen\u00fcber. Mit einem bilateralen Warenhandel von 2,3 Milliarden Franken pro Jahr ist Malaysia nach Singapur, Thailand und Vietnam der viertwichtigste Handelspartner der Schweiz in der Asean-Region. </p>\n<p>Der Abschluss dieses Abkommens schafft optimale Voraussetzungen f\u00fcr die Entwicklung des Schweizer Handels mit Malaysia und unterst\u00fctzt zuk\u00fcnftige Investitionen des Schweizer Privatsektors. Auch in diesem Freihandelsabkommen sind die aktuell g\u00fcltigen Nachhaltigkeitskriterien so gut wie m\u00f6glich ber\u00fccksichtigt worden. Wie beim zuvor diskutierten Freihandelsabkommen mit dem Mercosur ist es nicht unsere prim\u00e4re Aufgabe, mit erhobenem Finger auf Verhandlungspartner in wirtschaftlich aufstrebenden L\u00e4ndern zu zeigen und ihnen allerlei zus\u00e4tzliche Kriterien aufzuzwingen, welche die Nachhaltigkeit vor allem auf dem Papier verbessern und einen B\u00fcrokratie- und Kontrollapparat generieren. Auch diese L\u00e4nder sind bestrebt, die Bev\u00f6lkerung und die Umwelt nach ihren M\u00f6glichkeiten zu sch\u00fctzen und zu unterst\u00fctzen. </p>\n<p>Aus diesen Gr\u00fcnden lehnen wir die beiden Minderheitsantr\u00e4ge Molina ab.</p>\n</pd_text>","MeetingCouncilAbbreviation":"N","MeetingDate":"20260617","MeetingVerbalixOid":4192,"IdSession":"5214","SpeakerFirstName":"Martin","SpeakerLastName":"Haab","SpeakerFullName":"Haab Martin","SpeakerFunction":"Mit-M","CouncilId":1,"CouncilName":"Conseil national","CantonId":1,"CantonName":"Zurich","CantonAbbreviation":"ZH","ParlGroupName":"Groupe de l'Union d\u00e9mocratique du Centre","ParlGroupAbbreviation":"V","SortOrder":15,"Start":"\/Date(1781723255119)\/","End":"\/Date(1781723340012)\/","Function":"Mit-M","DisplaySpeaker":true,"LanguageOfText":"DE","Modified":"\/Date(1788444852196)\/","StartTimeWithTimezone":"\/Date(1781723255120+0120)\/","EndTimeWithTimezone":"\/Date(1781723340013+0120)\/","VoteBusinessNumber":null,"VoteBusinessShortNumber":null,"VoteBusinessTitle":null},{"__metadata":{"id":"https://ws.parlament.ch/OData.svc/Transcript(ID=377839L,Language='FR')","uri":"https://ws.parlament.ch/OData.svc/Transcript(ID=377839L,Language='FR')","type":"itsystems.Pd.DataServices.DataModel.Transcript"},"Subjects":{"__deferred":{"uri":"https://ws.parlament.ch/OData.svc/Transcript(ID=377839L,Language='FR')/Subjects"}},"MembersCouncil":{"__deferred":{"uri":"https://ws.parlament.ch/OData.svc/Transcript(ID=377839L,Language='FR')/MembersCouncil"}},"Businesses":{"__deferred":{"uri":"https://ws.parlament.ch/OData.svc/Transcript(ID=377839L,Language='FR')/Businesses"}},"ID":"377839","Language":"FR","IdSubject":"72023","VoteId":null,"PersonNumber":10822,"Type":1,"Text":"<pd_text><p>Herr Bundespr\u00e4sident, heute entscheidet der Nationalrat \u00fcber die Genehmigung dieses Abkommens. Der Bundesrat hat jedoch bisher nicht offengelegt, welche Nachhaltigkeitszertifikate f\u00fcr Palm\u00f6l anerkannt werden sollen. Wie soll das Parlament einen informierten Entscheid treffen k\u00f6nnen, wenn die konkreten Nachhaltigkeitskriterien des Abkommens, also die Prozess- und Produktionsmethoden, noch nicht bekannt sind?</p>\n</pd_text>","MeetingCouncilAbbreviation":"N","MeetingDate":"20260617","MeetingVerbalixOid":4192,"IdSession":"5214","SpeakerFirstName":"Ursula","SpeakerLastName":"Zybach","SpeakerFullName":"Zybach Ursula","SpeakerFunction":"Mit-F","CouncilId":1,"CouncilName":"Conseil national","CantonId":2,"CantonName":"Berne","CantonAbbreviation":"BE","ParlGroupName":"Groupe socialiste","ParlGroupAbbreviation":"S","SortOrder":24,"Start":"\/Date(1781724269225)\/","End":"\/Date(1781724295648)\/","Function":"Mit-F","DisplaySpeaker":true,"LanguageOfText":"DE","Modified":"\/Date(1788444852210)\/","StartTimeWithTimezone":"\/Date(1781724269227+0120)\/","EndTimeWithTimezone":"\/Date(1781724295647+0120)\/","VoteBusinessNumber":null,"VoteBusinessShortNumber":null,"VoteBusinessTitle":null},{"__metadata":{"id":"https://ws.parlament.ch/OData.svc/Transcript(ID=377840L,Language='FR')","uri":"https://ws.parlament.ch/OData.svc/Transcript(ID=377840L,Language='FR')","type":"itsystems.Pd.DataServices.DataModel.Transcript"},"Subjects":{"__deferred":{"uri":"https://ws.parlament.ch/OData.svc/Transcript(ID=377840L,Language='FR')/Subjects"}},"MembersCouncil":{"__deferred":{"uri":"https://ws.parlament.ch/OData.svc/Transcript(ID=377840L,Language='FR')/MembersCouncil"}},"Businesses":{"__deferred":{"uri":"https://ws.parlament.ch/OData.svc/Transcript(ID=377840L,Language='FR')/Businesses"}},"ID":"377840","Language":"FR","IdSubject":"72023","VoteId":null,"PersonNumber":4040,"Type":1,"Text":"<pd_text><p>Die Mitte-Fraktion ist f\u00fcr Eintreten auf die Vorlage, lehnt die R\u00fcckweisung ab und unterst\u00fctzt das Abkommen. </p>\n<p>Es wurde gesagt: Malaysia ist f\u00fcr die Schweiz ein wichtiger Partner in S\u00fcdostasien. Das Land liegt in einer wirtschaftlich dynamischen Region und verf\u00fcgt \u00fcber ein Wachstumspotenzial, welches f\u00fcr die Schweiz interessant ist. Wir m\u00fcssen unsere wirtschaftlichen Beziehungen breit abst\u00fctzen, das ist uns allen klar, da sind wir uns einig. </p>\n<p>Das Abkommen mit Malaysia verbessert den Zugang zu einem wichtigen Markt. Es reduziert Z\u00f6lle, baut Handelshemmnisse ab, erh\u00f6ht die Rechtssicherheit und schafft bessere Bedingungen f\u00fcr Schweizer Unternehmen. Diese haben das dringend n\u00f6tig.</p>\n<p>Die Mitte-Fraktion lehnt die R\u00fcckweisung der Vorlage ab. Das Abkommen ist das Ergebnis langer Verhandlungen. Die R\u00fcckweisung w\u00fcrde die Vorlage nicht verbessern, sondern verz\u00f6gern und politisch schw\u00e4chen. Wer jetzt zur\u00fcckweist, setzt ein negatives Signal gegen\u00fcber einem wichtigen Partner in einer dynamischen Region und stellt ein ausgewogenes Verhandlungsergebnis unn\u00f6tig infrage.</p>\n<p>Auch den Minderheitsantrag lehnt die Mitte-Fraktion ab. Zus\u00e4tzliche Vorbehalte oder Versch\u00e4rfungen w\u00fcrden das Abkommen belasten und seine Wirkung schw\u00e4chen. Ein internationales Abkommen ist kein innenpolitischer Wunschzettel, den man im Bundesbeschluss nachtr\u00e4glich beliebig erg\u00e4nzen kann. Entscheidend ist, ob das Ergebnis f\u00fcr die Schweiz insgesamt vorteilhaft ist. Aus Sicht der Mitte-Fraktion ist dies klar der Fall.</p>\n<p>Ein wichtiger Punkt betrifft die Nachhaltigkeit. Moderne Freihandelsabkommen m\u00fcssen wirtschaftliche Interessen mit Verantwortung verbinden. Dazu geh\u00f6ren der Umweltschutz, Arbeitsstandards und die nachhaltige Entwicklung. Genau deshalb ist es wichtig festzuhalten: Die Nachhaltigkeit ist im Abkommen enthalten. Das Wirtschaftspartnerschaftsabkommen mit Malaysia verf\u00fcgt \u00fcber Bestimmungen zum[NB]Handel[NB]und[NB]zur[NB]nachhaltigen Entwicklung. Diese Bestimmungen sind nicht nebens\u00e4chlich, sondern Bestandteil des Abkommens. </p>\n<p>In diesem Sinn beantragt die Mitte-Fraktion Eintreten auf die Vorlage, lehnt die R\u00fcckweisung sowie den Minderheitsantrag ab und stimmt dem Abkommen zu.</p>\n</pd_text>","MeetingCouncilAbbreviation":"N","MeetingDate":"20260617","MeetingVerbalixOid":4192,"IdSession":"5214","SpeakerFirstName":"Elisabeth","SpeakerLastName":"Schneider-Schneiter","SpeakerFullName":"Schneider-Schneiter Elisabeth","SpeakerFunction":"Mit-F","CouncilId":1,"CouncilName":"Conseil national","CantonId":13,"CantonName":"B\u00e2le-Campagne","CantonAbbreviation":"BL","ParlGroupName":"Le Groupe du Centre. Le Centre. PEV.","ParlGroupAbbreviation":"M-E","SortOrder":12,"Start":"\/Date(1781722459860)\/","End":"\/Date(1781722600699)\/","Function":"Mit-F","DisplaySpeaker":true,"LanguageOfText":"DE","Modified":"\/Date(1788444852188)\/","StartTimeWithTimezone":"\/Date(1781722459860+0120)\/","EndTimeWithTimezone":"\/Date(1781722600700+0120)\/","VoteBusinessNumber":null,"VoteBusinessShortNumber":null,"VoteBusinessTitle":null},{"__metadata":{"id":"https://ws.parlament.ch/OData.svc/Transcript(ID=377841L,Language='FR')","uri":"https://ws.parlament.ch/OData.svc/Transcript(ID=377841L,Language='FR')","type":"itsystems.Pd.DataServices.DataModel.Transcript"},"Subjects":{"__deferred":{"uri":"https://ws.parlament.ch/OData.svc/Transcript(ID=377841L,Language='FR')/Subjects"}},"MembersCouncil":{"__deferred":{"uri":"https://ws.parlament.ch/OData.svc/Transcript(ID=377841L,Language='FR')/MembersCouncil"}},"Businesses":{"__deferred":{"uri":"https://ws.parlament.ch/OData.svc/Transcript(ID=377841L,Language='FR')/Businesses"}},"ID":"377841","Language":"FR","IdSubject":"72023","VoteId":null,"PersonNumber":17201,"Type":1,"Text":"<pd_text><p>Weltweit f\u00fchren L\u00e4nder Regulierungen zur Bek\u00e4mpfung von Zwangsarbeit ein, insbesondere die EU und die USA; das haben wir heute auch schon geh\u00f6rt. Weshalb verzichtet der Bundesrat auf vergleichbare Massnahmen, obwohl diese verhindern k\u00f6nnten, dass die Schweiz vom Handel mit Produkten aus Zwangsarbeit profitiert?</p>\n</pd_text>","MeetingCouncilAbbreviation":"N","MeetingDate":"20260617","MeetingVerbalixOid":4192,"IdSession":"5214","SpeakerFirstName":"Miriam","SpeakerLastName":"Locher","SpeakerFullName":"Locher Miriam","SpeakerFunction":"Mit-F","CouncilId":1,"CouncilName":"Conseil national","CantonId":13,"CantonName":"B\u00e2le-Campagne","CantonAbbreviation":"BL","ParlGroupName":"Groupe socialiste","ParlGroupAbbreviation":"S","SortOrder":28,"Start":"\/Date(1781724425615)\/","End":"\/Date(1781724448223)\/","Function":"Mit-F","DisplaySpeaker":true,"LanguageOfText":"DE","Modified":"\/Date(1788444852215)\/","StartTimeWithTimezone":"\/Date(1781724425617+0120)\/","EndTimeWithTimezone":"\/Date(1781724448223+0120)\/","VoteBusinessNumber":null,"VoteBusinessShortNumber":null,"VoteBusinessTitle":null},{"__metadata":{"id":"https://ws.parlament.ch/OData.svc/Transcript(ID=377842L,Language='FR')","uri":"https://ws.parlament.ch/OData.svc/Transcript(ID=377842L,Language='FR')","type":"itsystems.Pd.DataServices.DataModel.Transcript"},"Subjects":{"__deferred":{"uri":"https://ws.parlament.ch/OData.svc/Transcript(ID=377842L,Language='FR')/Subjects"}},"MembersCouncil":{"__deferred":{"uri":"https://ws.parlament.ch/OData.svc/Transcript(ID=377842L,Language='FR')/MembersCouncil"}},"Businesses":{"__deferred":{"uri":"https://ws.parlament.ch/OData.svc/Transcript(ID=377842L,Language='FR')/Businesses"}},"ID":"377842","Language":"FR","IdSubject":"72023","VoteId":null,"PersonNumber":4169,"Type":1,"Text":"<pd_text><p><b>Le pr\u00e9sident</b> (Page Pierre-Andr\u00e9, pr\u00e9sident): Les rapporteurs renoncent \u00e0 prendre la parole. </p>\n<p>[VS]</p>\n<p><i>Eintreten wird ohne Gegenantrag beschlossen </i>[GZ]</p>\n<p><i>L'entr\u00e9e en mati\u00e8re est d\u00e9cid\u00e9e sans opposition</i></p>\n<p>[VS]</p>\n<p><b>Le pr\u00e9sident</b> (Page Pierre-Andr\u00e9, pr\u00e9sident): Nous votons sur la proposition de renvoi de la minorit\u00e9 Molina. </p>\n</pd_text>","MeetingCouncilAbbreviation":"N","MeetingDate":"20260617","MeetingVerbalixOid":4192,"IdSession":"5214","SpeakerFirstName":"Pierre-Andr\u00e9","SpeakerLastName":"Page","SpeakerFullName":"Page Pierre-Andr\u00e9","SpeakerFunction":"P-M","CouncilId":1,"CouncilName":"Conseil national","CantonId":10,"CantonName":"Fribourg","CantonAbbreviation":"FR","ParlGroupName":"Groupe de l'Union d\u00e9mocratique du Centre","ParlGroupAbbreviation":"V","SortOrder":42,"Start":"\/Date(1781724928500)\/","End":"\/Date(1781724975452)\/","Function":"P-M","DisplaySpeaker":false,"LanguageOfText":null,"Modified":"\/Date(1788444852229)\/","StartTimeWithTimezone":"\/Date(1781724928500+0120)\/","EndTimeWithTimezone":"\/Date(1781724975453+0120)\/","VoteBusinessNumber":null,"VoteBusinessShortNumber":null,"VoteBusinessTitle":null},{"__metadata":{"id":"https://ws.parlament.ch/OData.svc/Transcript(ID=377843L,Language='FR')","uri":"https://ws.parlament.ch/OData.svc/Transcript(ID=377843L,Language='FR')","type":"itsystems.Pd.DataServices.DataModel.Transcript"},"Subjects":{"__deferred":{"uri":"https://ws.parlament.ch/OData.svc/Transcript(ID=377843L,Language='FR')/Subjects"}},"MembersCouncil":{"__deferred":{"uri":"https://ws.parlament.ch/OData.svc/Transcript(ID=377843L,Language='FR')/MembersCouncil"}},"Businesses":{"__deferred":{"uri":"https://ws.parlament.ch/OData.svc/Transcript(ID=377843L,Language='FR')/Businesses"}},"ID":"377843","Language":"FR","IdSubject":"72023","VoteId":null,"PersonNumber":17401,"Type":1,"Text":"<pd_text><p>Herr Bundespr\u00e4sident, der Bundesrat hat vor Abschluss der Verhandlungen keine umfassende Nachhaltigkeits-Folgenabsch\u00e4tzung durchf\u00fchren lassen. Dabei haben wir es heute auch geh\u00f6rt: Das Abkommen bringt Risiken f\u00fcr die Menschenrechte, f\u00fcr die Arbeitsrechte und f\u00fcr die Umweltstandards mit sich. Da w\u00fcrde mich interessieren, weshalb auf eine solche vorg\u00e4ngige Nachhaltigkeitsanalyse verzichtet wurde. Man k\u00f6nnte so [PAGE 1357] auch Risiken fr\u00fchzeitig identifizieren und besser geeignete Gegenmassnahmen erm\u00f6glichen.</p>\n</pd_text>","MeetingCouncilAbbreviation":"N","MeetingDate":"20260617","MeetingVerbalixOid":4192,"IdSession":"5214","SpeakerFirstName":"Anna-B\u00e9atrice","SpeakerLastName":"Schmaltz","SpeakerFullName":"Schmaltz Anna-B\u00e9atrice","SpeakerFunction":"Mit-F","CouncilId":1,"CouncilName":"Conseil national","CantonId":1,"CantonName":"Zurich","CantonAbbreviation":"ZH","ParlGroupName":"Groupe des VERT-E-S","ParlGroupAbbreviation":"G","SortOrder":30,"Start":"\/Date(1781724494903)\/","End":"\/Date(1781724530070)\/","Function":"Mit-F","DisplaySpeaker":true,"LanguageOfText":"DE","Modified":"\/Date(1788444852217)\/","StartTimeWithTimezone":"\/Date(1781724494903+0120)\/","EndTimeWithTimezone":"\/Date(1781724530070+0120)\/","VoteBusinessNumber":null,"VoteBusinessShortNumber":null,"VoteBusinessTitle":null},{"__metadata":{"id":"https://ws.parlament.ch/OData.svc/Transcript(ID=377844L,Language='FR')","uri":"https://ws.parlament.ch/OData.svc/Transcript(ID=377844L,Language='FR')","type":"itsystems.Pd.DataServices.DataModel.Transcript"},"Subjects":{"__deferred":{"uri":"https://ws.parlament.ch/OData.svc/Transcript(ID=377844L,Language='FR')/Subjects"}},"MembersCouncil":{"__deferred":{"uri":"https://ws.parlament.ch/OData.svc/Transcript(ID=377844L,Language='FR')/MembersCouncil"}},"Businesses":{"__deferred":{"uri":"https://ws.parlament.ch/OData.svc/Transcript(ID=377844L,Language='FR')/Businesses"}},"ID":"377844","Language":"FR","IdSubject":"72023","VoteId":null,"PersonNumber":4298,"Type":1,"Text":"<pd_text><p>2023 waren in Malaysia mehr als 200[NB]000 Menschen von moderner Sklaverei betroffen; das entspricht der Bev\u00f6lkerungszahl der Stadt Genf. Warum hat der Bundesrat nicht die M\u00f6glichkeit ergriffen, konkret etwas gegen diese Situation zu machen? Sie haben ein paar Ausf\u00fchrungen gemacht, aber keine konkreten. Was kann ich vom Bundesrat konkret im Bereich Sklaverei erwarten?</p>\n</pd_text>","MeetingCouncilAbbreviation":"N","MeetingDate":"20260617","MeetingVerbalixOid":4192,"IdSession":"5214","SpeakerFirstName":"Manuela","SpeakerLastName":"Weichelt","SpeakerFullName":"Weichelt Manuela","SpeakerFunction":"Mit-F","CouncilId":1,"CouncilName":"Conseil national","CantonId":9,"CantonName":"Zoug","CantonAbbreviation":"ZG","ParlGroupName":"Groupe des VERT-E-S","ParlGroupAbbreviation":"G","SortOrder":40,"Start":"\/Date(1781724828164)\/","End":"\/Date(1781724872666)\/","Function":"Mit-F","DisplaySpeaker":true,"LanguageOfText":"DE","Modified":"\/Date(1788444852227)\/","StartTimeWithTimezone":"\/Date(1781724828163+0120)\/","EndTimeWithTimezone":"\/Date(1781724872667+0120)\/","VoteBusinessNumber":null,"VoteBusinessShortNumber":null,"VoteBusinessTitle":null},{"__metadata":{"id":"https://ws.parlament.ch/OData.svc/Transcript(ID=377845L,Language='FR')","uri":"https://ws.parlament.ch/OData.svc/Transcript(ID=377845L,Language='FR')","type":"itsystems.Pd.DataServices.DataModel.Transcript"},"Subjects":{"__deferred":{"uri":"https://ws.parlament.ch/OData.svc/Transcript(ID=377845L,Language='FR')/Subjects"}},"MembersCouncil":{"__deferred":{"uri":"https://ws.parlament.ch/OData.svc/Transcript(ID=377845L,Language='FR')/MembersCouncil"}},"Businesses":{"__deferred":{"uri":"https://ws.parlament.ch/OData.svc/Transcript(ID=377845L,Language='FR')/Businesses"}},"ID":"377845","Language":"FR","IdSubject":"72023","VoteId":null,"PersonNumber":4289,"Type":1,"Text":"<pd_text><p>Herr Bundespr\u00e4sident, Ende 2025 warnten Expertinnen und Experten des UN-Hochkommissariats f\u00fcr Menschenrechte vor systematischer Ausbeutung bangladeschischer Arbeitsmigrantinnen und -migranten in Malaysia. Der Bundesrat sagte, dass er die Situation von Nahem verfolgen werde. Konkret: Wird er ein Panel of Experts einberufen? Welche konkreten Massnahmen sind geplant, um die Situation von Nahem zu verfolgen?</p>\n</pd_text>","MeetingCouncilAbbreviation":"N","MeetingDate":"20260617","MeetingVerbalixOid":4192,"IdSession":"5214","SpeakerFirstName":"Meret","SpeakerLastName":"Schneider","SpeakerFullName":"Schneider Meret","SpeakerFunction":"Mit-F","CouncilId":1,"CouncilName":"Conseil national","CantonId":1,"CantonName":"Zurich","CantonAbbreviation":"ZH","ParlGroupName":"Groupe des VERT-E-S","ParlGroupAbbreviation":"G","SortOrder":20,"Start":"\/Date(1781724104706)\/","End":"\/Date(1781724136281)\/","Function":"Mit-F","DisplaySpeaker":true,"LanguageOfText":"DE","Modified":"\/Date(1788444852206)\/","StartTimeWithTimezone":"\/Date(1781724104707+0120)\/","EndTimeWithTimezone":"\/Date(1781724136280+0120)\/","VoteBusinessNumber":null,"VoteBusinessShortNumber":null,"VoteBusinessTitle":null},{"__metadata":{"id":"https://ws.parlament.ch/OData.svc/Transcript(ID=377846L,Language='FR')","uri":"https://ws.parlament.ch/OData.svc/Transcript(ID=377846L,Language='FR')","type":"itsystems.Pd.DataServices.DataModel.Transcript"},"Subjects":{"__deferred":{"uri":"https://ws.parlament.ch/OData.svc/Transcript(ID=377846L,Language='FR')/Subjects"}},"MembersCouncil":{"__deferred":{"uri":"https://ws.parlament.ch/OData.svc/Transcript(ID=377846L,Language='FR')/MembersCouncil"}},"Businesses":{"__deferred":{"uri":"https://ws.parlament.ch/OData.svc/Transcript(ID=377846L,Language='FR')/Businesses"}},"ID":"377846","Language":"FR","IdSubject":"72023","VoteId":null,"PersonNumber":4267,"Type":1,"Text":"<pd_text><p>Die Schweiz ist stark mit der Welt vernetzt, und unser Wohlstand, das wissen wir alle, h\u00e4ngt wesentlich damit zusammen, dass wir mit Partnerinnen und Partnern auf der ganzen Welt verl\u00e4ssliche wirtschaftliche Beziehungen pflegen und unseren Unternehmen Zugang zu internationalen M\u00e4rkten geben. Geopolitisch, das wissen wir auch, ist es schwieriger geworden. Es wird mit Z\u00f6llen gedroht, pl\u00f6tzliche politische Richtungswechsel begleiten uns, begleiten den Alltag unserer Unternehmen.</p>\n<p>Gerade in einer solchen geopolitischen Situation ist es wichtig, Alternativen zu haben, andere Partner zu finden, andere M\u00e4rkte zu erschliessen. Malaysia ist in diesem Zusammenhang ein m\u00f6gliches Partnerland. Das Land geh\u00f6rt zu den dynamischsten Volkswirtschaften S\u00fcdostasiens und nimmt in einer wirtschaftlich bedeutenden Region eine wichtige Rolle ein. S\u00fcdostasien gewinnt auch f\u00fcr Schweizer Unternehmen weiter an Bedeutung. </p>\n<p>Dieses Abkommen schafft verl\u00e4sslichere Rahmenbedingungen, verbessert den Marktzugang und er\u00f6ffnet neue M\u00f6glichkeiten f\u00fcr unsere Unternehmen, f\u00fcr Arbeitspl\u00e4tze und f\u00fcr die wirtschaftliche Handlungsf\u00e4higkeit unseres Landes. Das Abkommen enth\u00e4lt Bestimmungen zur nachhaltigen Entwicklung, zu fundamentalen Arbeitnehmerrechten und auch zum Verbot von Zwangsarbeit. Das l\u00f6st nicht alle Umwelt- [PAGE 1355] und Menschenrechtsprobleme; das sollten wir auch nicht behaupten. Aber es ist ein konkreter Fortschritt, den wir anerkennen sollten.</p>\n<p>Die Alternative zu einem Abkommen ist nicht automatisch weniger Handel und mehr Nachhaltigkeit. Oft findet Handel ohnehin statt, einfach mit anderen M\u00e4rkten und ohne zus\u00e4tzliche Regeln, ohne institutionalisierte Zusammenarbeit und ohne Hebel zur Verbesserung. Ja, wer sich zur\u00fcckzieht, hat potenziell auch weniger Einfluss. Wer verl\u00e4ssliche Handelsbeziehungen schafft, kann hingegen Nachhaltigkeit st\u00e4rker einfordern, den Dialog verbindlich f\u00fchren und Standards Schritt f\u00fcr Schritt verbessern. Wer die internationalen Standards st\u00e4rken will, erreicht wahrscheinlich mehr durch verbindliche Abkommen als durch Isolation.</p>\n<p>F\u00fcr die GLP-Fraktion ist klar: Aussenhandel ist f\u00fcr die Schweiz keine Nebensache. Es ist eine Grundlage unseres Wohlstands.</p>\n<p>Wir unterst\u00fctzen das Freihandelsabkommen und folgen \u00fcberall der Mehrheit.</p>\n</pd_text>","MeetingCouncilAbbreviation":"N","MeetingDate":"20260617","MeetingVerbalixOid":4192,"IdSession":"5214","SpeakerFirstName":"Corina","SpeakerLastName":"Gredig","SpeakerFullName":"Gredig Corina","SpeakerFunction":"Mit-F","CouncilId":1,"CouncilName":"Conseil national","CantonId":1,"CantonName":"Zurich","CantonAbbreviation":"ZH","ParlGroupName":"Groupe vert'lib\u00e9ral","ParlGroupAbbreviation":"GL","SortOrder":16,"Start":"\/Date(1781723346436)\/","End":"\/Date(1781723520004)\/","Function":"Mit-F","DisplaySpeaker":true,"LanguageOfText":"DE","Modified":"\/Date(1788444852197)\/","StartTimeWithTimezone":"\/Date(1781723346437+0120)\/","EndTimeWithTimezone":"\/Date(1781723520003+0120)\/","VoteBusinessNumber":null,"VoteBusinessShortNumber":null,"VoteBusinessTitle":null},{"__metadata":{"id":"https://ws.parlament.ch/OData.svc/Transcript(ID=377847L,Language='FR')","uri":"https://ws.parlament.ch/OData.svc/Transcript(ID=377847L,Language='FR')","type":"itsystems.Pd.DataServices.DataModel.Transcript"},"Subjects":{"__deferred":{"uri":"https://ws.parlament.ch/OData.svc/Transcript(ID=377847L,Language='FR')/Subjects"}},"MembersCouncil":{"__deferred":{"uri":"https://ws.parlament.ch/OData.svc/Transcript(ID=377847L,Language='FR')/MembersCouncil"}},"Businesses":{"__deferred":{"uri":"https://ws.parlament.ch/OData.svc/Transcript(ID=377847L,Language='FR')/Businesses"}},"ID":"377847","Language":"FR","IdSubject":"72023","VoteId":null,"PersonNumber":4288,"Type":1,"Text":"<pd_text><p>Sehr geehrter Herr Bundespr\u00e4sident, die Fl\u00e4che der \u00d6lpalmenplantagen nimmt weiter zu; im Jahr 2025 ist sie um 88[NB]000 Hektar gewachsen. Wir wissen, wo die \u00d6lpalmen angebaut werden. Halten Sie Zollsenkungen f\u00fcr Palm\u00f6l im Jahr 2026 noch f\u00fcr zeitgem\u00e4ss?</p>\n</pd_text>","MeetingCouncilAbbreviation":"N","MeetingDate":"20260617","MeetingVerbalixOid":4192,"IdSession":"5214","SpeakerFirstName":"Marionna","SpeakerLastName":"Schlatter","SpeakerFullName":"Schlatter Marionna","SpeakerFunction":"Mit-F","CouncilId":1,"CouncilName":"Conseil national","CantonId":1,"CantonName":"Zurich","CantonAbbreviation":"ZH","ParlGroupName":"Groupe des VERT-E-S","ParlGroupAbbreviation":"G","SortOrder":34,"Start":"\/Date(1781724651813)\/","End":"\/Date(1781724679213)\/","Function":"Mit-F","DisplaySpeaker":true,"LanguageOfText":"DE","Modified":"\/Date(1788444852221)\/","StartTimeWithTimezone":"\/Date(1781724651813+0120)\/","EndTimeWithTimezone":"\/Date(1781724679213+0120)\/","VoteBusinessNumber":null,"VoteBusinessShortNumber":null,"VoteBusinessTitle":null},{"__metadata":{"id":"https://ws.parlament.ch/OData.svc/Transcript(ID=377848L,Language='FR')","uri":"https://ws.parlament.ch/OData.svc/Transcript(ID=377848L,Language='FR')","type":"itsystems.Pd.DataServices.DataModel.Transcript"},"Subjects":{"__deferred":{"uri":"https://ws.parlament.ch/OData.svc/Transcript(ID=377848L,Language='FR')/Subjects"}},"MembersCouncil":{"__deferred":{"uri":"https://ws.parlament.ch/OData.svc/Transcript(ID=377848L,Language='FR')/MembersCouncil"}},"Businesses":{"__deferred":{"uri":"https://ws.parlament.ch/OData.svc/Transcript(ID=377848L,Language='FR')/Businesses"}},"ID":"377848","Language":"FR","IdSubject":"72023","VoteId":null,"PersonNumber":4169,"Type":1,"Text":"<pd_text><p><b>Bundesbeschluss \u00fcber die Genehmigung des Wirtschaftspartnerschaftsabkommens zwischen den EFTA-Staaten und Malaysia</b>[GZ]</p>\n<p><b>Arr\u00eat\u00e9 f\u00e9d\u00e9ral portant approbation de l'Accord de partenariat \u00e9conomique entre les Etats de l'AELE et la Malaisie</b>[GZ]</p>\n<p>[VS][GZ]</p>\n<p><i>Detailberatung - Discussion par article </i>[GZ]</p>\n<p>[VS][GZ]</p>\n<p><b>Titel und Ingress, Art. 1 </b>[GZ]</p>\n<p><i>Antrag der Kommission </i>[GZ]</p>\n<p>Zustimmung zum Beschluss des St\u00e4nderates [PAGE 1358] </p>\n<p>[VS]</p>\n<p><b>Titre et pr\u00e9ambule, art. 1</b>[GZ]</p>\n<p><i>Proposition de la commission </i>[GZ]</p>\n<p>Adh\u00e9rer \u00e0 la d\u00e9cision du Conseil des \u00c9tats [GZ]</p>\n<p>[VS][GZ]</p>\n<p><i>Angenommen - Adopt\u00e9</i></p>\n<p>[VS]</p>\n<p><b>Art. 1a </b>[GZ]</p>\n<p><i>Antrag der Minderheit </i>[GZ]</p>\n<p>(Molina, Arslan, Badertscher, Berli Rudi, Fehlmann Rielle, Friedl Claudia, Nussbaumer, Rumy)[GZ]</p>\n<p>Der Bundesrat regelt in einer Verordnung, dass Produkte sowie Rohstoffe und ihre Nebenprodukte, die auf den Schweizer Markt gebracht werden oder f\u00fcr den Export bestimmt sind, nicht aus Zwangsarbeit stammen.</p>\n<p>[VS]</p>\n<p><b>Art. 1a </b>[GZ]</p>\n<p><i>Proposition de la minorit\u00e9 </i>[GZ]</p>\n<p>(Molina, Arslan, Badertscher, Berli Rudi, Fehlmann Rielle, Friedl Claudia, Nussbaumer, Rumy)[GZ]</p>\n<p>Le Conseil f\u00e9d\u00e9ral fixe, par voie d'ordonnance, que les produits, les mati\u00e8res premi\u00e8res et leurs sous-produits mis sur le march\u00e9 suisse ou destin\u00e9s \u00e0 l'exportation ne doivent pas provenir du travail forc\u00e9.</p>\n</pd_text>","MeetingCouncilAbbreviation":"N","MeetingDate":"20260617","MeetingVerbalixOid":4192,"IdSession":"5214","SpeakerFirstName":"Pierre-Andr\u00e9","SpeakerLastName":"Page","SpeakerFullName":"Page Pierre-Andr\u00e9","SpeakerFunction":"P-M","CouncilId":1,"CouncilName":"Conseil national","CantonId":10,"CantonName":"Fribourg","CantonAbbreviation":"FR","ParlGroupName":"Groupe de l'Union d\u00e9mocratique du Centre","ParlGroupAbbreviation":"V","SortOrder":44,"Start":"\/Date(1781724975452)\/","End":"\/Date(1781725058057)\/","Function":"P-M","DisplaySpeaker":false,"LanguageOfText":null,"Modified":"\/Date(1788444852232)\/","StartTimeWithTimezone":"\/Date(1781724975453+0120)\/","EndTimeWithTimezone":"\/Date(1781725058057+0120)\/","VoteBusinessNumber":null,"VoteBusinessShortNumber":null,"VoteBusinessTitle":null},{"__metadata":{"id":"https://ws.parlament.ch/OData.svc/Transcript(ID=377849L,Language='FR')","uri":"https://ws.parlament.ch/OData.svc/Transcript(ID=377849L,Language='FR')","type":"itsystems.Pd.DataServices.DataModel.Transcript"},"Subjects":{"__deferred":{"uri":"https://ws.parlament.ch/OData.svc/Transcript(ID=377849L,Language='FR')/Subjects"}},"MembersCouncil":{"__deferred":{"uri":"https://ws.parlament.ch/OData.svc/Transcript(ID=377849L,Language='FR')/MembersCouncil"}},"Businesses":{"__deferred":{"uri":"https://ws.parlament.ch/OData.svc/Transcript(ID=377849L,Language='FR')/Businesses"}},"ID":"377849","Language":"FR","IdSubject":"72023","VoteId":null,"PersonNumber":4169,"Type":1,"Text":"<pd_text><p><b>Art. 2 </b>[GZ]</p>\n<p><i>Antrag der Kommission </i>[GZ]</p>\n<p>Zustimmung zum Beschluss des St\u00e4nderates</p>\n<p><i>Proposition de la commission </i>[GZ]</p>\n<p>Adh\u00e9rer \u00e0 la d\u00e9cision du Conseil des \u00c9tats [GZ]</p>\n<p>[VS][GZ]</p>\n<p><i>Angenommen - Adopt\u00e9</i></p>\n<p>[VS]</p>\n</pd_text>","MeetingCouncilAbbreviation":"N","MeetingDate":"20260617","MeetingVerbalixOid":4192,"IdSession":"5214","SpeakerFirstName":"Pierre-Andr\u00e9","SpeakerLastName":"Page","SpeakerFullName":"Page Pierre-Andr\u00e9","SpeakerFunction":"P-M","CouncilId":1,"CouncilName":"Conseil national","CantonId":10,"CantonName":"Fribourg","CantonAbbreviation":"FR","ParlGroupName":"Groupe de l'Union d\u00e9mocratique du Centre","ParlGroupAbbreviation":"V","SortOrder":46,"Start":"\/Date(1781725058057)\/","End":"\/Date(1781725100105)\/","Function":"P-M","DisplaySpeaker":false,"LanguageOfText":null,"Modified":"\/Date(1788444852234)\/","StartTimeWithTimezone":"\/Date(1781725058057+0120)\/","EndTimeWithTimezone":"\/Date(1781725100107+0120)\/","VoteBusinessNumber":null,"VoteBusinessShortNumber":null,"VoteBusinessTitle":null},{"__metadata":{"id":"https://ws.parlament.ch/OData.svc/Transcript(ID=377850L,Language='FR')","uri":"https://ws.parlament.ch/OData.svc/Transcript(ID=377850L,Language='FR')","type":"itsystems.Pd.DataServices.DataModel.Transcript"},"Subjects":{"__deferred":{"uri":"https://ws.parlament.ch/OData.svc/Transcript(ID=377850L,Language='FR')/Subjects"}},"MembersCouncil":{"__deferred":{"uri":"https://ws.parlament.ch/OData.svc/Transcript(ID=377850L,Language='FR')/MembersCouncil"}},"Businesses":{"__deferred":{"uri":"https://ws.parlament.ch/OData.svc/Transcript(ID=377850L,Language='FR')/Businesses"}},"ID":"377850","Language":"FR","IdSubject":"72023","VoteId":null,"PersonNumber":4169,"Type":1,"Text":"<pd_text><p><b>Le pr\u00e9sident</b> (Page Pierre-Andr\u00e9, pr\u00e9sident): Les deux conseils ayant pris des d\u00e9cisions concordantes, l'objet est pr\u00eat pour le vote final.[GZ]</p>\n<p>[VS][GZ]</p>\n<p>[VS][GZ]</p>\n<p>[VS][GZ]</p>\n<p><i>Schluss der Sitzung um 19.40 Uhr </i>[GZ]</p>\n<p><i>La s\u00e9ance est lev\u00e9e \u00e0 19 h 40 [PAGE 1359] </i></p>\n<p>[VS]</p>\n<p>[VS]</p>\n<p>[VS]</p>\n<p>[VS]</p>\n</pd_text>","MeetingCouncilAbbreviation":"N","MeetingDate":"20260617","MeetingVerbalixOid":4192,"IdSession":"5214","SpeakerFirstName":"Pierre-Andr\u00e9","SpeakerLastName":"Page","SpeakerFullName":"Page Pierre-Andr\u00e9","SpeakerFunction":"P-M","CouncilId":1,"CouncilName":"Conseil national","CantonId":10,"CantonName":"Fribourg","CantonAbbreviation":"FR","ParlGroupName":"Groupe de l'Union d\u00e9mocratique du Centre","ParlGroupAbbreviation":"V","SortOrder":48,"Start":"\/Date(1781725100105)\/","End":"\/Date(1781725141714)\/","Function":"P-M","DisplaySpeaker":false,"LanguageOfText":null,"Modified":"\/Date(1788444852237)\/","StartTimeWithTimezone":"\/Date(1781725100107+0120)\/","EndTimeWithTimezone":"\/Date(1781725141713+0120)\/","VoteBusinessNumber":null,"VoteBusinessShortNumber":null,"VoteBusinessTitle":null},{"__metadata":{"id":"https://ws.parlament.ch/OData.svc/Transcript(ID=377851L,Language='FR')","uri":"https://ws.parlament.ch/OData.svc/Transcript(ID=377851L,Language='FR')","type":"itsystems.Pd.DataServices.DataModel.Transcript"},"Subjects":{"__deferred":{"uri":"https://ws.parlament.ch/OData.svc/Transcript(ID=377851L,Language='FR')/Subjects"}},"MembersCouncil":{"__deferred":{"uri":"https://ws.parlament.ch/OData.svc/Transcript(ID=377851L,Language='FR')/MembersCouncil"}},"Businesses":{"__deferred":{"uri":"https://ws.parlament.ch/OData.svc/Transcript(ID=377851L,Language='FR')/Businesses"}},"ID":"377851","Language":"FR","IdSubject":"72023","VoteId":null,"PersonNumber":4058,"Type":1,"Text":"<pd_text><p>Gesch\u00e4tzter Herr Bundesrat, liebe Bauern und B\u00e4uerinnen hier im Saal, Malaysia muss gem\u00e4ss der Schweiz dem Internationalen \u00dcbereinkommen zum Schutz von Pflanzenz\u00fcchtungen beitreten. Das bedeutet, dass der freie Tausch von Saatgut zwischen den dortigen Bauern quasi verunm\u00f6glicht wird. Diese w\u00e4ren gezwungen, kommerzielles Saatgut Jahr f\u00fcr Jahr bei Agrarkonzernen wie Syngenta, Bayer, BASF oder Corteva zu erwerben. Dies f\u00fchrt dazu, dass sich viele Bauern hoch verschulden m\u00fcssen, was in den letzten dreissig Jahren weltweit zu Millionen von Selbstmorden von Bauern gef\u00fchrt hat.</p>\n<p>Weshalb will die Schweiz, wollen Sie, Herr Parmelin, und das SECO ein Unternehmen wie Syngenta - notabene zu 100 Prozent im Besitz des chinesischen Staates - sch\u00fctzen und als grossen Nettoprofiteur dieses Malaysia-Abkommens beg\u00fcnstigen?</p>\n</pd_text>","MeetingCouncilAbbreviation":"N","MeetingDate":"20260617","MeetingVerbalixOid":4192,"IdSession":"5214","SpeakerFirstName":"Jacqueline","SpeakerLastName":"Badran","SpeakerFullName":"Badran Jacqueline","SpeakerFunction":"Mit-F","CouncilId":1,"CouncilName":"Conseil national","CantonId":1,"CantonName":"Zurich","CantonAbbreviation":"ZH","ParlGroupName":"Groupe socialiste","ParlGroupAbbreviation":"S","SortOrder":22,"Start":"\/Date(1781724170490)\/","End":"\/Date(1781724236864)\/","Function":"Mit-F","DisplaySpeaker":true,"LanguageOfText":"DE","Modified":"\/Date(1788444852208)\/","StartTimeWithTimezone":"\/Date(1781724170490+0120)\/","EndTimeWithTimezone":"\/Date(1781724236863+0120)\/","VoteBusinessNumber":null,"VoteBusinessShortNumber":null,"VoteBusinessTitle":null},{"__metadata":{"id":"https://ws.parlament.ch/OData.svc/Transcript(ID=377852L,Language='FR')","uri":"https://ws.parlament.ch/OData.svc/Transcript(ID=377852L,Language='FR')","type":"itsystems.Pd.DataServices.DataModel.Transcript"},"Subjects":{"__deferred":{"uri":"https://ws.parlament.ch/OData.svc/Transcript(ID=377852L,Language='FR')/Subjects"}},"MembersCouncil":{"__deferred":{"uri":"https://ws.parlament.ch/OData.svc/Transcript(ID=377852L,Language='FR')/MembersCouncil"}},"Businesses":{"__deferred":{"uri":"https://ws.parlament.ch/OData.svc/Transcript(ID=377852L,Language='FR')/Businesses"}},"ID":"377852","Language":"FR","IdSubject":"72023","VoteId":null,"PersonNumber":4214,"Type":1,"Text":"<pd_text><p>Die Diskussion in der Kommission hat eines klar aufgezeigt: Wir beraten heute mehr als nur ein Freihandelsabkommen, wir beraten die Grundsatzfrage, wie die Schweiz in einer zunehmend unsicheren Welt bestehen will. Die Weltwirtschaft ver\u00e4ndert sich, Handelskonflikte nehmen zu, geopolitische Spannungen pr\u00e4gen die internationale Politik. F\u00fcr die Schweiz ist das eine Herausforderung. Wir sind kein grosser Binnenmarkt, wir sind ein kleines und, dank der Exportwirtschaft, ein florierendes Land. Wir leben von offenen M\u00e4rkten, vom Handel mit Partnern aus aller Welt. Jeden zweiten Franken verdanken wir dem Export, und Malaysia ist dabei ein wichtiger Partner.</p>\n<p>Das Handelsvolumen zwischen der Schweiz und Malaysia betr\u00e4gt 2,3 Milliarden Franken pro Jahr. Malaysia ist der viertwichtigste Handelspartner der Schweiz in S\u00fcdostasien. Mit rund 35 Millionen Einwohnern bietet das Land ein grosses Potenzial. Malaysia ist ein bedeutender Standort f\u00fcr die globale Elektronikindustrie. Das Land ist f\u00fchrend in der Halbleiterproduktion. Heute wird dieser Markt von China dominiert, und das macht uns abh\u00e4ngig und verwundbar. Auch hier bietet uns ein Abkommen mit Malaysia einen grossen Mehrwert: Wir diversifizieren unsere Lieferketten, reduzieren unsere Abh\u00e4ngigkeiten, erh\u00f6hen unsere Resilienz. Aus all diesen Gr\u00fcnden hat sich die Aussenpolitische Kommission mit 17 zu 7 Stimmen bei 1 Enthaltung klar f\u00fcr die Genehmigung dieses Abkommens ausgesprochen.</p>\n<p>Die Kommission hat sich aber auch ernsthaft mit den Bedenken der Minderheiten auseinandergesetzt. Eine [PAGE 1352] Minderheit Molina beantragt die R\u00fcckweisung an den Bundesrat mit dem Auftrag, zus\u00e4tzliche Massnahmen auszuarbeiten, um:</p>\n<p>1.[NB]die Bestimmungen des Nachhaltigkeitskapitels durchzusetzen, insbesondere im Zusammenhang mit dem nachhaltigen Anbau von Palm\u00f6l;</p>\n<p>2.[NB]den Zugang zu erschwinglichen Medikamenten f\u00fcr alle zu gew\u00e4hrleisten;</p>\n<p>3.[NB]die Rechte von Kleinbauern zu wahren.</p>\n<p>Nat\u00fcrlich w\u00fcnscht sich die Kommission einen nachhaltigen Handel, einen Handel, der Umwelt, Biodiversit\u00e4t und Lebensgrundlagen der lokalen Bev\u00f6lkerung wahrt. Aber die Mehrheit der Kommission kam zum Schluss, dass dies gew\u00e4hrleistet ist. Der Handel mit Palm\u00f6l wird den Process and Production Methods unterstellt. Dies wird sicherstellen, dass[NB]entlang[NB]der[NB]Wertsch\u00f6pfungskette ethische und \u00f6kologische Qualit\u00e4tsstandards eingehalten werden. Dieser Ansatz ist praxiserprobt, und wir kennen ihn bereits aus dem Freihandelsabkommen mit Indonesien. Darum lehnte die Kommission den Antrag auf R\u00fcckweisung mit 17 zu 8 Stimmen ab.</p>\n<p>Eine zweite Minderheit Molina beantragt, dass der Bundesrat eine Verordnung erl\u00e4sst, die den Import von Zwangsarbeitsprodukten verhindert. Auch hier ist die Grundhaltung der Kommissionsmehrheit klar: Nat\u00fcrlich ist die Zwangsarbeit in Malaysia eine ernst zu nehmende Herausforderung; nat\u00fcrlich w\u00fcnscht sich die Kommission einen Handel, der die Menschen in ihren Freiheiten st\u00e4rkt und ihre Rechte sch\u00fctzt. Die Mehrheit der Kommission vertritt die Ansicht, dass dieses Abkommen einen Schritt in die richtige Richtung geht.</p>\n<p>Malaysia verpflichtet sich ausdr\u00fccklich zur Achtung der Normen der Internationalen Arbeitsorganisation. Dazu geh\u00f6rt auch das Verbot von Zwangsarbeit und Kinderarbeit. F\u00fcr weiterf\u00fchrende Massnahmen stehen der Schweiz schlicht und einfach keine effektiven Kontrollmechanismen vor Ort zur Verf\u00fcgung. Dieses Abkommen ist ein Fortschritt, insbesondere f\u00fcr die 1,8 Millionen Menschen in Malaysia, welche unter der Armutsgrenze leben. F\u00fcr sie k\u00f6nnen wir eine echte Verbesserung ihrer wirtschaftlichen Situation herbeif\u00fchren, und zwar nicht nur mit Forderungen, die nicht kontrollierbar sind, und nicht nur mit Versprechen, die nicht eingehalten werden k\u00f6nnen. Aus diesem Grund lehnte die Kommission auch den entsprechenden Antrag ab, und zwar mit 15 zu 8 Stimmen bei 1 Enthaltung.</p>\n<p>Die Kommissionsmehrheit ist der Ansicht, dass das Abkommen solide ist, dass es der Schweiz und Malaysia gleichermassen Vorteile bringt, und zwar der Wirtschaft und den Menschen, und dass es Verbesserungen in Bezug auf Wirtschaft, Umweltschutz und Arbeiterrechte bewirken wird.</p>\n<p>Daher beantragt die Kommissionsmehrheit die Annahme des Entwurfes.</p>\n</pd_text>","MeetingCouncilAbbreviation":"N","MeetingDate":"20260617","MeetingVerbalixOid":4192,"IdSession":"5214","SpeakerFirstName":"Niklaus-Samuel","SpeakerLastName":"Gugger","SpeakerFullName":"Gugger Niklaus-Samuel","SpeakerFunction":"Mit-M","CouncilId":1,"CouncilName":"Conseil national","CantonId":1,"CantonName":"Zurich","CantonAbbreviation":"ZH","ParlGroupName":"Le Groupe du Centre. Le Centre. PEV.","ParlGroupAbbreviation":"M-E","SortOrder":8,"Start":"\/Date(1781721676330)\/","End":"\/Date(1781721974913)\/","Function":"*","DisplaySpeaker":true,"LanguageOfText":"DE","Modified":"\/Date(1788444852183)\/","StartTimeWithTimezone":"\/Date(1781721676330+0120)\/","EndTimeWithTimezone":"\/Date(1781721974913+0120)\/","VoteBusinessNumber":null,"VoteBusinessShortNumber":null,"VoteBusinessTitle":null}]},"ID":"72023","Language":"FR","IdMeeting":"5249","VerbalixOid":806197,"SortOrder":3,"Modified":"\/Date(1788444852173)\/"}}