{"d":{"__metadata":{"id":"https://ws.parlament.ch/OData.svc/Subject(ID=72027L,Language='DE')","uri":"https://ws.parlament.ch/OData.svc/Subject(ID=72027L,Language='DE')","type":"itsystems.Pd.DataServices.DataModel.Subject"},"Meetings":{"__metadata":{"id":"https://ws.parlament.ch/OData.svc/Meeting(ID=5251L,Language='DE')","uri":"https://ws.parlament.ch/OData.svc/Meeting(ID=5251L,Language='DE')","type":"itsystems.Pd.DataServices.DataModel.Meeting"},"Sessions":{"__deferred":{"uri":"https://ws.parlament.ch/OData.svc/Meeting(ID=5251L,Language='DE')/Sessions"}},"Subjects":{"__deferred":{"uri":"https://ws.parlament.ch/OData.svc/Meeting(ID=5251L,Language='DE')/Subjects"}},"ID":"5251","Language":"DE","MeetingNumber":12,"IdSession":5214,"SessionNumber":14,"SessionName":"Sommersession 2026","Council":2,"CouncilName":"St\u00e4nderat","CouncilAbbreviation":"SR","Date":"\/Date(1781740800000)\/","Begin":"0815","Modified":"\/Date(1784195404599)\/","LegislativePeriodNumber":52,"PublicationStatus":"final","MeetingOrderText":"Zw\u00f6lfte Sitzung","SortOrder":12,"Location":"S"},"SubjectsBusiness":{"results":[{"__metadata":{"id":"https://ws.parlament.ch/OData.svc/SubjectBusiness(BusinessNumber=20250076,IdSubject=72027L,Language='DE')","uri":"https://ws.parlament.ch/OData.svc/SubjectBusiness(BusinessNumber=20250076,IdSubject=72027L,Language='DE')","type":"itsystems.Pd.DataServices.DataModel.SubjectBusiness"},"Subjects":{"__deferred":{"uri":"https://ws.parlament.ch/OData.svc/SubjectBusiness(BusinessNumber=20250076,IdSubject=72027L,Language='DE')/Subjects"}},"Businesses":{"__deferred":{"uri":"https://ws.parlament.ch/OData.svc/SubjectBusiness(BusinessNumber=20250076,IdSubject=72027L,Language='DE')/Businesses"}},"IdSubject":"72027","BusinessNumber":20250076,"Language":"DE","BusinessShortNumber":"25.076","Title":"Verpflichtungskredit f\u00fcr die digitale Transformation der Zentralen Ausgleichsstelle f\u00fcr die Jahre 2026\u20132032","SortOrder":1,"PublishedNotes":"Zweitrat - Deuxi\u00e8me Conseil\n","Modified":"\/Date(1763581189193)\/","TitleDE":"Verpflichtungskredit\nf\u00fcr die digitale Transformation\nder Zentralen Ausgleichsstelle\nf\u00fcr die Jahre 2026-2032","TitleFR":"Cr\u00e9dit d'engagement destin\u00e9\n\u00e0 la transformation num\u00e9rique\nde la Centrale de compensation\npour les ann\u00e9es 2026-2032","TitleIT":null}]},"Transcripts":{"results":[{"__metadata":{"id":"https://ws.parlament.ch/OData.svc/Transcript(ID=377862L,Language='DE')","uri":"https://ws.parlament.ch/OData.svc/Transcript(ID=377862L,Language='DE')","type":"itsystems.Pd.DataServices.DataModel.Transcript"},"Subjects":{"__deferred":{"uri":"https://ws.parlament.ch/OData.svc/Transcript(ID=377862L,Language='DE')/Subjects"}},"MembersCouncil":{"__deferred":{"uri":"https://ws.parlament.ch/OData.svc/Transcript(ID=377862L,Language='DE')/MembersCouncil"}},"Businesses":{"__deferred":{"uri":"https://ws.parlament.ch/OData.svc/Transcript(ID=377862L,Language='DE')/Businesses"}},"ID":"377862","Language":"DE","IdSubject":"72027","VoteId":"8349","PersonNumber":null,"Type":2,"Text":"<pd_text><p><i>Art. 1</i>[GZ]</p>\n<p>[VS][GZ]</p>\n<p><i>Ausgabenbremse - Frein aux d\u00e9penses</i>[GZ]</p>\n<p>[VS][GZ]</p>\n<p><i>Abstimmung - Vote </i>[GZ]</p>\n<p>[NAM][GZ]</p>\n<p>F\u00fcr Annahme der Ausgabe ... 44 Stimmen [GZ]</p>\n<p>(Einstimmigkeit) [GZ]</p>\n<p>(0 Enthaltungen)</p>\n<p>[VS]</p>\n<p><i>Das qualifizierte Mehr ist erreicht</i>[GZ]</p>\n<p><i>La majorit\u00e9 qualifi\u00e9e est acquise</i></p>\n<p>[VS]</p>\n</pd_text>","MeetingCouncilAbbreviation":"S","MeetingDate":"20260618","MeetingVerbalixOid":4194,"IdSession":"5214","SpeakerFirstName":null,"SpeakerLastName":null,"SpeakerFullName":"","SpeakerFunction":null,"CouncilId":null,"CouncilName":null,"CantonId":null,"CantonName":null,"CantonAbbreviation":null,"ParlGroupName":null,"ParlGroupAbbreviation":null,"SortOrder":4,"Start":"\/Date(1781771570135)\/","End":"\/Date(1781771642735)\/","Function":null,"DisplaySpeaker":null,"LanguageOfText":null,"Modified":"\/Date(1788462015323)\/","StartTimeWithTimezone":"\/Date(1781771570137+0120)\/","EndTimeWithTimezone":"\/Date(1781771642737+0120)\/","VoteBusinessNumber":20250076,"VoteBusinessShortNumber":"25.076","VoteBusinessTitle":"Verpflichtungskredit\nf\u00fcr die digitale Transformation\nder Zentralen Ausgleichsstelle\nf\u00fcr die Jahre 2026-2032"},{"__metadata":{"id":"https://ws.parlament.ch/OData.svc/Transcript(ID=377863L,Language='DE')","uri":"https://ws.parlament.ch/OData.svc/Transcript(ID=377863L,Language='DE')","type":"itsystems.Pd.DataServices.DataModel.Transcript"},"Subjects":{"__deferred":{"uri":"https://ws.parlament.ch/OData.svc/Transcript(ID=377863L,Language='DE')/Subjects"}},"MembersCouncil":{"__deferred":{"uri":"https://ws.parlament.ch/OData.svc/Transcript(ID=377863L,Language='DE')/MembersCouncil"}},"Businesses":{"__deferred":{"uri":"https://ws.parlament.ch/OData.svc/Transcript(ID=377863L,Language='DE')/Businesses"}},"ID":"377863","Language":"DE","IdSubject":"72027","VoteId":"8350","PersonNumber":null,"Type":2,"Text":"<pd_text><p><i>Gesamtabstimmung - Vote sur l'ensemble</i>[GZ]</p>\n<p>[NAM][GZ]</p>\n<p>F\u00fcr Annahme des Entwurfes ... 44 Stimmen[GZ]</p>\n<p>(Einstimmigkeit) [GZ]</p>\n<p>(0 Enthaltungen)</p>\n<p>[VS]</p>\n<p><b>Pr\u00e4sident</b> (Engler Stefan, Pr\u00e4sident): Damit ist das Gesch\u00e4ft erledigt.</p>\n</pd_text>","MeetingCouncilAbbreviation":"S","MeetingDate":"20260618","MeetingVerbalixOid":4194,"IdSession":"5214","SpeakerFirstName":null,"SpeakerLastName":null,"SpeakerFullName":"","SpeakerFunction":null,"CouncilId":null,"CouncilName":null,"CantonId":null,"CantonName":null,"CantonAbbreviation":null,"ParlGroupName":null,"ParlGroupAbbreviation":null,"SortOrder":5,"Start":null,"End":null,"Function":null,"DisplaySpeaker":null,"LanguageOfText":null,"Modified":"\/Date(1788462015325)\/","StartTimeWithTimezone":null,"EndTimeWithTimezone":null,"VoteBusinessNumber":20250076,"VoteBusinessShortNumber":"25.076","VoteBusinessTitle":"Verpflichtungskredit\nf\u00fcr die digitale Transformation\nder Zentralen Ausgleichsstelle\nf\u00fcr die Jahre 2026-2032"},{"__metadata":{"id":"https://ws.parlament.ch/OData.svc/Transcript(ID=377864L,Language='DE')","uri":"https://ws.parlament.ch/OData.svc/Transcript(ID=377864L,Language='DE')","type":"itsystems.Pd.DataServices.DataModel.Transcript"},"Subjects":{"__deferred":{"uri":"https://ws.parlament.ch/OData.svc/Transcript(ID=377864L,Language='DE')/Subjects"}},"MembersCouncil":{"__deferred":{"uri":"https://ws.parlament.ch/OData.svc/Transcript(ID=377864L,Language='DE')/MembersCouncil"}},"Businesses":{"__deferred":{"uri":"https://ws.parlament.ch/OData.svc/Transcript(ID=377864L,Language='DE')/Businesses"}},"ID":"377864","Language":"DE","IdSubject":"72027","VoteId":null,"PersonNumber":4055,"Type":1,"Text":"<pd_text><p><i>Eintreten wird ohne Gegenantrag beschlossen </i>[GZ]</p>\n<p><i>L'entr\u00e9e en mati\u00e8re est d\u00e9cid\u00e9e sans opposition</i></p>\n<p>[VS]</p>\n<p>[VS]</p>\n<p><b>Bundesbeschluss \u00fcber einen Verpflichtungskredit f\u00fcr die digitale Transformation der Zentralen Ausgleichsstelle f\u00fcr die Jahre 2026-2032</b>[GZ]</p>\n<p><b>Arr\u00eat\u00e9 f\u00e9d\u00e9ral portant allocation d'un cr\u00e9dit d'engagement destin\u00e9 \u00e0 la transformation num\u00e9rique de la Centrale de compensation pour les ann\u00e9es 2026-2032</b>[GZ]</p>\n<p>[VS][GZ]</p>\n<p><i>Detailberatung - Discussion par article </i>[GZ]</p>\n<p>[VS][GZ]</p>\n<p><b>Titel und Ingress, Art. 1-3</b>[GZ]</p>\n<p><i>Antrag der Kommission </i>[GZ]</p>\n<p>Zustimmung zum Beschluss des Nationalrates</p>\n<p>[VS]</p>\n<p><b>Titre et pr\u00e9ambule, art. 1-3</b>[GZ]</p>\n<p><i>Proposition de la commission </i>[GZ]</p>\n<p>Adh\u00e9rer \u00e0 la d\u00e9cision du Conseil national[GZ]</p>\n<p>[VS][GZ]</p>\n<p><i>Angenommen - Adopt\u00e9</i></p>\n</pd_text>","MeetingCouncilAbbreviation":"S","MeetingDate":"20260618","MeetingVerbalixOid":4194,"IdSession":"5214","SpeakerFirstName":"Stefan","SpeakerLastName":"Engler","SpeakerFullName":"Engler Stefan","SpeakerFunction":"P-M","CouncilId":2,"CouncilName":"St\u00e4nderat","CantonId":18,"CantonName":"Graub\u00fcnden","CantonAbbreviation":"GR","ParlGroupName":"Die Mitte-Fraktion. Die Mitte. EVP.","ParlGroupAbbreviation":"M-E","SortOrder":3,"Start":"\/Date(1781771528089)\/","End":"\/Date(1781771570135)\/","Function":"P-M","DisplaySpeaker":false,"LanguageOfText":null,"Modified":"\/Date(1788462015321)\/","StartTimeWithTimezone":"\/Date(1781771528090+0120)\/","EndTimeWithTimezone":"\/Date(1781771570137+0120)\/","VoteBusinessNumber":null,"VoteBusinessShortNumber":null,"VoteBusinessTitle":null},{"__metadata":{"id":"https://ws.parlament.ch/OData.svc/Transcript(ID=377865L,Language='DE')","uri":"https://ws.parlament.ch/OData.svc/Transcript(ID=377865L,Language='DE')","type":"itsystems.Pd.DataServices.DataModel.Transcript"},"Subjects":{"__deferred":{"uri":"https://ws.parlament.ch/OData.svc/Transcript(ID=377865L,Language='DE')/Subjects"}},"MembersCouncil":{"__deferred":{"uri":"https://ws.parlament.ch/OData.svc/Transcript(ID=377865L,Language='DE')/MembersCouncil"}},"Businesses":{"__deferred":{"uri":"https://ws.parlament.ch/OData.svc/Transcript(ID=377865L,Language='DE')/Businesses"}},"ID":"377865","Language":"DE","IdSubject":"72027","VoteId":null,"PersonNumber":10805,"Type":1,"Text":"<pd_text><p>Je souhaite vous rendre compte, au nom de la Commission des finances du Conseil des \u00c9tats, de l'examen pr\u00e9alable du projet du Conseil f\u00e9d\u00e9ral du 12 septembre 2025 concernant un cr\u00e9dit d'engagement destin\u00e9 \u00e0 la transformation num\u00e9rique de la Centrale de compensation pour les ann\u00e9es 2026 \u00e0 2032. La commission s'est r\u00e9unie le 1er avril 2026 pour traiter de ce point. \u00c0 ce titre, je tiens \u00e0 remercier les collaborateurs de l'administration f\u00e9d\u00e9rale qui ont particip\u00e9 \u00e0 notre s\u00e9ance et qui ont pu r\u00e9pondre aux diff\u00e9rentes questions des membres de la commission.</p>\n<p>La Centrale de compensation est l'organe op\u00e9rationnel central du domaine des assurances sociales du premier pilier et des allocations pour perte de gain. Le Conseil f\u00e9d\u00e9ral propose de proc\u00e9der \u00e0 une transformation num\u00e9rique globale et organisationnelle afin que la Centrale de compensation soit en mesure de garantir la qualit\u00e9, la s\u00e9curit\u00e9 et l'efficience de ses missions. Vu les nombreuses prestations d\u00e9livr\u00e9es en Suisse et \u00e0 l'\u00e9tranger, avec le temps, les diff\u00e9rents services ont d\u00fb d\u00e9velopper de nouvelles fonctionnalit\u00e9s. Elles sont toutefois dispers\u00e9es dans plus d'une quarantaine d'applications, dont la plupart sont anciennes et bas\u00e9es sur des technologies h\u00e9t\u00e9rog\u00e8nes, aujourd'hui souvent d\u00e9pass\u00e9es. Le Conseil f\u00e9d\u00e9ral l'a d'ailleurs rappel\u00e9 dans son message. Cet \u00e9miettement ne permet pas une prise en compte transversale des processus m\u00e9tiers[NB]; ceux-ci restent donc majoritairement organis\u00e9s en sous-processus successifs, hypersp\u00e9cialis\u00e9s et peu num\u00e9ris\u00e9s. Cette absence de vision globale g\u00e9n\u00e8re ainsi une int\u00e9gration complexe, difficile \u00e0 maintenir et tr\u00e8s co\u00fbteuse. </p>\n<p>Ce constat est partag\u00e9 par la commission. Dans son message, le Conseil f\u00e9d\u00e9ral cite, pour exemple, l'int\u00e9gration de la 13e rente, dont le financement est trait\u00e9 lors de la pr\u00e9sente session. Elle n\u00e9cessite d'importantes adaptations qui peuvent concerner plus de dix applications et co\u00fbter plusieurs millions de francs, avec des d\u00e9lais pouvant durer plus de trois ans. Il rel\u00e8ve que ce temps peut d'ailleurs entrer en contradiction avec les d\u00e9lais de mise en place plus courts impos\u00e9s par le Parlement.</p>\n<p>Il est par ailleurs \u00e0 relever que le paiement des rentes AVS et AI des assur\u00e9s r\u00e9sidents \u00e0 l'\u00e9tranger repr\u00e9sente plus de 1 million de versements chaque mois, pour un montant annuel de 8,3 milliards de francs. La Centrale de compensation pr\u00e9voit une augmentation moyenne du nombre de rentes AVS et AI sous gestion pour les assur\u00e9s r\u00e9sidents \u00e0 l'\u00e9tranger d'environ 1,5 pour cent par an, soit plus de 150[NB]000 rentes AVS et AI sous gestion suppl\u00e9mentaires \u00e0 l'\u00e9tranger sur 10 ans.</p>\n<p>La commission est d'avis qu'il est n\u00e9cessaire de disposer des outils ad\u00e9quats, ce qui n'est plus le cas des outils actuels. Selon le Conseil f\u00e9d\u00e9ral, il existe, avec le syst\u00e8me actuel, de nombreux risques qui compromettent la p\u00e9rennit\u00e9, l'agilit\u00e9 et la capacit\u00e9 d'\u00e9volution du syst\u00e8me d'information de la Centrale de compensation. En compl\u00e9ment du cr\u00e9dit d'engagement sollicit\u00e9, la Centrale de compensation fournira des ressources en personnel \u00e0 hauteur de 57,1 millions de francs, soit 57[NB]100 jours-personnes. Elle a pr\u00e9cis\u00e9 que la charge annuelle ne devrait pas d\u00e9passer 11,5 millions, soit 11[NB]500 jours-personnes, ce qui repr\u00e9sente un peu plus de 50 \u00e9quivalents plein temps (EPT). Ces personnes seront utilis\u00e9es prioritairement en faveur du projet, au d\u00e9triment de la maintenance \u00e9volutive des applications et d'autres projets moins prioritaires. Le co\u00fbt du programme de transformation num\u00e9rique s'\u00e9l\u00e8ve ainsi \u00e0 123,3 millions de francs. Il est \u00e0 souligner que l'int\u00e9gralit\u00e9 des co\u00fbts dudit programme seront rembours\u00e9s \u00e0 la Conf\u00e9d\u00e9ration par les fonds de compensation AVS, AI et APG. Le Conseil f\u00e9d\u00e9ral a \u00e9galement indiqu\u00e9 dans son message que l'augmentation future pr\u00e9visible du nombre de rentes AVS et AI sous gestion pourra en principe \u00eatre absorb\u00e9e sans augmentation des effectifs gr\u00e2ce au potentiel d'\u00e9conomie de ce projet d'environ 80 EPT.</p>\n<p>Dans le cadre de la discussion, la commission a demand\u00e9 \u00e0 l'administration si l'intelligence artificielle sera int\u00e9gr\u00e9e. \u00c0 cette question, il a \u00e9t\u00e9 indiqu\u00e9 que l'intelligence artificielle \u00e9tait prise en compte, elle n'a cependant pas \u00e9t\u00e9 en mesure de confirmer qu'elle sera prise en compte et mise en place d'ici 2030.</p>\n<p>Toutefois, le processus permettra d'int\u00e9grer ce changement rapidement. La question des risques li\u00e9s \u00e0 la s\u00e9curit\u00e9 des donn\u00e9es personnelles a \u00e9galement \u00e9t\u00e9 abord\u00e9e par la commission. La commission a \u00e9galement attir\u00e9 l'attention de l'administration afin qu'elle veille \u00e0 ce que le projet n'ait pas de cons\u00e9quences telles que les probl\u00e8mes rencontr\u00e9s par les caisses de ch\u00f4mage ces derniers mois.</p>\n<p>Le suivi financier a \u00e9galement \u00e9t\u00e9 un point de discussion en commission. L'administration s'est dite dispos\u00e9e \u00e0 ce qu'un suivi plus pr\u00e9cis soit fait, sur l'exemple de Superb.</p>\n<p>Enfin, la commission a attir\u00e9 l'attention de l'administration sur le fournisseur potentiel, en particulier en lien avec la s\u00e9curit\u00e9 des donn\u00e9es, notamment si un fournisseur \u00e9tranger devait \u00eatre choisi. L'administration a r\u00e9pondu \u00e0 la commission que ce point sera express\u00e9ment indiqu\u00e9 dans le cadre de l'appel d'offres. Il a \u00e9t\u00e9 rappel\u00e9 que la solution standard dans le domaine du premier pilier n'existait quasiment qu'en Suisse.</p>\n<p>Dans le prolongement de la d\u00e9cision prise par le Conseil national lors de la session de printemps 2026, la commission vous propose, \u00e0 l'unanimit\u00e9, d'entrer en mati\u00e8re sur le projet et d'accepter le cr\u00e9dit d'engagement d'un montant de 66,1 millions de francs pour les ann\u00e9es 2026 \u00e0 2032, pour moderniser l'organisation, les processus m\u00e9tiers ainsi que les syst\u00e8mes d'information de la Centrale de compensation.</p>\n</pd_text>","MeetingCouncilAbbreviation":"S","MeetingDate":"20260618","MeetingVerbalixOid":4194,"IdSession":"5214","SpeakerFirstName":"Pascal","SpeakerLastName":"Broulis","SpeakerFullName":"Broulis Pascal","SpeakerFunction":"Mit-M","CouncilId":2,"CouncilName":"St\u00e4nderat","CantonId":22,"CantonName":"Waadt","CantonAbbreviation":"VD","ParlGroupName":"FDP-Liberale Fraktion","ParlGroupAbbreviation":"RL","SortOrder":1,"Start":"\/Date(1781770963284)\/","End":"\/Date(1781771288133)\/","Function":"*","DisplaySpeaker":true,"LanguageOfText":"FR","Modified":"\/Date(1788462015318)\/","StartTimeWithTimezone":"\/Date(1781770963283+0120)\/","EndTimeWithTimezone":"\/Date(1781771288133+0120)\/","VoteBusinessNumber":null,"VoteBusinessShortNumber":null,"VoteBusinessTitle":null},{"__metadata":{"id":"https://ws.parlament.ch/OData.svc/Transcript(ID=377874L,Language='DE')","uri":"https://ws.parlament.ch/OData.svc/Transcript(ID=377874L,Language='DE')","type":"itsystems.Pd.DataServices.DataModel.Transcript"},"Subjects":{"__deferred":{"uri":"https://ws.parlament.ch/OData.svc/Transcript(ID=377874L,Language='DE')/Subjects"}},"MembersCouncil":{"__deferred":{"uri":"https://ws.parlament.ch/OData.svc/Transcript(ID=377874L,Language='DE')/MembersCouncil"}},"Businesses":{"__deferred":{"uri":"https://ws.parlament.ch/OData.svc/Transcript(ID=377874L,Language='DE')/Businesses"}},"ID":"377874","Language":"DE","IdSubject":"72027","VoteId":null,"PersonNumber":4062,"Type":1,"Text":"<pd_text><p>Der Bundesrat unterbreitet Ihnen heute einen Verpflichtungskredit in der H\u00f6he von 66,1 Millionen Franken f\u00fcr den Zeitraum 2026-2032 zur Unterst\u00fctzung der digitalen und organisatorischen Transformation der Zentralen Ausgleichsstelle (ZAS) in Genf. Diese Reform ist eine strategische Investition in die Zukunft der Schweizer Sozialversicherung. Sie erm\u00f6glicht es der ZAS, ihre wesentlichen Aufgaben nachhaltig zu erf\u00fcllen, n\u00e4mlich die Auszahlung von AHV- und IV-Renten ins Ausland, die Abwicklung des Zahlungsverkehrs mit den Ausgleichskassen, die F\u00fchrung der Zentralregister sowie die Gew\u00e4hrleistung der Datenzuverl\u00e4ssigkeit f\u00fcr das gesamte Sozialversicherungssystem.</p>\n<p>Heute steht die ZAS vor mehreren Herausforderungen: veraltete IT-Systeme, zunehmende Komplexit\u00e4t infolge von Gesetzesreformen, ein kontinuierlicher Anstieg der Zahl der Leistungsempf\u00e4nger sowie die Pensionierung eines hohen Anteiles des Personals. Das Programm zur digitalen Transformation zielt darauf ab, die Organisation und die Technologien der ZAS zu modernisieren. Es gliedert sich in vier Schwerpunkte:</p>\n<p>1.[NB]Neugestaltung der Gesch\u00e4ftsprozesse und der Organisation f\u00fcr einfache, koh\u00e4rente und digitalisierte Dienstleistungen;</p>\n<p>2.[NB]Modernisierung der IT-Infrastruktur auf der Grundlage einer modularen Architektur, die den Standards der Bundesverwaltung entspricht;</p>\n<p>3.[NB]Automatisierung und integrierte Datenverwaltung, die Sicherheit und Effizienz gew\u00e4hrleisten;</p>\n<p>4.[NB]Begleitung des Wandels zur Sicherstellung der Beteiligung des Personals und des Kompetenztransfers. [PAGE 644] </p>\n<p>Dieses Programm erm\u00f6glicht es, das Wachstum des Leistungsvolumens ohne Personalaufstockung zu bew\u00e4ltigen und gleichzeitig Sicherheit, Zuverl\u00e4ssigkeit und Transparenz zu erh\u00f6hen. Es tr\u00e4gt zudem zur Strategie des Bundes zur Digitalisierung der Verwaltung und zur Nutzung einer souver\u00e4nen IT-Infrastruktur des Bundes bei.</p>\n<p>Der Verpflichtungskredit deckt die Planung, Umsetzung und Konsolidierung des Programmes bis 2032 ab. Er stellt eine Zukunftsinvestition dar, die notwendig ist, um die Kontinuit\u00e4t und Leistungsf\u00e4higkeit der ersten S\u00e4ule zu gew\u00e4hrleisten.</p>\n<p>Die ZAS ist das operative R\u00fcckgrat der ersten S\u00e4ule. Sie betreibt zentrale Register, verwaltet die Finanzfl\u00fcsse und zahlt weltweit \u00fcber eine Million Renten aus. Ihre Systeme sind jedoch technisch veraltet und stark fragmentiert. Um die Leistungsf\u00e4higkeit und Datensicherheit langfristig zu gew\u00e4hrleisten, braucht es eben eine tiefgreifende Modernisierung.</p>\n<p>Das Transformationsprogramm PDIT besteht aus rund zwanzig Projekten und verl\u00e4uft in drei Phasen von 2025 bis 2032. Es schafft die Grundlage f\u00fcr eine einheitliche, sichere und effiziente Daten- und Prozesslandschaft. Durch Automatisierung und Standardisierung kann die ZAS steigende Rentenvolumina ohne zus\u00e4tzliches Personal bew\u00e4ltigen und gesetzliche Anpassungen k\u00fcnftig schneller umsetzen. Der beantragte Verpflichtungskredit deckt die Projektkosten f\u00fcr Entwicklung, Integration, Migration sowie Change Management ab. Die Investition st\u00e4rkt die digitale Handlungsf\u00e4higkeit der ZAS und tr\u00e4gt zur Modernisierung der Bundesverwaltung bei.</p>\n<p>Der Bundesrat bittet Sie, auf das Gesch\u00e4ft einzutreten und den Verpflichtungskredit zu bewilligen.</p>\n</pd_text>","MeetingCouncilAbbreviation":"S","MeetingDate":"20260618","MeetingVerbalixOid":4194,"IdSession":"5214","SpeakerFirstName":"Karin","SpeakerLastName":"Keller-Sutter","SpeakerFullName":"Keller-Sutter Karin","SpeakerFunction":"BR-F","CouncilId":99,"CouncilName":"Bundesrat","CantonId":17,"CantonName":"St. Gallen","CantonAbbreviation":"SG","ParlGroupName":null,"ParlGroupAbbreviation":null,"SortOrder":2,"Start":"\/Date(1781771298795)\/","End":"\/Date(1781771528089)\/","Function":"BR-F","DisplaySpeaker":true,"LanguageOfText":"DE","Modified":"\/Date(1788462015320)\/","StartTimeWithTimezone":"\/Date(1781771298797+0120)\/","EndTimeWithTimezone":"\/Date(1781771528090+0120)\/","VoteBusinessNumber":null,"VoteBusinessShortNumber":null,"VoteBusinessTitle":null}]},"ID":"72027","Language":"DE","IdMeeting":"5251","VerbalixOid":806300,"SortOrder":2,"Modified":"\/Date(1788462015314)\/"}}