{"d":{"__metadata":{"id":"https://ws.parlament.ch/OData.svc/Subject(ID=72048L,Language='FR')","uri":"https://ws.parlament.ch/OData.svc/Subject(ID=72048L,Language='FR')","type":"itsystems.Pd.DataServices.DataModel.Subject"},"Meetings":{"__metadata":{"id":"https://ws.parlament.ch/OData.svc/Meeting(ID=5251L,Language='FR')","uri":"https://ws.parlament.ch/OData.svc/Meeting(ID=5251L,Language='FR')","type":"itsystems.Pd.DataServices.DataModel.Meeting"},"Sessions":{"__deferred":{"uri":"https://ws.parlament.ch/OData.svc/Meeting(ID=5251L,Language='FR')/Sessions"}},"Subjects":{"__deferred":{"uri":"https://ws.parlament.ch/OData.svc/Meeting(ID=5251L,Language='FR')/Subjects"}},"ID":"5251","Language":"FR","MeetingNumber":12,"IdSession":5214,"SessionNumber":14,"SessionName":"Session d'\u00e9t\u00e9 2026","Council":2,"CouncilName":"Conseil des Etats","CouncilAbbreviation":"CE","Date":"\/Date(1781740800000)\/","Begin":"0815","Modified":"\/Date(1784195404599)\/","LegislativePeriodNumber":52,"PublicationStatus":"final","MeetingOrderText":"Douzi\u00e8me s\u00e9ance","SortOrder":12,"Location":"S"},"SubjectsBusiness":{"results":[{"__metadata":{"id":"https://ws.parlament.ch/OData.svc/SubjectBusiness(BusinessNumber=20242039,IdSubject=72048L,Language='FR')","uri":"https://ws.parlament.ch/OData.svc/SubjectBusiness(BusinessNumber=20242039,IdSubject=72048L,Language='FR')","type":"itsystems.Pd.DataServices.DataModel.SubjectBusiness"},"Subjects":{"__deferred":{"uri":"https://ws.parlament.ch/OData.svc/SubjectBusiness(BusinessNumber=20242039,IdSubject=72048L,Language='FR')/Subjects"}},"Businesses":{"__deferred":{"uri":"https://ws.parlament.ch/OData.svc/SubjectBusiness(BusinessNumber=20242039,IdSubject=72048L,Language='FR')/Businesses"}},"IdSubject":"72048","BusinessNumber":20242039,"Language":"FR","BusinessShortNumber":"24.2039","Title":"\u00c9change d'objets lou\u00e9s : garantir la s\u00e9curit\u00e9 juridique, mieux utiliser l'espace habitable","SortOrder":1,"PublishedNotes":null,"Modified":"\/Date(1781523559686)\/","TitleDE":"Petition Jugendsession 2024.\nTausch von Mietobjekten.\nRechtssicherheit schaffen,\nWohnraum besser nutzen","TitleFR":"P\u00e9tition Session des jeunes 2024.\nEchange d'objets lou\u00e9s. Garantir\nla s\u00e9curit\u00e9 juridique, mieux utiliser\nl'espace habitable","TitleIT":null}]},"Transcripts":{"results":[{"__metadata":{"id":"https://ws.parlament.ch/OData.svc/Transcript(ID=378038L,Language='FR')","uri":"https://ws.parlament.ch/OData.svc/Transcript(ID=378038L,Language='FR')","type":"itsystems.Pd.DataServices.DataModel.Transcript"},"Subjects":{"__deferred":{"uri":"https://ws.parlament.ch/OData.svc/Transcript(ID=378038L,Language='FR')/Subjects"}},"MembersCouncil":{"__deferred":{"uri":"https://ws.parlament.ch/OData.svc/Transcript(ID=378038L,Language='FR')/MembersCouncil"}},"Businesses":{"__deferred":{"uri":"https://ws.parlament.ch/OData.svc/Transcript(ID=378038L,Language='FR')/Businesses"}},"ID":"378038","Language":"FR","IdSubject":"72048","VoteId":"8364","PersonNumber":null,"Type":2,"Text":"<pd_text><p><i>Abstimmung - Vote </i>[GZ]</p>\n<p>[NAM][GZ]</p>\n<p>F\u00fcr den Antrag der Mehrheit ... 29 Stimmen[GZ]</p>\n<p>F\u00fcr den Antrag der Minderheit ... 8 Stimmen[GZ]</p>\n<p>(0 Enthaltungen)</p>\n</pd_text>","MeetingCouncilAbbreviation":"S","MeetingDate":"20260618","MeetingVerbalixOid":4194,"IdSession":"5214","SpeakerFirstName":null,"SpeakerLastName":null,"SpeakerFullName":"","SpeakerFunction":null,"CouncilId":null,"CouncilName":null,"CantonId":null,"CantonName":null,"CantonAbbreviation":null,"ParlGroupName":null,"ParlGroupAbbreviation":null,"SortOrder":4,"Start":"\/Date(1781785424019)\/","End":"\/Date(1781785487228)\/","Function":null,"DisplaySpeaker":null,"LanguageOfText":null,"Modified":"\/Date(1784986674412)\/","StartTimeWithTimezone":"\/Date(1781785424020+0120)\/","EndTimeWithTimezone":"\/Date(1781785487227+0120)\/","VoteBusinessNumber":20242039,"VoteBusinessShortNumber":"24.2039","VoteBusinessTitle":"P\u00e9tition Session des jeunes 2024.\nEchange d'objets lou\u00e9s. Garantir\nla s\u00e9curit\u00e9 juridique, mieux utiliser\nl'espace habitable"},{"__metadata":{"id":"https://ws.parlament.ch/OData.svc/Transcript(ID=378057L,Language='FR')","uri":"https://ws.parlament.ch/OData.svc/Transcript(ID=378057L,Language='FR')","type":"itsystems.Pd.DataServices.DataModel.Transcript"},"Subjects":{"__deferred":{"uri":"https://ws.parlament.ch/OData.svc/Transcript(ID=378057L,Language='FR')/Subjects"}},"MembersCouncil":{"__deferred":{"uri":"https://ws.parlament.ch/OData.svc/Transcript(ID=378057L,Language='FR')/MembersCouncil"}},"Businesses":{"__deferred":{"uri":"https://ws.parlament.ch/OData.svc/Transcript(ID=378057L,Language='FR')/Businesses"}},"ID":"378057","Language":"FR","IdSubject":"72048","VoteId":null,"PersonNumber":4260,"Type":1,"Text":"<pd_text><p>Je reprends ici aussi la proposition de la minorit\u00e9 Sommaruga Carlo. </p>\n<p>La p\u00e9tition de la Session des jeunes 2024 a pour objectif de favoriser l'utilisation rationnelle de l'espace habitable par l'\u00e9change d'appartements. Elle propose l'introduction d'un nouvel article dans le code des obligations, l'\u00e9laboration d'un contrat type, ainsi que des mesures pour encourager ces \u00e9changes. Toutes les \u00e9tudes et statistiques officielles montrent que l'utilisation du parc locatif est loin d'\u00eatre optimale. De nombreuses personnes \u00e2g\u00e9es, par exemple, occupent des logements trop grands, tandis que des familles se serrent dans des logements trop petits, dans l'attente de la construction de nouveaux logements adapt\u00e9s \u00e0 leurs besoins. L'\u00e9change d'appartements n'est aujourd'hui pas possible, contrairement - cela a \u00e9t\u00e9 dit par le rapporteur - \u00e0 l'\u00e9change de surfaces commerciales. Deux locataires souhaitant \u00e9changer leur logement doivent r\u00e9silier leur bail et conclure un nouveau contrat. Cela permet aux bailleurs d'accro\u00eetre leur rendement, mais conduit, en pratique, les locataires \u00e0 renoncer \u00e0 l'\u00e9change, les nouveaux loyers \u00e9tant souvent plus \u00e9lev\u00e9s que ceux qu'ils payent actuellement.</p>\n<p>L'introduction dans le code des obligations d'un dispositif encadrant l'\u00e9change d'appartements favoriserait une meilleure occupation de l'espace habitable, tout en pr\u00e9venant d'\u00e9ventuels abus. Cette probl\u00e9matique a d\u00e9j\u00e0 \u00e9t\u00e9 discut\u00e9e \u00e0 plusieurs reprises au Conseil national, comme ici au Conseil des \u00c9tats. Les propositions ont chaque fois \u00e9t\u00e9 rejet\u00e9es. Toutefois, le traitement de cette p\u00e9tition intervient moins d'une semaine apr\u00e8s le vote sur l'initiative populaire \"Pas de Suisse \u00e0 10 millions[NB]! (initiative pour la durabilit\u00e9)\". Tout au long de la campagne, les initiants ont invoqu\u00e9 la p\u00e9nurie de logements et la col\u00e8re des locataires face \u00e0 l'explosion des loyers pour justifier leur objectif de limiter l'immigration - argument qui a trouv\u00e9 un \u00e9cho suffisant pour rassembler 45 pour cent de oui. D\u00e8s le rejet de l'initiative populaire dimanche, tous les partis ont appel\u00e9 \u00e0 prendre des mesures pour r\u00e9pondre aux frustrations exprim\u00e9es par la population. Nous avons aujourd'hui l'occasion de faire un premier geste concret en renvoyant cette p\u00e9tition en commission afin que cette derni\u00e8re formule une proposition permettant l'\u00e9change de logements avec le maintien des conditions locatives existantes. C'est, certes, une r\u00e9ponse tr\u00e8s partielle \u00e0 la crise du logement, mais ce serait une premi\u00e8re mesure tangible. </p>\n<p>Merci de renvoyer cette p\u00e9tition \u00e0 la commission.</p>\n</pd_text>","MeetingCouncilAbbreviation":"S","MeetingDate":"20260618","MeetingVerbalixOid":4194,"IdSession":"5214","SpeakerFirstName":"Fabien","SpeakerLastName":"Fivaz","SpeakerFullName":"Fivaz Fabien","SpeakerFunction":"Mit-M","CouncilId":2,"CouncilName":"Conseil des Etats","CantonId":24,"CantonName":"Neuch\u00e2tel","CantonAbbreviation":"NE","ParlGroupName":"Groupe des VERT-E-S","ParlGroupAbbreviation":"G","SortOrder":3,"Start":"\/Date(1781785294154)\/","End":"\/Date(1781785424019)\/","Function":"Mit-M","DisplaySpeaker":true,"LanguageOfText":"FR","Modified":"\/Date(1784986674409)\/","StartTimeWithTimezone":"\/Date(1781785294153+0120)\/","EndTimeWithTimezone":"\/Date(1781785424020+0120)\/","VoteBusinessNumber":null,"VoteBusinessShortNumber":null,"VoteBusinessTitle":null},{"__metadata":{"id":"https://ws.parlament.ch/OData.svc/Transcript(ID=378066L,Language='FR')","uri":"https://ws.parlament.ch/OData.svc/Transcript(ID=378066L,Language='FR')","type":"itsystems.Pd.DataServices.DataModel.Transcript"},"Subjects":{"__deferred":{"uri":"https://ws.parlament.ch/OData.svc/Transcript(ID=378066L,Language='FR')/Subjects"}},"MembersCouncil":{"__deferred":{"uri":"https://ws.parlament.ch/OData.svc/Transcript(ID=378066L,Language='FR')/MembersCouncil"}},"Businesses":{"__deferred":{"uri":"https://ws.parlament.ch/OData.svc/Transcript(ID=378066L,Language='FR')/Businesses"}},"ID":"378066","Language":"FR","IdSubject":"72048","VoteId":null,"PersonNumber":10839,"Type":1,"Text":"<pd_text><p>La Commission des affaires juridiques du Conseil des \u00c9tats, par 7 voix contre 4 et aucune abstention, vous demande de ne pas donner suite \u00e0 cette p\u00e9tition. La minorit\u00e9 Sommaruga Carlo, qui s'exprimera par la voix de M.[NB]Fivaz, vous demande au contraire [PAGE 671] d'y donner suite. Quel est exactement l'objectif de cette p\u00e9tition, qui a d\u00e9j\u00e0 \u00e9t\u00e9 rejet\u00e9e par le Conseil national le 26 septembre 2025, par 122 voix contre 71 et 2 abstentions. Elle vise \u00e0 la cr\u00e9ation d'un nouvel article 263a du code des obligations, qui permette des transferts crois\u00e9s de baux. Cette disposition a \u00e9t\u00e9 \u00e9labor\u00e9e sur le mod\u00e8le de l'article 263 du code des obligations, qui existe d\u00e9j\u00e0 aujourd'hui pour les locaux commerciaux, mais sans la solidarit\u00e9 du locataire sortant, que pr\u00e9voit la disposition en vigueur pour les baux commerciaux.</p>\n<p>La probl\u00e9matique n'est pas discut\u00e9e, nous la connaissons. D'un c\u00f4t\u00e9, des locataires souvent \u00e2g\u00e9s occupent des appartements spacieux, qu'ils occupaient pr\u00e9alablement avec leur conjoint souvent d\u00e9c\u00e9d\u00e9, avec des enfants qui ont quitt\u00e9 le m\u00e9nage, et avec des loyers qui sont rest\u00e9s modestes. D'un autre c\u00f4t\u00e9, de nouvelles familles cherchent \u00e0 se reloger et, pour des loyers certainement sup\u00e9rieurs \u00e0 celui des premiers locataires dont je viens de parler, n'ont que des appartements plus \u00e9troits. L'id\u00e9e serait de faire des \u00e9changes et de permettre aux familles qui sont dans des petits appartements d'en occuper de plus grands, sans possibilit\u00e9 pour le bailleur de s'y opposer, sauf s'il y a des inconv\u00e9nients graves, dit la disposition propos\u00e9e. Ainsi la personne \u00e2g\u00e9e pourrait aller dans un appartement plus petit.</p>\n<p>Le probl\u00e8me n'est pas nouveau, il a d\u00e9j\u00e0 \u00e9t\u00e9 soumis \u00e0 notre Parlement. Je rappelle que, \u00e0 l'\u00e9poque o\u00f9 M.[NB]Sommaruga \u00e9tait alors au Conseil national, l'initiative parlementaire 11.421, qui, par son num\u00e9ro, vous rappelle son anciennet\u00e9, avait \u00e9t\u00e9 rejet\u00e9e. Il y a ensuite eu la motion Sommaruga Carlo 23.3177, d\u00e9pos\u00e9e le 15 mars 2023, donc beaucoup plus r\u00e9cemment, qui elle a \u00e9t\u00e9 rejet\u00e9e le 14 juin 2023, donc il y a trois ans \u00e0 peine. Le Conseil f\u00e9d\u00e9ral proposait, \u00e0 l'\u00e9poque, de rejeter cette motion, il avait \u00e9t\u00e9 suivi en raison de la restriction importante que cette nouvelle disposition impliquerait pour le droit de propri\u00e9t\u00e9, en obligeant un bailleur \u00e0 accepter un nouveau locataire et en l'emp\u00eachant d'adapter le loyer au prix du march\u00e9. On le comprend tr\u00e8s bien. Beaucoup de propri\u00e9taires qui ont des personnes \u00e2g\u00e9es qui sont depuis tr\u00e8s longtemps dans un appartement rechignent \u00e0 augmenter r\u00e9guli\u00e8rement le loyer, sachant que ces personnes, par l'\u00e9coulement naturel de la vie, vont un jour sortir de cet appartement, et, \u00e0 ce moment-l\u00e0, des travaux seront ex\u00e9cut\u00e9s avec une adaptation du loyer.</p>\n<p>Avec le syst\u00e8me qui vous est propos\u00e9 par cette p\u00e9tition, \u00e9videmment, le propri\u00e9taire n'aurait plus son mot \u00e0 dire et, \u00e0 ce moment-l\u00e0, ce loyer tr\u00e8s favorable qu'il aurait consenti pour un ancien locataire lui serait oppos\u00e9 par une nouvelle famille qui, ainsi, pourrait, durant des ann\u00e9es encore, profiter de ce loyer favorable. L'atteinte est importante et, en raison de cette atteinte importante au droit de propri\u00e9t\u00e9, le Conseil f\u00e9d\u00e9ral, suivi en cela par le Conseil des \u00c9tats, avait rejet\u00e9 cette motion de M.[NB]Sommaruga.</p>\n<p>Aujourd'hui, nous n'avons pas d'arguments suppl\u00e9mentaires \u00e0 examiner et, pour les m\u00eames motifs que ceux qui vous avaient amen\u00e9s \u00e0 rejeter cette motion, il vous est demand\u00e9 par la majorit\u00e9 de la commission d'en faire de m\u00eame et de ne pas donner suite \u00e0 cette p\u00e9tition.</p>\n</pd_text>","MeetingCouncilAbbreviation":"S","MeetingDate":"20260618","MeetingVerbalixOid":4194,"IdSession":"5214","SpeakerFirstName":"Mauro","SpeakerLastName":"Poggia","SpeakerFullName":"Poggia Mauro","SpeakerFunction":"Mit-M","CouncilId":2,"CouncilName":"Conseil des Etats","CantonId":25,"CantonName":"Gen\u00e8ve","CantonAbbreviation":"GE","ParlGroupName":"Groupe de l'Union d\u00e9mocratique du Centre","ParlGroupAbbreviation":"V","SortOrder":2,"Start":"\/Date(1781785014311)\/","End":"\/Date(1781785283279)\/","Function":"*","DisplaySpeaker":true,"LanguageOfText":"FR","Modified":"\/Date(1784986674408)\/","StartTimeWithTimezone":"\/Date(1781785014310+0120)\/","EndTimeWithTimezone":"\/Date(1781785283280+0120)\/","VoteBusinessNumber":null,"VoteBusinessShortNumber":null,"VoteBusinessTitle":null},{"__metadata":{"id":"https://ws.parlament.ch/OData.svc/Transcript(ID=378104L,Language='FR')","uri":"https://ws.parlament.ch/OData.svc/Transcript(ID=378104L,Language='FR')","type":"itsystems.Pd.DataServices.DataModel.Transcript"},"Subjects":{"__deferred":{"uri":"https://ws.parlament.ch/OData.svc/Transcript(ID=378104L,Language='FR')/Subjects"}},"MembersCouncil":{"__deferred":{"uri":"https://ws.parlament.ch/OData.svc/Transcript(ID=378104L,Language='FR')/MembersCouncil"}},"Businesses":{"__deferred":{"uri":"https://ws.parlament.ch/OData.svc/Transcript(ID=378104L,Language='FR')/Businesses"}},"ID":"378104","Language":"FR","IdSubject":"72048","VoteId":null,"PersonNumber":4055,"Type":1,"Text":"<pd_text><p><i>Antrag der Mehrheit </i>[GZ]</p>\n<p>Der Petition keine Folge geben</p>\n<p>[VS]</p>\n<p><i>Antrag der Minderheit </i>[GZ]</p>\n<p>(Sommaruga Carlo, Crevoisier Crelier, Fivaz Fabien, Jositsch)[GZ]</p>\n<p>Der Petition Folge geben und sie an die Kommission zur\u00fcckweisen</p>\n<p>mit dem Auftrag, das Petitionsanliegen mit einer parlamentarischen Initiative oder einem Vorstoss aufzunehmen.</p>\n<p>[VS]</p>\n<p><i>Proposition de la majorit\u00e9 </i>[GZ]</p>\n<p>Ne pas donner suite \u00e0 la p\u00e9tition</p>\n<p>[VS]</p>\n<p><i>Proposition de la minorit\u00e9 </i>[GZ]</p>\n<p>(Sommaruga Carlo, Crevoisier Crelier, Fivaz Fabien, Jositsch)[GZ]</p>\n<p>Donner suite \u00e0 la p\u00e9tition et la renvoyer \u00e0 la commission</p>\n<p>avec mandat de reprendre \u00e0 son compte l'objectif au moyen d'une initiative ou d'une intervention parlementaire.</p>\n<p>[VS]</p>\n<p><b>Pr\u00e4sident</b> (Engler Stefan, Pr\u00e4sident): Es liegt Ihnen ein schriftlicher Bericht der Kommission vor.</p>\n</pd_text>","MeetingCouncilAbbreviation":"S","MeetingDate":"20260618","MeetingVerbalixOid":4194,"IdSession":"5214","SpeakerFirstName":"Stefan","SpeakerLastName":"Engler","SpeakerFullName":"Engler Stefan","SpeakerFunction":"P-M","CouncilId":2,"CouncilName":"Conseil des Etats","CantonId":18,"CantonName":"Grisons","CantonAbbreviation":"GR","ParlGroupName":"Le Groupe du Centre. Le Centre. PEV.","ParlGroupAbbreviation":"M-E","SortOrder":1,"Start":"\/Date(1781784999061)\/","End":"\/Date(1781785014311)\/","Function":"P-M","DisplaySpeaker":false,"LanguageOfText":null,"Modified":"\/Date(1784986674407)\/","StartTimeWithTimezone":"\/Date(1781784999060+0120)\/","EndTimeWithTimezone":"\/Date(1781785014310+0120)\/","VoteBusinessNumber":null,"VoteBusinessShortNumber":null,"VoteBusinessTitle":null}]},"ID":"72048","Language":"FR","IdMeeting":"5251","VerbalixOid":806542,"SortOrder":21,"Modified":"\/Date(1784986674406)\/"}}