{"d":{"__metadata":{"id":"https://ws.parlament.ch/OData.svc/Subject(ID=72074L,Language='FR')","uri":"https://ws.parlament.ch/OData.svc/Subject(ID=72074L,Language='FR')","type":"itsystems.Pd.DataServices.DataModel.Subject"},"Meetings":{"__metadata":{"id":"https://ws.parlament.ch/OData.svc/Meeting(ID=5252L,Language='FR')","uri":"https://ws.parlament.ch/OData.svc/Meeting(ID=5252L,Language='FR')","type":"itsystems.Pd.DataServices.DataModel.Meeting"},"Sessions":{"__deferred":{"uri":"https://ws.parlament.ch/OData.svc/Meeting(ID=5252L,Language='FR')/Sessions"}},"Subjects":{"__deferred":{"uri":"https://ws.parlament.ch/OData.svc/Meeting(ID=5252L,Language='FR')/Subjects"}},"ID":"5252","Language":"FR","MeetingNumber":15,"IdSession":5214,"SessionNumber":14,"SessionName":"Session d'\u00e9t\u00e9 2026","Council":1,"CouncilName":"Conseil national","CouncilAbbreviation":"CN","Date":"\/Date(1781740800000)\/","Begin":"1500","Modified":"\/Date(1784797899616)\/","LegislativePeriodNumber":52,"PublicationStatus":"final","MeetingOrderText":"Quinzi\u00e8me s\u00e9ance","SortOrder":15,"Location":"N"},"SubjectsBusiness":{"results":[{"__metadata":{"id":"https://ws.parlament.ch/OData.svc/SubjectBusiness(BusinessNumber=20250090,IdSubject=72074L,Language='FR')","uri":"https://ws.parlament.ch/OData.svc/SubjectBusiness(BusinessNumber=20250090,IdSubject=72074L,Language='FR')","type":"itsystems.Pd.DataServices.DataModel.SubjectBusiness"},"Subjects":{"__deferred":{"uri":"https://ws.parlament.ch/OData.svc/SubjectBusiness(BusinessNumber=20250090,IdSubject=72074L,Language='FR')/Subjects"}},"Businesses":{"__deferred":{"uri":"https://ws.parlament.ch/OData.svc/SubjectBusiness(BusinessNumber=20250090,IdSubject=72074L,Language='FR')/Businesses"}},"IdSubject":"72074","BusinessNumber":20250090,"Language":"FR","BusinessShortNumber":"25.090","Title":"Convention de double imposition entre la Suisse et la Croatie. Modification","SortOrder":1,"PublishedNotes":"Zweitrat - Deuxi\u00e8me Conseil\n","Modified":"\/Date(1771837433560)\/","TitleDE":"Doppelbesteuerungsabkommen\nzwischen der Schweiz und Kroatien.\n\u00c4nderung","TitleFR":"Convention de double imposition\nentre la Suisse et la Croatie.\nModification","TitleIT":null},{"__metadata":{"id":"https://ws.parlament.ch/OData.svc/SubjectBusiness(BusinessNumber=20250091,IdSubject=72074L,Language='FR')","uri":"https://ws.parlament.ch/OData.svc/SubjectBusiness(BusinessNumber=20250091,IdSubject=72074L,Language='FR')","type":"itsystems.Pd.DataServices.DataModel.SubjectBusiness"},"Subjects":{"__deferred":{"uri":"https://ws.parlament.ch/OData.svc/SubjectBusiness(BusinessNumber=20250091,IdSubject=72074L,Language='FR')/Subjects"}},"Businesses":{"__deferred":{"uri":"https://ws.parlament.ch/OData.svc/SubjectBusiness(BusinessNumber=20250091,IdSubject=72074L,Language='FR')/Businesses"}},"IdSubject":"72074","BusinessNumber":20250091,"Language":"FR","BusinessShortNumber":"25.091","Title":"Convention de double imposition entre la Suisse et la Belgique. Modification","SortOrder":2,"PublishedNotes":"Zweitrat - Deuxi\u00e8me Conseil\n","Modified":"\/Date(1771837633976)\/","TitleDE":"Doppelbesteuerungsabkommen\nzwischen der Schweiz und Belgien.\n\u00c4nderung","TitleFR":"Convention de double imposition\nentre la Suisse et la Belgique.\nModification","TitleIT":null}]},"Transcripts":{"results":[{"__metadata":{"id":"https://ws.parlament.ch/OData.svc/Transcript(ID=378231L,Language='FR')","uri":"https://ws.parlament.ch/OData.svc/Transcript(ID=378231L,Language='FR')","type":"itsystems.Pd.DataServices.DataModel.Transcript"},"Subjects":{"__deferred":{"uri":"https://ws.parlament.ch/OData.svc/Transcript(ID=378231L,Language='FR')/Subjects"}},"MembersCouncil":{"__deferred":{"uri":"https://ws.parlament.ch/OData.svc/Transcript(ID=378231L,Language='FR')/MembersCouncil"}},"Businesses":{"__deferred":{"uri":"https://ws.parlament.ch/OData.svc/Transcript(ID=378231L,Language='FR')/Businesses"}},"ID":"378231","Language":"FR","IdSubject":"72074","VoteId":null,"PersonNumber":4142,"Type":1,"Text":"<pd_text><p>Bei den beiden hier gemeinsam beratenen Gesch\u00e4ften handelt es sich um Revisionen bestehender Doppelbesteuerungsabkommen, n\u00e4mlich desjenigen mit Kroatien, dieses wurde urspr\u00fcnglich 1999 abgeschlossen, und desjenigen mit Belgien, dieses wurde 1978 abgeschlossen und 2014 erstmals revidiert. Die WAK Ihres Rates hat diese Gesch\u00e4fte am 19.[NB]Mai beraten und gutgeheissen. </p>\n<p>Les r\u00e9visions des conventions de double imposition (CDI) avec la Croatie et la Belgique s'inscrivent dans une s\u00e9rie d'autres r\u00e9visions de CDI que nous avons d\u00e9j\u00e0 examin\u00e9es et approuv\u00e9es.</p>\n<p>In beiden Vorlagen geht es um die Umsetzung von Mindeststandards aus dem Beps-Projekt der OECD, das Sie bestens kennen. Es richtet sich gegen Abkommensmissbrauch und dreht sich um die Verbesserung der Streitbeilegung. So enthalten beide revidierten Doppelbesteuerungsabkommen die sogenannte \"principal purpose test rule\" und eine standardkonforme Verst\u00e4ndigungsregelung im Interesse der Rechtsunterworfenen. </p>\n<p>Im Falle des Doppelbesteuerungsabkommens mit Kroatien kommt noch die Umsetzung des Mindeststandards f\u00fcr den Informationsaustausch auf Ersuchen hinzu. Dieser besteht mit Kroatien materiell bereits \u00fcber das Amtshilfe\u00fcbereinkommen und das AIA-Abkommen mit der EU. Er soll nun aber auch noch explizit im DBA Eingang finden. </p>\n<p>Pour les deux conventions fiscales, les r\u00e9visions n'entra\u00eenent aucune modification des r\u00e8gles existantes de r\u00e9partition fiscale des revenus et de la fortune. Lors des d\u00e9lib\u00e9rations de la commission, il a en outre \u00e9t\u00e9 confirm\u00e9 que les r\u00e9visions des conventions n'auraient aucune incidence sur les recettes fiscales.</p>\n<p>Hingegen sollen die Abkommen die bilateralen Wirtschaftsbeziehungen weiter f\u00f6rdern. </p>\n<p>Die Kantone und die interessierten Kreise wurden im Februar[NB]2025 \u00fcber die Revisionen orientiert. Angesichts der ausschliesslich positiven Reaktionen konnte auf eine Vernehmlassung verzichtet werden.</p>\n<p>En revanche, ces deux projets sont soumis au r\u00e9f\u00e9rendum facultatif.</p>\n<p>Eintreten auf die Vorlage war in der Kommission nicht bestritten. Die Kommission hat dem \u00c4nderungsprotokoll mit Kroatien respektive dem entsprechenden Beschluss des St\u00e4nderates, der die Vorlagen bereits beraten hat, mit 18 zu 0 Stimmen bei 5 Enthaltungen und dem Zusatzabkommen mit Belgien einstimmig mit 23 zu 0 Stimmen ebenfalls zugestimmt.</p>\n<p>Au nom de la commission, je vous propose donc d'approuver les deux r\u00e9visions de conventions fiscales.</p>\n<p>Ich beantrage Ihnen entsprechend namens der Kommission, den beiden DBA-Revisionen zuzustimmen.</p>\n</pd_text>","MeetingCouncilAbbreviation":"N","MeetingDate":"20260618","MeetingVerbalixOid":4195,"IdSession":"5214","SpeakerFirstName":"Beat","SpeakerLastName":"Walti","SpeakerFullName":"Walti Beat","SpeakerFunction":"Mit-M","CouncilId":1,"CouncilName":"Conseil national","CantonId":1,"CantonName":"Zurich","CantonAbbreviation":"ZH","ParlGroupName":"Groupe lib\u00e9ral-radical","ParlGroupAbbreviation":"RL","SortOrder":2,"Start":"\/Date(1781805768648)\/","End":"\/Date(1781805991999)\/","Function":"*","DisplaySpeaker":true,"LanguageOfText":"DE","Modified":"\/Date(1785315110627)\/","StartTimeWithTimezone":"\/Date(1781805768647+0120)\/","EndTimeWithTimezone":"\/Date(1781805992000+0120)\/","VoteBusinessNumber":null,"VoteBusinessShortNumber":null,"VoteBusinessTitle":null},{"__metadata":{"id":"https://ws.parlament.ch/OData.svc/Transcript(ID=378236L,Language='FR')","uri":"https://ws.parlament.ch/OData.svc/Transcript(ID=378236L,Language='FR')","type":"itsystems.Pd.DataServices.DataModel.Transcript"},"Subjects":{"__deferred":{"uri":"https://ws.parlament.ch/OData.svc/Transcript(ID=378236L,Language='FR')/Subjects"}},"MembersCouncil":{"__deferred":{"uri":"https://ws.parlament.ch/OData.svc/Transcript(ID=378236L,Language='FR')/MembersCouncil"}},"Businesses":{"__deferred":{"uri":"https://ws.parlament.ch/OData.svc/Transcript(ID=378236L,Language='FR')/Businesses"}},"ID":"378236","Language":"FR","IdSubject":"72074","VoteId":"32762","PersonNumber":null,"Type":2,"Text":"<pd_text><p><i>Gesamtabstimmung - Vote sur l'ensemble </i>[GZ]</p>\n<p>[NAM][GZ]</p>\n<p>F\u00fcr Annahme des Entwurfes ... 148 Stimmen [GZ]</p>\n<p>Dagegen ... 19 Stimmen [GZ]</p>\n<p>(15 Enthaltungen)</p>\n<p>[VS]</p>\n</pd_text>","MeetingCouncilAbbreviation":"N","MeetingDate":"20260618","MeetingVerbalixOid":4195,"IdSession":"5214","SpeakerFirstName":null,"SpeakerLastName":null,"SpeakerFullName":"","SpeakerFunction":null,"CouncilId":null,"CouncilName":null,"CantonId":null,"CantonName":null,"CantonAbbreviation":null,"ParlGroupName":null,"ParlGroupAbbreviation":null,"SortOrder":5,"Start":"\/Date(1781806165591)\/","End":"\/Date(1781806165591)\/","Function":null,"DisplaySpeaker":null,"LanguageOfText":null,"Modified":"\/Date(1785315110631)\/","StartTimeWithTimezone":"\/Date(1781806165590+0120)\/","EndTimeWithTimezone":"\/Date(1781806165590+0120)\/","VoteBusinessNumber":20250090,"VoteBusinessShortNumber":"25.090","VoteBusinessTitle":"Convention de double imposition\nentre la Suisse et la Croatie.\nModification"},{"__metadata":{"id":"https://ws.parlament.ch/OData.svc/Transcript(ID=378238L,Language='FR')","uri":"https://ws.parlament.ch/OData.svc/Transcript(ID=378238L,Language='FR')","type":"itsystems.Pd.DataServices.DataModel.Transcript"},"Subjects":{"__deferred":{"uri":"https://ws.parlament.ch/OData.svc/Transcript(ID=378238L,Language='FR')/Subjects"}},"MembersCouncil":{"__deferred":{"uri":"https://ws.parlament.ch/OData.svc/Transcript(ID=378238L,Language='FR')/MembersCouncil"}},"Businesses":{"__deferred":{"uri":"https://ws.parlament.ch/OData.svc/Transcript(ID=378238L,Language='FR')/Businesses"}},"ID":"378238","Language":"FR","IdSubject":"72074","VoteId":"32763","PersonNumber":null,"Type":2,"Text":"<pd_text><p><i>Gesamtabstimmung - Vote sur l'ensemble </i>[GZ]</p>\n<p>[NAM][GZ]</p>\n<p>F\u00fcr Annahme des Entwurfes ... 152 Stimmen [GZ]</p>\n<p>Dagegen ... 18 Stimmen [GZ]</p>\n<p>(14 Enthaltungen)</p>\n</pd_text>","MeetingCouncilAbbreviation":"N","MeetingDate":"20260618","MeetingVerbalixOid":4195,"IdSession":"5214","SpeakerFirstName":null,"SpeakerLastName":null,"SpeakerFullName":"","SpeakerFunction":null,"CouncilId":null,"CouncilName":null,"CantonId":null,"CantonName":null,"CantonAbbreviation":null,"ParlGroupName":null,"ParlGroupAbbreviation":null,"SortOrder":7,"Start":"\/Date(1781806239559)\/","End":"\/Date(1781806239559)\/","Function":null,"DisplaySpeaker":null,"LanguageOfText":null,"Modified":"\/Date(1785315110635)\/","StartTimeWithTimezone":"\/Date(1781806239560+0120)\/","EndTimeWithTimezone":"\/Date(1781806239560+0120)\/","VoteBusinessNumber":20250091,"VoteBusinessShortNumber":"25.091","VoteBusinessTitle":"Convention de double imposition\nentre la Suisse et la Belgique.\nModification"},{"__metadata":{"id":"https://ws.parlament.ch/OData.svc/Transcript(ID=378242L,Language='FR')","uri":"https://ws.parlament.ch/OData.svc/Transcript(ID=378242L,Language='FR')","type":"itsystems.Pd.DataServices.DataModel.Transcript"},"Subjects":{"__deferred":{"uri":"https://ws.parlament.ch/OData.svc/Transcript(ID=378242L,Language='FR')/Subjects"}},"MembersCouncil":{"__deferred":{"uri":"https://ws.parlament.ch/OData.svc/Transcript(ID=378242L,Language='FR')/MembersCouncil"}},"Businesses":{"__deferred":{"uri":"https://ws.parlament.ch/OData.svc/Transcript(ID=378242L,Language='FR')/Businesses"}},"ID":"378242","Language":"FR","IdSubject":"72074","VoteId":null,"PersonNumber":4062,"Type":1,"Text":"<pd_text><p>Der Nationalrat behandelt das \u00c4nderungsprotokoll zum Doppelbesteuerungsabkommen (DBA) mit Kroatien als Zweitrat. Der St\u00e4nderat hat es bereits in der Fr\u00fchjahrssession einstimmig gutgeheissen.</p>\n<p>Das \u00c4nderungsprotokoll mit Kroatien ist das Resultat von Verhandlungen, die in erster Linie zwecks Anpassung an Mindeststandards im Bereich der DBA aufgenommen wurden. Insbesondere wurden Entwicklungen aus dem Beps-Projekt der OECD/G-20 gegen Gewinnverk\u00fcrzung und Gewinnverlagerung umgesetzt. Das Protokoll enth\u00e4lt dementsprechend eine Erg\u00e4nzung der Pr\u00e4ambel und eine Missbrauchsklausel in der Form eines Hauptzwecktests. Es erf\u00fcllt somit den Mindeststandard zur Verhinderung von Abkommensmissbr\u00e4uchen. Die Korrektur des steuerbaren Gewinns eines Unternehmens, die den Gewinn einer Betriebsst\u00e4tte oder eines verbundenen Unternehmens betrifft, muss k\u00fcnftig innerhalb von sechs Jahren vorgenommen werden. Damit wird der Mindeststandard zur Verbesserung der Streitbeilegung umgesetzt. Das \u00c4nderungsprotokoll mit Kroatien sieht ausserdem die Aufnahme einer Bestimmung betreffend den Informationsaustausch auf Ersuchen nach dem Wortlaut des OECD-Musterabkommens vor. </p>\n<p>Mit diesen \u00c4nderungen wird das DBA mit Kroatien die Beps-Mindeststandards in Bezug auf DBA erf\u00fcllen. Die Schweiz als Mitgliedstaat der OECD hat sich verpflichtet, die Mindeststandards in ihre DBA zu \u00fcbernehmen. Mit dem \u00c4nderungsprotokoll erfolgt ein weiterer Schritt in diese Richtung.</p>\n<p>Ich bitte Sie, dieses DBA mit Kroatien gutzuheissen.</p>\n</pd_text>","MeetingCouncilAbbreviation":"N","MeetingDate":"20260618","MeetingVerbalixOid":4195,"IdSession":"5214","SpeakerFirstName":"Karin","SpeakerLastName":"Keller-Sutter","SpeakerFullName":"Keller-Sutter Karin","SpeakerFunction":"BR-F","CouncilId":99,"CouncilName":"Conseil f\u00e9d\u00e9ral","CantonId":17,"CantonName":"St-Gall","CantonAbbreviation":"SG","ParlGroupName":null,"ParlGroupAbbreviation":null,"SortOrder":3,"Start":"\/Date(1781806000568)\/","End":"\/Date(1781806100273)\/","Function":"BR-F","DisplaySpeaker":true,"LanguageOfText":"DE","Modified":"\/Date(1785315110628)\/","StartTimeWithTimezone":"\/Date(1781806000567+0120)\/","EndTimeWithTimezone":"\/Date(1781806100273+0120)\/","VoteBusinessNumber":null,"VoteBusinessShortNumber":null,"VoteBusinessTitle":null},{"__metadata":{"id":"https://ws.parlament.ch/OData.svc/Transcript(ID=378265L,Language='FR')","uri":"https://ws.parlament.ch/OData.svc/Transcript(ID=378265L,Language='FR')","type":"itsystems.Pd.DataServices.DataModel.Transcript"},"Subjects":{"__deferred":{"uri":"https://ws.parlament.ch/OData.svc/Transcript(ID=378265L,Language='FR')/Subjects"}},"MembersCouncil":{"__deferred":{"uri":"https://ws.parlament.ch/OData.svc/Transcript(ID=378265L,Language='FR')/MembersCouncil"}},"Businesses":{"__deferred":{"uri":"https://ws.parlament.ch/OData.svc/Transcript(ID=378265L,Language='FR')/Businesses"}},"ID":"378265","Language":"FR","IdSubject":"72074","VoteId":null,"PersonNumber":4169,"Type":1,"Text":"<pd_text><p><b>Le pr\u00e9sident</b> (Page Pierre-Andr\u00e9, pr\u00e9sident): Nous allons mener un seul d\u00e9bat sur l'entr\u00e9e en mati\u00e8re et la discussion par article sur les deux objets. </p>\n</pd_text>","MeetingCouncilAbbreviation":"N","MeetingDate":"20260618","MeetingVerbalixOid":4195,"IdSession":"5214","SpeakerFirstName":"Pierre-Andr\u00e9","SpeakerLastName":"Page","SpeakerFullName":"Page Pierre-Andr\u00e9","SpeakerFunction":"P-M","CouncilId":1,"CouncilName":"Conseil national","CantonId":10,"CantonName":"Fribourg","CantonAbbreviation":"FR","ParlGroupName":"Groupe de l'Union d\u00e9mocratique du Centre","ParlGroupAbbreviation":"V","SortOrder":1,"Start":"\/Date(1781805698352)\/","End":"\/Date(1781805768648)\/","Function":"P-M","DisplaySpeaker":false,"LanguageOfText":null,"Modified":"\/Date(1785315110617)\/","StartTimeWithTimezone":"\/Date(1781805698353+0120)\/","EndTimeWithTimezone":"\/Date(1781805768647+0120)\/","VoteBusinessNumber":null,"VoteBusinessShortNumber":null,"VoteBusinessTitle":null},{"__metadata":{"id":"https://ws.parlament.ch/OData.svc/Transcript(ID=378266L,Language='FR')","uri":"https://ws.parlament.ch/OData.svc/Transcript(ID=378266L,Language='FR')","type":"itsystems.Pd.DataServices.DataModel.Transcript"},"Subjects":{"__deferred":{"uri":"https://ws.parlament.ch/OData.svc/Transcript(ID=378266L,Language='FR')/Subjects"}},"MembersCouncil":{"__deferred":{"uri":"https://ws.parlament.ch/OData.svc/Transcript(ID=378266L,Language='FR')/MembersCouncil"}},"Businesses":{"__deferred":{"uri":"https://ws.parlament.ch/OData.svc/Transcript(ID=378266L,Language='FR')/Businesses"}},"ID":"378266","Language":"FR","IdSubject":"72074","VoteId":null,"PersonNumber":4169,"Type":1,"Text":"<pd_text><p><b>Le pr\u00e9sident</b> (Page Pierre-Andr\u00e9, pr\u00e9sident): Le rapporteur renonce \u00e0 prendre la parole. </p>\n<p>[VS]</p>\n<p>[VS]</p>\n<p><b>25.090 </b>[GZ]</p>\n<p>[VS][GZ]</p>\n<p><b>Bundesbeschluss \u00fcber die Genehmigung eines Protokolls zur \u00c4nderung des Doppelbesteuerungsabkommens zwischen der Schweiz und Kroatien</b>[GZ]</p>\n<p><b>Arr\u00eat\u00e9 f\u00e9d\u00e9ral portant approbation d'un protocole modifiant la convention contre les doubles impositions entre la Suisse et la Croatie</b>[GZ]</p>\n<p>[VS][GZ]</p>\n<p><i>Eintreten wird ohne Gegenantrag beschlossen </i>[GZ]</p>\n<p><i>L'entr\u00e9e en mati\u00e8re est d\u00e9cid\u00e9e sans opposition</i></p>\n<p>[VS]</p>\n<p><i>Detailberatung - Discussion par article </i>[GZ]</p>\n<p>[VS][GZ]</p>\n<p><b>Titel und Ingress, Art. 1, 2</b>[GZ]</p>\n<p><i>Antrag der Kommission </i>[GZ]</p>\n<p>Zustimmung zum Beschluss des St\u00e4nderates</p>\n<p>[VS]</p>\n<p><b>Titre et pr\u00e9ambule, art. 1, 2</b>[GZ]</p>\n<p><i>Proposition de la commission </i>[GZ]</p>\n<p>Adh\u00e9rer \u00e0 la d\u00e9cision du Conseil des \u00c9tats [GZ]</p>\n<p>[VS][GZ]</p>\n<p><i>Angenommen - Adopt\u00e9 [PAGE 1421] </i></p>\n</pd_text>","MeetingCouncilAbbreviation":"N","MeetingDate":"20260618","MeetingVerbalixOid":4195,"IdSession":"5214","SpeakerFirstName":"Pierre-Andr\u00e9","SpeakerLastName":"Page","SpeakerFullName":"Page Pierre-Andr\u00e9","SpeakerFunction":"P-M","CouncilId":1,"CouncilName":"Conseil national","CantonId":10,"CantonName":"Fribourg","CantonAbbreviation":"FR","ParlGroupName":"Groupe de l'Union d\u00e9mocratique du Centre","ParlGroupAbbreviation":"V","SortOrder":4,"Start":"\/Date(1781806100273)\/","End":"\/Date(1781806165591)\/","Function":"P-M","DisplaySpeaker":false,"LanguageOfText":null,"Modified":"\/Date(1785315110630)\/","StartTimeWithTimezone":"\/Date(1781806100273+0120)\/","EndTimeWithTimezone":"\/Date(1781806165590+0120)\/","VoteBusinessNumber":null,"VoteBusinessShortNumber":null,"VoteBusinessTitle":null},{"__metadata":{"id":"https://ws.parlament.ch/OData.svc/Transcript(ID=378267L,Language='FR')","uri":"https://ws.parlament.ch/OData.svc/Transcript(ID=378267L,Language='FR')","type":"itsystems.Pd.DataServices.DataModel.Transcript"},"Subjects":{"__deferred":{"uri":"https://ws.parlament.ch/OData.svc/Transcript(ID=378267L,Language='FR')/Subjects"}},"MembersCouncil":{"__deferred":{"uri":"https://ws.parlament.ch/OData.svc/Transcript(ID=378267L,Language='FR')/MembersCouncil"}},"Businesses":{"__deferred":{"uri":"https://ws.parlament.ch/OData.svc/Transcript(ID=378267L,Language='FR')/Businesses"}},"ID":"378267","Language":"FR","IdSubject":"72074","VoteId":null,"PersonNumber":4169,"Type":1,"Text":"<pd_text><p><b>25.091</b> [GZ]</p>\n<p>[VS][GZ]</p>\n<p><b>Bundesbeschluss \u00fcber die Genehmigung eines Zusatzabkommens zur \u00c4nderung des Doppelbesteuerungsabkommens zwischen der Schweiz und Belgien</b>[GZ]</p>\n<p><b>Arr\u00eat\u00e9 f\u00e9d\u00e9ral portant approbation d'un avenant modifiant la convention contre les doubles impositions entre la Suisse et la Belgique</b>[GZ]</p>\n<p>[VS][GZ]</p>\n<p><i>Eintreten wird ohne Gegenantrag beschlossen </i>[GZ]</p>\n<p><i>L'entr\u00e9e en mati\u00e8re est d\u00e9cid\u00e9e sans opposition</i></p>\n<p>[VS]</p>\n<p><i>Detailberatung - Discussion par article </i>[GZ]</p>\n<p>[VS][GZ]</p>\n<p><b>Titel und Ingress, Art. 1, 2</b>[GZ]</p>\n<p><i>Antrag der Kommission </i>[GZ]</p>\n<p>Zustimmung zum Beschluss des St\u00e4nderates</p>\n<p>[VS]</p>\n<p><b>Titre et pr\u00e9ambule, art. 1, 2</b>[GZ]</p>\n<p><i>Proposition de la commission </i>[GZ]</p>\n<p>Adh\u00e9rer \u00e0 la d\u00e9cision du Conseil des \u00c9tats [GZ]</p>\n<p>[VS][GZ]</p>\n<p><i>Angenommen - Adopt\u00e9</i></p>\n</pd_text>","MeetingCouncilAbbreviation":"N","MeetingDate":"20260618","MeetingVerbalixOid":4195,"IdSession":"5214","SpeakerFirstName":"Pierre-Andr\u00e9","SpeakerLastName":"Page","SpeakerFullName":"Page Pierre-Andr\u00e9","SpeakerFunction":"P-M","CouncilId":1,"CouncilName":"Conseil national","CantonId":10,"CantonName":"Fribourg","CantonAbbreviation":"FR","ParlGroupName":"Groupe de l'Union d\u00e9mocratique du Centre","ParlGroupAbbreviation":"V","SortOrder":6,"Start":"\/Date(1781806165591)\/","End":"\/Date(1781806239559)\/","Function":"P-M","DisplaySpeaker":false,"LanguageOfText":null,"Modified":"\/Date(1785315110633)\/","StartTimeWithTimezone":"\/Date(1781806165590+0120)\/","EndTimeWithTimezone":"\/Date(1781806239560+0120)\/","VoteBusinessNumber":null,"VoteBusinessShortNumber":null,"VoteBusinessTitle":null},{"__metadata":{"id":"https://ws.parlament.ch/OData.svc/Transcript(ID=378268L,Language='FR')","uri":"https://ws.parlament.ch/OData.svc/Transcript(ID=378268L,Language='FR')","type":"itsystems.Pd.DataServices.DataModel.Transcript"},"Subjects":{"__deferred":{"uri":"https://ws.parlament.ch/OData.svc/Transcript(ID=378268L,Language='FR')/Subjects"}},"MembersCouncil":{"__deferred":{"uri":"https://ws.parlament.ch/OData.svc/Transcript(ID=378268L,Language='FR')/MembersCouncil"}},"Businesses":{"__deferred":{"uri":"https://ws.parlament.ch/OData.svc/Transcript(ID=378268L,Language='FR')/Businesses"}},"ID":"378268","Language":"FR","IdSubject":"72074","VoteId":null,"PersonNumber":4169,"Type":1,"Text":"<pd_text><p><b>Le pr\u00e9sident</b> (Page Pierre-Andr\u00e9, pr\u00e9sident): Les conseils ayant pris des d\u00e9cisions concordantes, les deux objets sont pr\u00eats pour le vote final. </p>\n</pd_text>","MeetingCouncilAbbreviation":"N","MeetingDate":"20260618","MeetingVerbalixOid":4195,"IdSession":"5214","SpeakerFirstName":"Pierre-Andr\u00e9","SpeakerLastName":"Page","SpeakerFullName":"Page Pierre-Andr\u00e9","SpeakerFunction":"P-M","CouncilId":1,"CouncilName":"Conseil national","CantonId":10,"CantonName":"Fribourg","CantonAbbreviation":"FR","ParlGroupName":"Groupe de l'Union d\u00e9mocratique du Centre","ParlGroupAbbreviation":"V","SortOrder":8,"Start":"\/Date(1781806239559)\/","End":"\/Date(1781806291302)\/","Function":"P-M","DisplaySpeaker":false,"LanguageOfText":null,"Modified":"\/Date(1785315110636)\/","StartTimeWithTimezone":"\/Date(1781806239560+0120)\/","EndTimeWithTimezone":"\/Date(1781806291303+0120)\/","VoteBusinessNumber":null,"VoteBusinessShortNumber":null,"VoteBusinessTitle":null}]},"ID":"72074","Language":"FR","IdMeeting":"5252","VerbalixOid":806821,"SortOrder":23,"Modified":"\/Date(1785315110616)\/"}}