{"d":{"__metadata":{"id":"https://ws.parlament.ch/OData.svc/Subject(ID=72081L,Language='FR')","uri":"https://ws.parlament.ch/OData.svc/Subject(ID=72081L,Language='FR')","type":"itsystems.Pd.DataServices.DataModel.Subject"},"Meetings":{"__metadata":{"id":"https://ws.parlament.ch/OData.svc/Meeting(ID=5252L,Language='FR')","uri":"https://ws.parlament.ch/OData.svc/Meeting(ID=5252L,Language='FR')","type":"itsystems.Pd.DataServices.DataModel.Meeting"},"Sessions":{"__deferred":{"uri":"https://ws.parlament.ch/OData.svc/Meeting(ID=5252L,Language='FR')/Sessions"}},"Subjects":{"__deferred":{"uri":"https://ws.parlament.ch/OData.svc/Meeting(ID=5252L,Language='FR')/Subjects"}},"ID":"5252","Language":"FR","MeetingNumber":15,"IdSession":5214,"SessionNumber":14,"SessionName":"Session d'\u00e9t\u00e9 2026","Council":1,"CouncilName":"Conseil national","CouncilAbbreviation":"CN","Date":"\/Date(1781740800000)\/","Begin":"1500","Modified":"\/Date(1784797899616)\/","LegislativePeriodNumber":52,"PublicationStatus":"final","MeetingOrderText":"Quinzi\u00e8me s\u00e9ance","SortOrder":15,"Location":"N"},"SubjectsBusiness":{"results":[{"__metadata":{"id":"https://ws.parlament.ch/OData.svc/SubjectBusiness(BusinessNumber=20244488,IdSubject=72081L,Language='FR')","uri":"https://ws.parlament.ch/OData.svc/SubjectBusiness(BusinessNumber=20244488,IdSubject=72081L,Language='FR')","type":"itsystems.Pd.DataServices.DataModel.SubjectBusiness"},"Subjects":{"__deferred":{"uri":"https://ws.parlament.ch/OData.svc/SubjectBusiness(BusinessNumber=20244488,IdSubject=72081L,Language='FR')/Subjects"}},"Businesses":{"__deferred":{"uri":"https://ws.parlament.ch/OData.svc/SubjectBusiness(BusinessNumber=20244488,IdSubject=72081L,Language='FR')/Businesses"}},"IdSubject":"72081","BusinessNumber":20244488,"Language":"FR","BusinessShortNumber":"24.4488","Title":"Mandats de conseil. Pas plus de 100 millions de francs par an","SortOrder":1,"PublishedNotes":null,"Modified":"\/Date(1742555893176)\/","TitleDE":"Motion Quadri Lorenzo.\nBeratungsmandate. Nicht mehr\nals 100 Millionen Franken pro Jahr","TitleFR":"Motion Quadri Lorenzo.\nMandats de conseil. Pas plus\nde 100 millions de francs par an","TitleIT":"Mozione Quadri Lorenzo.\nMandati di consulenza. Non superare\ni 100 milioni di franchi all'anno"}]},"Transcripts":{"results":[{"__metadata":{"id":"https://ws.parlament.ch/OData.svc/Transcript(ID=378256L,Language='FR')","uri":"https://ws.parlament.ch/OData.svc/Transcript(ID=378256L,Language='FR')","type":"itsystems.Pd.DataServices.DataModel.Transcript"},"Subjects":{"__deferred":{"uri":"https://ws.parlament.ch/OData.svc/Transcript(ID=378256L,Language='FR')/Subjects"}},"MembersCouncil":{"__deferred":{"uri":"https://ws.parlament.ch/OData.svc/Transcript(ID=378256L,Language='FR')/MembersCouncil"}},"Businesses":{"__deferred":{"uri":"https://ws.parlament.ch/OData.svc/Transcript(ID=378256L,Language='FR')/Businesses"}},"ID":"378256","Language":"FR","IdSubject":"72081","VoteId":"32784","PersonNumber":null,"Type":2,"Text":"<pd_text><p><b>Le pr\u00e9sident</b> (Page Pierre-Andr\u00e9, pr\u00e9sident): Le Conseil f\u00e9d\u00e9ral propose de rejeter la motion. </p>\n<p>[VS]</p>\n<p><i>Abstimmung - Vote </i>[GZ]</p>\n<p>[NAM][GZ]</p>\n<p>F\u00fcr Annahme der Motion ... 91 Stimmen [GZ]</p>\n<p>Dagegen ... 97 Stimmen [GZ]</p>\n<p>(1 Enthaltung)[GZ]</p>\n<p>[VS][GZ]</p>\n<p>[VS][GZ]</p>\n<p>[VS][GZ]</p>\n<p><i>Schluss der Sitzung um 18.45 Uhr </i>[GZ]</p>\n<p><i>La s\u00e9ance est lev\u00e9e \u00e0 18 h 45 [PAGE 1426] </i></p>\n<p>[VS]</p>\n<p>[VS]</p>\n<p>[VS]</p>\n<p>[VS]</p>\n</pd_text>","MeetingCouncilAbbreviation":"N","MeetingDate":"20260618","MeetingVerbalixOid":4195,"IdSession":"5214","SpeakerFirstName":null,"SpeakerLastName":null,"SpeakerFullName":"","SpeakerFunction":null,"CouncilId":null,"CouncilName":null,"CantonId":null,"CantonName":null,"CantonAbbreviation":null,"ParlGroupName":null,"ParlGroupAbbreviation":null,"SortOrder":3,"Start":"\/Date(1781808136081)\/","End":"\/Date(1781808436081)\/","Function":null,"DisplaySpeaker":null,"LanguageOfText":null,"Modified":"\/Date(1785315110664)\/","StartTimeWithTimezone":"\/Date(1781808136080+0120)\/","EndTimeWithTimezone":"\/Date(1781808436080+0120)\/","VoteBusinessNumber":20244488,"VoteBusinessShortNumber":"24.4488","VoteBusinessTitle":"Motion Quadri Lorenzo.\nMandats de conseil. Pas plus\nde 100 millions de francs par an"},{"__metadata":{"id":"https://ws.parlament.ch/OData.svc/Transcript(ID=378257L,Language='FR')","uri":"https://ws.parlament.ch/OData.svc/Transcript(ID=378257L,Language='FR')","type":"itsystems.Pd.DataServices.DataModel.Transcript"},"Subjects":{"__deferred":{"uri":"https://ws.parlament.ch/OData.svc/Transcript(ID=378257L,Language='FR')/Subjects"}},"MembersCouncil":{"__deferred":{"uri":"https://ws.parlament.ch/OData.svc/Transcript(ID=378257L,Language='FR')/MembersCouncil"}},"Businesses":{"__deferred":{"uri":"https://ws.parlament.ch/OData.svc/Transcript(ID=378257L,Language='FR')/Businesses"}},"ID":"378257","Language":"FR","IdSubject":"72081","VoteId":null,"PersonNumber":4062,"Type":1,"Text":"<pd_text><p>Der Bundesrat beantragt Ihnen die Ablehnung der Motion. Die Bundesverwaltung zieht dort externe Beratung hinzu, wo sie nicht \u00fcber das notwendige Wissen verf\u00fcgt. Diese tempor\u00e4ren und flexiblen Mandate sind in den meisten F\u00e4llen g\u00fcnstiger als dauerhafte Festanstellungen. Die von der Motion verlangten K\u00fcrzungen bei den Beratungsmandaten w\u00fcrden in einigen Bereichen also zu dauerhaft h\u00f6heren Personalausgaben f\u00fchren, und das sehen wir kritisch. </p>\n<p>Die Verwaltungseinheiten sollen grunds\u00e4tzlich selbst entscheiden k\u00f6nnen, wie sie ihre Globalbudgets zur Erf\u00fcllung ihrer Aufgaben am effizientesten einsetzen. Die Plafonierung einzelner Aufwandarten lehnt der Bundesrat ab. Wie Sie [PAGE 1425] wissen, hat der Bundesrat im Rahmen des Entlastungspakets 27 auch die Verwaltungsausgaben um 300 Millionen Franken gek\u00fcrzt. Sie werden also gek\u00fcrzt. Der Spielraum f\u00fcr die \u00c4mter in ihren Globalbudgets wird deshalb ohnehin enger, auch f\u00fcr externe Beratungen.</p>\n<p>Ich bitte Sie deshalb im Namen des Bundesrates, die Motion abzulehnen.</p>\n</pd_text>","MeetingCouncilAbbreviation":"N","MeetingDate":"20260618","MeetingVerbalixOid":4195,"IdSession":"5214","SpeakerFirstName":"Karin","SpeakerLastName":"Keller-Sutter","SpeakerFullName":"Keller-Sutter Karin","SpeakerFunction":"BR-F","CouncilId":99,"CouncilName":"Conseil f\u00e9d\u00e9ral","CantonId":17,"CantonName":"St-Gall","CantonAbbreviation":"SG","ParlGroupName":null,"ParlGroupAbbreviation":null,"SortOrder":2,"Start":"\/Date(1781808060978)\/","End":"\/Date(1781808136081)\/","Function":"BR-F","DisplaySpeaker":true,"LanguageOfText":"DE","Modified":"\/Date(1785315110662)\/","StartTimeWithTimezone":"\/Date(1781808060977+0120)\/","EndTimeWithTimezone":"\/Date(1781808136080+0120)\/","VoteBusinessNumber":null,"VoteBusinessShortNumber":null,"VoteBusinessTitle":null},{"__metadata":{"id":"https://ws.parlament.ch/OData.svc/Transcript(ID=378263L,Language='FR')","uri":"https://ws.parlament.ch/OData.svc/Transcript(ID=378263L,Language='FR')","type":"itsystems.Pd.DataServices.DataModel.Transcript"},"Subjects":{"__deferred":{"uri":"https://ws.parlament.ch/OData.svc/Transcript(ID=378263L,Language='FR')/Subjects"}},"MembersCouncil":{"__deferred":{"uri":"https://ws.parlament.ch/OData.svc/Transcript(ID=378263L,Language='FR')/MembersCouncil"}},"Businesses":{"__deferred":{"uri":"https://ws.parlament.ch/OData.svc/Transcript(ID=378263L,Language='FR')/Businesses"}},"ID":"378263","Language":"FR","IdSubject":"72081","VoteId":null,"PersonNumber":4046,"Type":1,"Text":"<pd_text><p>La presente mozione affronta una questione di buonsenso, di credibilit\u00e0 politica e di gestione responsabile delle finanze pubbliche. Senza voler citare singoli casi e persone che hanno avuto ampia eco mediatica e politica, \u00e8 un fatto che negli ultimi anni abbiamo assistito a una crescita costante delle spese per consulenze esterne dell'amministrazione federale. Nel 2019 queste ammontavano a circa 150 milioni di franchi, nel 2023 hanno raggiunto quasi 184 milioni. Si tratta di una cifra considerevole che assume un significato ancora pi\u00f9 rilevante se la si mette in relazione con un altro dato. Nello stesso periodo \u00e8 continuato ad aumentare anche il numero dei collaboratori dell'amministrazione federale. In altre parole, crescono contemporaneamente sia il personale interno sia il ricorso ai consulenti esterni. \u00c8 legittimo chiedersi se questa evoluzione sia sostenibile. </p>\n<p>La mozione propone una misura chiara: fissare un tetto massimo di 100 milioni di franchi all'anno per i mandati di consulenza esterni. Non si tratta quindi di vietare il ricorso a competenze specialistiche esterne. Nessuno mette in discussione il fatto che in determinati settori altamente tecnici o per esigenze temporanee l'amministrazione possa aver bisogno di conoscenze che non possiede al proprio interno. Ma la questione \u00e8 un'altra. Oggi siamo confrontati con una situazione in cui la consulenza esterna non appare pi\u00f9 come un'eccezione mirata bens\u00ec come uno strumento utilizzato in misura sempre pi\u00f9 ampia e costosa. E questo proprio mentre l'amministrazione federale dispone di quasi 40[NB]000 collaboratori e di numerosi quadri specialisti altamente qualificati e adeguatamente remunerati.</p>\n<p>Il Consiglio federale osserva che le consulenze possono risultare pi\u00f9 convenienti rispetto a impieghi permanenti quando il fabbisogno \u00e8 temporaneo. \u00c8 possibile, ma questo non giustifica l'attuale livello di spesa. Un tetto di 100 milioni di franchi lascia infatti un margine molto ampio per ricorrere a competenze esterne quando ci\u00f2 \u00e8 realmente necessario. La mozione chiede semplicemente di riportare queste spese entro limiti ragionevoli e compatibili con la situazione finanziaria della Confederazione e anche, mi permetto di dirlo, con la credibilit\u00e0 dell'amministrazione. Il Consiglio federale sostiene inoltre che una riduzione delle consulenze potrebbe comportare un aumento delle spese per il personale, ma questo ragionamento conferma proprio la necessit\u00e0 della mozione. Se un'attivit\u00e0 \u00e8 permanente e ricorrente, allora \u00e8 logico che venga svolta internamente. Se invece \u00e8 occasionale e limitata nel tempo, il ricorso a consulenze esterne rimane possibile anche con il tetto massimo proposto.</p>\n<p>Ci\u00f2 che non appare giustificabile \u00e8 la crescita simultanea di entrambe le voci di spesa.</p>\n<p>Infine, il Consiglio federale ritiene che i dipartimenti debbano poter decidere autonomamente come utilizzare i propri preventivi globali. L'autonomia gestionale \u00e8 certamente importante, tuttavia essa non pu\u00f2 significare assenza di priorit\u00e0 politiche o di limiti finanziari. Noi fissiamo regolarmente obiettivi, parametri e vincoli di spesa in numerosi settori dell'attivit\u00e0 federale. Non vi \u00e8 alcuna ragione per cui le consulenze esterne debbano essere sottratte a una riflessione analoga. Se chiediamo sacrifici e rigore nella gestione delle finanze pubbliche, dobbiamo essere coerenti. Le consulenze esterne rappresentano uno degli ambiti in cui \u00e8 possibile ottenere risparmi concreti senza ridurre le prestazioni ai cittadini e senza compromettere i compiti fondamentali dello Stato.</p>\n<p>Questa mozione non \u00e8 una misura ideologica, \u00e8 una richiesta di responsabilit\u00e0, di trasparenza e di disciplina finanziaria, e per queste ragioni invito a sostenerla.</p>\n</pd_text>","MeetingCouncilAbbreviation":"N","MeetingDate":"20260618","MeetingVerbalixOid":4195,"IdSession":"5214","SpeakerFirstName":"Lorenzo","SpeakerLastName":"Quadri","SpeakerFullName":"Quadri Lorenzo","SpeakerFunction":"Mit-M","CouncilId":1,"CouncilName":"Conseil national","CantonId":27,"CantonName":"Tessin","CantonAbbreviation":"TI","ParlGroupName":"Groupe de l'Union d\u00e9mocratique du Centre","ParlGroupAbbreviation":"V","SortOrder":1,"Start":"\/Date(1781807794891)\/","End":"\/Date(1781808056313)\/","Function":"Mit-M","DisplaySpeaker":true,"LanguageOfText":"IT","Modified":"\/Date(1785315110661)\/","StartTimeWithTimezone":"\/Date(1781807794890+0120)\/","EndTimeWithTimezone":"\/Date(1781808056313+0120)\/","VoteBusinessNumber":null,"VoteBusinessShortNumber":null,"VoteBusinessTitle":null}]},"ID":"72081","Language":"FR","IdMeeting":"5252","VerbalixOid":806869,"SortOrder":26,"Modified":"\/Date(1785315110658)\/"}}