{"d":{"__metadata":{"id":"https://ws.parlament.ch/OData.svc/Subject(ID=72083L,Language='IT')","uri":"https://ws.parlament.ch/OData.svc/Subject(ID=72083L,Language='IT')","type":"itsystems.Pd.DataServices.DataModel.Subject"},"Meetings":{"__metadata":{"id":"https://ws.parlament.ch/OData.svc/Meeting(ID=5254L,Language='IT')","uri":"https://ws.parlament.ch/OData.svc/Meeting(ID=5254L,Language='IT')","type":"itsystems.Pd.DataServices.DataModel.Meeting"},"Sessions":{"__deferred":{"uri":"https://ws.parlament.ch/OData.svc/Meeting(ID=5254L,Language='IT')/Sessions"}},"Subjects":{"__deferred":{"uri":"https://ws.parlament.ch/OData.svc/Meeting(ID=5254L,Language='IT')/Subjects"}},"ID":"5254","Language":"IT","MeetingNumber":13,"IdSession":5214,"SessionNumber":14,"SessionName":"Sessione estiva 2026","Council":2,"CouncilName":"Consiglio degli Stati","CouncilAbbreviation":"CS","Date":"\/Date(1781827200000)\/","Begin":"0815","Modified":"\/Date(1784231568868)\/","LegislativePeriodNumber":52,"PublicationStatus":"final","MeetingOrderText":"Tredicesima seduta","SortOrder":13,"Location":"S"},"SubjectsBusiness":{"results":[{"__metadata":{"id":"https://ws.parlament.ch/OData.svc/SubjectBusiness(BusinessNumber=20200406,IdSubject=72083L,Language='IT')","uri":"https://ws.parlament.ch/OData.svc/SubjectBusiness(BusinessNumber=20200406,IdSubject=72083L,Language='IT')","type":"itsystems.Pd.DataServices.DataModel.SubjectBusiness"},"Subjects":{"__deferred":{"uri":"https://ws.parlament.ch/OData.svc/SubjectBusiness(BusinessNumber=20200406,IdSubject=72083L,Language='IT')/Subjects"}},"Businesses":{"__deferred":{"uri":"https://ws.parlament.ch/OData.svc/SubjectBusiness(BusinessNumber=20200406,IdSubject=72083L,Language='IT')/Businesses"}},"IdSubject":"72083","BusinessNumber":20200406,"Language":"IT","BusinessShortNumber":"20.406","Title":"Gli imprenditori che pagano i contributi per l'assicurazione contro la disoccupazione devono anche essere assicurati contro la disoccupazione","SortOrder":1,"PublishedNotes":"Schlussabstimmung - Vote final\n","Modified":"\/Date(1587134073806)\/","TitleDE":"Parlamentarische Initiative\nSilberschmidt Andri.\nUnternehmerinnen und Unternehmer,\nwelche Beitr\u00e4ge\nan die Arbeitslosenversicherung\nbezahlen, sollen auch\ngegen Arbeitslosigkeit versichert sein","TitleFR":"Initiative parlementaire\nSilberschmidt Andri.\nLes entrepreneurs qui versent\ndes cotisations \u00e0 l'assurance-ch\u00f4mage\ndoivent \u00eatre assur\u00e9s\neux aussi contre le ch\u00f4mage","TitleIT":null}]},"Transcripts":{"results":[{"__metadata":{"id":"https://ws.parlament.ch/OData.svc/Transcript(ID=378272L,Language='IT')","uri":"https://ws.parlament.ch/OData.svc/Transcript(ID=378272L,Language='IT')","type":"itsystems.Pd.DataServices.DataModel.Transcript"},"Subjects":{"__deferred":{"uri":"https://ws.parlament.ch/OData.svc/Transcript(ID=378272L,Language='IT')/Subjects"}},"MembersCouncil":{"__deferred":{"uri":"https://ws.parlament.ch/OData.svc/Transcript(ID=378272L,Language='IT')/MembersCouncil"}},"Businesses":{"__deferred":{"uri":"https://ws.parlament.ch/OData.svc/Transcript(ID=378272L,Language='IT')/Businesses"}},"ID":"378272","Language":"IT","IdSubject":"72083","VoteId":"8366","PersonNumber":null,"Type":2,"Text":"<pd_text><p><b>Bundesgesetz \u00fcber die obligatorische Arbeitslosenversicherung und die Insolvenzentsch\u00e4digung (Arbeitslosenversicherung f\u00fcr Arbeitnehmende in arbeitgeber\u00e4hnlicher Stellung)</b>[GZ]</p>\n<p><b>Loi f\u00e9d\u00e9rale sur l'assurance-ch\u00f4mage obligatoire et l'indemnit\u00e9 en cas d'insolvabilit\u00e9 (Assurance-ch\u00f4mage pour les personnes ayant une position assimilable \u00e0 celle d'un employeur)</b>[GZ]</p>\n<p>[VS][GZ]</p>\n<p><i>Abstimmung - Vote </i>[GZ]</p>\n<p>[NAM][GZ]</p>\n<p>F\u00fcr Annahme des Entwurfes ... 36 Stimmen [GZ]</p>\n<p>Dagegen ... 6 Stimmen [GZ]</p>\n<p>(2 Enthaltungen)</p>\n<p>[VS]</p>\n</pd_text>","MeetingCouncilAbbreviation":"S","MeetingDate":"20260619","MeetingVerbalixOid":4197,"IdSession":"5214","SpeakerFirstName":null,"SpeakerLastName":null,"SpeakerFullName":"","SpeakerFunction":null,"CouncilId":null,"CouncilName":null,"CantonId":null,"CantonName":null,"CantonAbbreviation":null,"ParlGroupName":null,"ParlGroupAbbreviation":null,"SortOrder":1,"Start":"\/Date(1781857158751)\/","End":"\/Date(1781857998329)\/","Function":null,"DisplaySpeaker":null,"LanguageOfText":null,"Modified":"\/Date(1785315890554)\/","StartTimeWithTimezone":"\/Date(1781857158750+0120)\/","EndTimeWithTimezone":"\/Date(1781857998330+0120)\/","VoteBusinessNumber":20200406,"VoteBusinessShortNumber":"20.406","VoteBusinessTitle":"Initiative parlementaire\nSilberschmidt Andri.\nLes entrepreneurs qui versent\ndes cotisations \u00e0 l'assurance-ch\u00f4mage\ndoivent \u00eatre assur\u00e9s\neux aussi contre le ch\u00f4mage"}]},"ID":"72083","Language":"IT","IdMeeting":"5254","VerbalixOid":806895,"SortOrder":2,"Modified":"\/Date(1785315890552)\/"}}