{"d":{"__metadata":{"id":"https://ws.parlament.ch/OData.svc/Subject(ID=72088L,Language='DE')","uri":"https://ws.parlament.ch/OData.svc/Subject(ID=72088L,Language='DE')","type":"itsystems.Pd.DataServices.DataModel.Subject"},"Meetings":{"__metadata":{"id":"https://ws.parlament.ch/OData.svc/Meeting(ID=5254L,Language='DE')","uri":"https://ws.parlament.ch/OData.svc/Meeting(ID=5254L,Language='DE')","type":"itsystems.Pd.DataServices.DataModel.Meeting"},"Sessions":{"__deferred":{"uri":"https://ws.parlament.ch/OData.svc/Meeting(ID=5254L,Language='DE')/Sessions"}},"Subjects":{"__deferred":{"uri":"https://ws.parlament.ch/OData.svc/Meeting(ID=5254L,Language='DE')/Subjects"}},"ID":"5254","Language":"DE","MeetingNumber":13,"IdSession":5214,"SessionNumber":14,"SessionName":"Sommersession 2026","Council":2,"CouncilName":"St\u00e4nderat","CouncilAbbreviation":"SR","Date":"\/Date(1781827200000)\/","Begin":"0815","Modified":"\/Date(1784231568868)\/","LegislativePeriodNumber":52,"PublicationStatus":"final","MeetingOrderText":"Dreizehnte Sitzung","SortOrder":13,"Location":"S"},"SubjectsBusiness":{"results":[{"__metadata":{"id":"https://ws.parlament.ch/OData.svc/SubjectBusiness(BusinessNumber=20240073,IdSubject=72088L,Language='DE')","uri":"https://ws.parlament.ch/OData.svc/SubjectBusiness(BusinessNumber=20240073,IdSubject=72088L,Language='DE')","type":"itsystems.Pd.DataServices.DataModel.SubjectBusiness"},"Subjects":{"__deferred":{"uri":"https://ws.parlament.ch/OData.svc/SubjectBusiness(BusinessNumber=20240073,IdSubject=72088L,Language='DE')/Subjects"}},"Businesses":{"__deferred":{"uri":"https://ws.parlament.ch/OData.svc/SubjectBusiness(BusinessNumber=20240073,IdSubject=72088L,Language='DE')/Businesses"}},"IdSubject":"72088","BusinessNumber":20240073,"Language":"DE","BusinessShortNumber":"24.073","Title":"Umsetzung und Finanzierung der Initiative f\u00fcr eine 13. AHV-Rente","SortOrder":1,"PublishedNotes":"Schlussabstimmung - Vote final\n","Modified":"\/Date(1732530978710)\/","TitleDE":"Umsetzung und Finanzierung\nder Initiative f\u00fcr eine 13. AHV-Rente","TitleFR":"Mise en oeuvre et financement\nde l'initiative pour une 13e rente AVS","TitleIT":null}]},"Transcripts":{"results":[{"__metadata":{"id":"https://ws.parlament.ch/OData.svc/Transcript(ID=378278L,Language='DE')","uri":"https://ws.parlament.ch/OData.svc/Transcript(ID=378278L,Language='DE')","type":"itsystems.Pd.DataServices.DataModel.Transcript"},"Subjects":{"__deferred":{"uri":"https://ws.parlament.ch/OData.svc/Transcript(ID=378278L,Language='DE')/Subjects"}},"MembersCouncil":{"__deferred":{"uri":"https://ws.parlament.ch/OData.svc/Transcript(ID=378278L,Language='DE')/MembersCouncil"}},"Businesses":{"__deferred":{"uri":"https://ws.parlament.ch/OData.svc/Transcript(ID=378278L,Language='DE')/Businesses"}},"ID":"378278","Language":"DE","IdSubject":"72088","VoteId":"8370","PersonNumber":null,"Type":2,"Text":"<pd_text><p><b>3.</b>[NB]<b>Bundesbeschluss \u00fcber die Zusatzfinanzierung der AHV durch eine Erh\u00f6hung der Mehrwertsteuer</b>[GZ]</p>\n<p><b>3.</b>[NB]<b>Arr\u00eat\u00e9 f\u00e9d\u00e9ral sur le financement additionnel de l'AVS par le biais d'un rel\u00e8vement de la TVA</b>[GZ]</p>\n<p>[VS][GZ]</p>\n<p><i>Abstimmung - Vote </i>[GZ]</p>\n<p>[NAM][GZ]</p>\n<p>F\u00fcr Annahme des Entwurfes ... 28 Stimmen [GZ]</p>\n<p>Dagegen ... 13 Stimmen [GZ]</p>\n<p>(3 Enthaltungen)</p>\n<p>[VS]</p>\n</pd_text>","MeetingCouncilAbbreviation":"S","MeetingDate":"20260619","MeetingVerbalixOid":4197,"IdSession":"5214","SpeakerFirstName":null,"SpeakerLastName":null,"SpeakerFullName":"","SpeakerFunction":null,"CouncilId":null,"CouncilName":null,"CantonId":null,"CantonName":null,"CantonAbbreviation":null,"ParlGroupName":null,"ParlGroupAbbreviation":null,"SortOrder":1,"Start":null,"End":null,"Function":null,"DisplaySpeaker":null,"LanguageOfText":null,"Modified":"\/Date(1785315890565)\/","StartTimeWithTimezone":null,"EndTimeWithTimezone":null,"VoteBusinessNumber":20240073,"VoteBusinessShortNumber":"24.073","VoteBusinessTitle":"Umsetzung und Finanzierung\nder Initiative f\u00fcr eine 13. AHV-Rente"}]},"ID":"72088","Language":"DE","IdMeeting":"5254","VerbalixOid":806912,"SortOrder":6,"Modified":"\/Date(1785315890562)\/"}}