{"d":{"__metadata":{"id":"https://ws.parlament.ch/OData.svc/Subject(ID=72091L,Language='FR')","uri":"https://ws.parlament.ch/OData.svc/Subject(ID=72091L,Language='FR')","type":"itsystems.Pd.DataServices.DataModel.Subject"},"Meetings":{"__metadata":{"id":"https://ws.parlament.ch/OData.svc/Meeting(ID=5254L,Language='FR')","uri":"https://ws.parlament.ch/OData.svc/Meeting(ID=5254L,Language='FR')","type":"itsystems.Pd.DataServices.DataModel.Meeting"},"Sessions":{"__deferred":{"uri":"https://ws.parlament.ch/OData.svc/Meeting(ID=5254L,Language='FR')/Sessions"}},"Subjects":{"__deferred":{"uri":"https://ws.parlament.ch/OData.svc/Meeting(ID=5254L,Language='FR')/Subjects"}},"ID":"5254","Language":"FR","MeetingNumber":13,"IdSession":5214,"SessionNumber":14,"SessionName":"Session d'\u00e9t\u00e9 2026","Council":2,"CouncilName":"Conseil des Etats","CouncilAbbreviation":"CE","Date":"\/Date(1781827200000)\/","Begin":"0815","Modified":"\/Date(1784231568868)\/","LegislativePeriodNumber":52,"PublicationStatus":"final","MeetingOrderText":"Treizi\u00e8me s\u00e9ance","SortOrder":13,"Location":"S"},"SubjectsBusiness":{"results":[{"__metadata":{"id":"https://ws.parlament.ch/OData.svc/SubjectBusiness(BusinessNumber=20240096,IdSubject=72091L,Language='FR')","uri":"https://ws.parlament.ch/OData.svc/SubjectBusiness(BusinessNumber=20240096,IdSubject=72091L,Language='FR')","type":"itsystems.Pd.DataServices.DataModel.SubjectBusiness"},"Subjects":{"__deferred":{"uri":"https://ws.parlament.ch/OData.svc/SubjectBusiness(BusinessNumber=20240096,IdSubject=72091L,Language='FR')/Subjects"}},"Businesses":{"__deferred":{"uri":"https://ws.parlament.ch/OData.svc/SubjectBusiness(BusinessNumber=20240096,IdSubject=72091L,Language='FR')/Businesses"}},"IdSubject":"72091","BusinessNumber":20240096,"Language":"FR","BusinessShortNumber":"24.096","Title":"Loi f\u00e9d\u00e9rale permettant d\u2019\u00e9tendre le champ d\u2019application de la convention collective de travail. Modification (Extension de salaires minimaux inf\u00e9rieurs aux salaires minimaux cantonaux)","SortOrder":1,"PublishedNotes":"Schlussabstimmung - Vote final\n","Modified":"\/Date(1748350771876)\/","TitleDE":"Bundesgesetz \u00fcber\ndie Allgemeinverbindlicherkl\u00e4rung\nvon Gesamtarbeitsvertr\u00e4gen.\n\u00c4nderung\n(Allgemeinverbindlicherkl\u00e4rung\nvon Mindestl\u00f6hnen, die\nunter kantonalen Mindestl\u00f6hnen\nliegen)","TitleFR":"Loi f\u00e9d\u00e9rale permettant d'\u00e9tendre\nle champ d'application\nde la convention collective\nde travail.\nModification (Extension de salaires\nminimaux inf\u00e9rieurs\naux salaires minimaux cantonaux)","TitleIT":null}]},"Transcripts":{"results":[{"__metadata":{"id":"https://ws.parlament.ch/OData.svc/Transcript(ID=378281L,Language='FR')","uri":"https://ws.parlament.ch/OData.svc/Transcript(ID=378281L,Language='FR')","type":"itsystems.Pd.DataServices.DataModel.Transcript"},"Subjects":{"__deferred":{"uri":"https://ws.parlament.ch/OData.svc/Transcript(ID=378281L,Language='FR')/Subjects"}},"MembersCouncil":{"__deferred":{"uri":"https://ws.parlament.ch/OData.svc/Transcript(ID=378281L,Language='FR')/MembersCouncil"}},"Businesses":{"__deferred":{"uri":"https://ws.parlament.ch/OData.svc/Transcript(ID=378281L,Language='FR')/Businesses"}},"ID":"378281","Language":"FR","IdSubject":"72091","VoteId":"8373","PersonNumber":null,"Type":2,"Text":"<pd_text><p><b>Bundesgesetz \u00fcber die Allgemeinverbindlicherkl\u00e4rung von Gesamtarbeitsvertr\u00e4gen (Allgemeinverbindlicherkl\u00e4rung von Mindestl\u00f6hnen, die unter kantonalen Mindestl\u00f6hnen liegen)</b>[GZ]</p>\n<p><b>Loi f\u00e9d\u00e9rale permettant d'\u00e9tendre le champ d'application de la convention collective de travail (Extension de </b>[PAGE 675]<b> salaires minimaux inf\u00e9rieurs aux salaires minimaux cantonaux)</b>[GZ]</p>\n<p>[VS][GZ]</p>\n<p><i>Abstimmung - Vote </i>[GZ]</p>\n<p>[NAM][GZ]</p>\n<p>F\u00fcr Annahme des Entwurfes ... 23 Stimmen [GZ]</p>\n<p>Dagegen ... 16 Stimmen [GZ]</p>\n<p>(5 Enthaltungen)</p>\n<p>[VS]</p>\n</pd_text>","MeetingCouncilAbbreviation":"S","MeetingDate":"20260619","MeetingVerbalixOid":4197,"IdSession":"5214","SpeakerFirstName":null,"SpeakerLastName":null,"SpeakerFullName":"","SpeakerFunction":null,"CouncilId":null,"CouncilName":null,"CantonId":null,"CantonName":null,"CantonAbbreviation":null,"ParlGroupName":null,"ParlGroupAbbreviation":null,"SortOrder":1,"Start":null,"End":null,"Function":null,"DisplaySpeaker":null,"LanguageOfText":null,"Modified":"\/Date(1785315890572)\/","StartTimeWithTimezone":null,"EndTimeWithTimezone":null,"VoteBusinessNumber":20240096,"VoteBusinessShortNumber":"24.096","VoteBusinessTitle":"Loi f\u00e9d\u00e9rale permettant d'\u00e9tendre\nle champ d'application\nde la convention collective\nde travail.\nModification (Extension de salaires\nminimaux inf\u00e9rieurs\naux salaires minimaux cantonaux)"}]},"ID":"72091","Language":"FR","IdMeeting":"5254","VerbalixOid":806921,"SortOrder":9,"Modified":"\/Date(1785315890570)\/"}}