{"d":{"__metadata":{"id":"https://ws.parlament.ch/OData.svc/Subject(ID=72099L,Language='FR')","uri":"https://ws.parlament.ch/OData.svc/Subject(ID=72099L,Language='FR')","type":"itsystems.Pd.DataServices.DataModel.Subject"},"Meetings":{"__metadata":{"id":"https://ws.parlament.ch/OData.svc/Meeting(ID=5254L,Language='FR')","uri":"https://ws.parlament.ch/OData.svc/Meeting(ID=5254L,Language='FR')","type":"itsystems.Pd.DataServices.DataModel.Meeting"},"Sessions":{"__deferred":{"uri":"https://ws.parlament.ch/OData.svc/Meeting(ID=5254L,Language='FR')/Sessions"}},"Subjects":{"__deferred":{"uri":"https://ws.parlament.ch/OData.svc/Meeting(ID=5254L,Language='FR')/Subjects"}},"ID":"5254","Language":"FR","MeetingNumber":13,"IdSession":5214,"SessionNumber":14,"SessionName":"Session d'\u00e9t\u00e9 2026","Council":2,"CouncilName":"Conseil des Etats","CouncilAbbreviation":"CE","Date":"\/Date(1781827200000)\/","Begin":"0815","Modified":"\/Date(1784231568868)\/","LegislativePeriodNumber":52,"PublicationStatus":"final","MeetingOrderText":"Treizi\u00e8me s\u00e9ance","SortOrder":13,"Location":"S"},"SubjectsBusiness":{"results":[{"__metadata":{"id":"https://ws.parlament.ch/OData.svc/SubjectBusiness(BusinessNumber=20250090,IdSubject=72099L,Language='FR')","uri":"https://ws.parlament.ch/OData.svc/SubjectBusiness(BusinessNumber=20250090,IdSubject=72099L,Language='FR')","type":"itsystems.Pd.DataServices.DataModel.SubjectBusiness"},"Subjects":{"__deferred":{"uri":"https://ws.parlament.ch/OData.svc/SubjectBusiness(BusinessNumber=20250090,IdSubject=72099L,Language='FR')/Subjects"}},"Businesses":{"__deferred":{"uri":"https://ws.parlament.ch/OData.svc/SubjectBusiness(BusinessNumber=20250090,IdSubject=72099L,Language='FR')/Businesses"}},"IdSubject":"72099","BusinessNumber":20250090,"Language":"FR","BusinessShortNumber":"25.090","Title":"Convention de double imposition entre la Suisse et la Croatie. Modification","SortOrder":1,"PublishedNotes":"Schlussabstimmung - Vote final\n","Modified":"\/Date(1771837433560)\/","TitleDE":"Doppelbesteuerungsabkommen\nzwischen der Schweiz und Kroatien.\n\u00c4nderung","TitleFR":"Convention de double imposition\nentre la Suisse et la Croatie.\nModification","TitleIT":null}]},"Transcripts":{"results":[{"__metadata":{"id":"https://ws.parlament.ch/OData.svc/Transcript(ID=378290L,Language='FR')","uri":"https://ws.parlament.ch/OData.svc/Transcript(ID=378290L,Language='FR')","type":"itsystems.Pd.DataServices.DataModel.Transcript"},"Subjects":{"__deferred":{"uri":"https://ws.parlament.ch/OData.svc/Transcript(ID=378290L,Language='FR')/Subjects"}},"MembersCouncil":{"__deferred":{"uri":"https://ws.parlament.ch/OData.svc/Transcript(ID=378290L,Language='FR')/MembersCouncil"}},"Businesses":{"__deferred":{"uri":"https://ws.parlament.ch/OData.svc/Transcript(ID=378290L,Language='FR')/Businesses"}},"ID":"378290","Language":"FR","IdSubject":"72099","VoteId":"8382","PersonNumber":null,"Type":2,"Text":"<pd_text><p><b>Bundesbeschluss \u00fcber die Genehmigung eines Protokolls zur \u00c4nderung des Doppelbesteuerungsabkommens zwischen der Schweiz und Kroatien</b>[GZ]</p>\n<p><b>Arr\u00eat\u00e9 f\u00e9d\u00e9ral portant approbation d'un protocole modifiant la convention contre les doubles impositions entre la Suisse et la Croatie</b>[GZ]</p>\n<p>[VS][GZ]</p>\n<p><i>Abstimmung - Vote </i>[GZ]</p>\n<p>[NAM][GZ]</p>\n<p>F\u00fcr Annahme des Entwurfes ... 42 Stimmen [GZ]</p>\n<p>Dagegen ... 1 Stimme [GZ]</p>\n<p>(1 Enthaltung)</p>\n<p>[VS]</p>\n</pd_text>","MeetingCouncilAbbreviation":"S","MeetingDate":"20260619","MeetingVerbalixOid":4197,"IdSession":"5214","SpeakerFirstName":null,"SpeakerLastName":null,"SpeakerFullName":"","SpeakerFunction":null,"CouncilId":null,"CouncilName":null,"CantonId":null,"CantonName":null,"CantonAbbreviation":null,"ParlGroupName":null,"ParlGroupAbbreviation":null,"SortOrder":1,"Start":null,"End":null,"Function":null,"DisplaySpeaker":null,"LanguageOfText":null,"Modified":"\/Date(1785315890593)\/","StartTimeWithTimezone":null,"EndTimeWithTimezone":null,"VoteBusinessNumber":20250090,"VoteBusinessShortNumber":"25.090","VoteBusinessTitle":"Convention de double imposition\nentre la Suisse et la Croatie.\nModification"}]},"ID":"72099","Language":"FR","IdMeeting":"5254","VerbalixOid":806950,"SortOrder":17,"Modified":"\/Date(1785315890590)\/"}}