{"d":{"__metadata":{"id":"https://ws.parlament.ch/OData.svc/Subject(ID=72100L,Language='FR')","uri":"https://ws.parlament.ch/OData.svc/Subject(ID=72100L,Language='FR')","type":"itsystems.Pd.DataServices.DataModel.Subject"},"Meetings":{"__metadata":{"id":"https://ws.parlament.ch/OData.svc/Meeting(ID=5254L,Language='FR')","uri":"https://ws.parlament.ch/OData.svc/Meeting(ID=5254L,Language='FR')","type":"itsystems.Pd.DataServices.DataModel.Meeting"},"Sessions":{"__deferred":{"uri":"https://ws.parlament.ch/OData.svc/Meeting(ID=5254L,Language='FR')/Sessions"}},"Subjects":{"__deferred":{"uri":"https://ws.parlament.ch/OData.svc/Meeting(ID=5254L,Language='FR')/Subjects"}},"ID":"5254","Language":"FR","MeetingNumber":13,"IdSession":5214,"SessionNumber":14,"SessionName":"Session d'\u00e9t\u00e9 2026","Council":2,"CouncilName":"Conseil des Etats","CouncilAbbreviation":"CE","Date":"\/Date(1781827200000)\/","Begin":"0815","Modified":"\/Date(1784231568868)\/","LegislativePeriodNumber":52,"PublicationStatus":"final","MeetingOrderText":"Treizi\u00e8me s\u00e9ance","SortOrder":13,"Location":"S"},"SubjectsBusiness":{"results":[{"__metadata":{"id":"https://ws.parlament.ch/OData.svc/SubjectBusiness(BusinessNumber=20250091,IdSubject=72100L,Language='FR')","uri":"https://ws.parlament.ch/OData.svc/SubjectBusiness(BusinessNumber=20250091,IdSubject=72100L,Language='FR')","type":"itsystems.Pd.DataServices.DataModel.SubjectBusiness"},"Subjects":{"__deferred":{"uri":"https://ws.parlament.ch/OData.svc/SubjectBusiness(BusinessNumber=20250091,IdSubject=72100L,Language='FR')/Subjects"}},"Businesses":{"__deferred":{"uri":"https://ws.parlament.ch/OData.svc/SubjectBusiness(BusinessNumber=20250091,IdSubject=72100L,Language='FR')/Businesses"}},"IdSubject":"72100","BusinessNumber":20250091,"Language":"FR","BusinessShortNumber":"25.091","Title":"Convention de double imposition entre la Suisse et la Belgique. Modification","SortOrder":1,"PublishedNotes":"Schlussabstimmung - Vote final\n","Modified":"\/Date(1771837633976)\/","TitleDE":"Doppelbesteuerungsabkommen\nzwischen der Schweiz und Belgien.\n\u00c4nderung","TitleFR":"Convention de double imposition\nentre la Suisse et la Belgique.\nModification","TitleIT":null}]},"Transcripts":{"results":[{"__metadata":{"id":"https://ws.parlament.ch/OData.svc/Transcript(ID=378291L,Language='FR')","uri":"https://ws.parlament.ch/OData.svc/Transcript(ID=378291L,Language='FR')","type":"itsystems.Pd.DataServices.DataModel.Transcript"},"Subjects":{"__deferred":{"uri":"https://ws.parlament.ch/OData.svc/Transcript(ID=378291L,Language='FR')/Subjects"}},"MembersCouncil":{"__deferred":{"uri":"https://ws.parlament.ch/OData.svc/Transcript(ID=378291L,Language='FR')/MembersCouncil"}},"Businesses":{"__deferred":{"uri":"https://ws.parlament.ch/OData.svc/Transcript(ID=378291L,Language='FR')/Businesses"}},"ID":"378291","Language":"FR","IdSubject":"72100","VoteId":"8383","PersonNumber":null,"Type":2,"Text":"<pd_text><p><b>Bundesbeschluss \u00fcber die Genehmigung eines Zusatzabkommens zur \u00c4nderung des Doppelbesteuerungsabkommens zwischen der Schweiz und Belgien</b>[GZ]</p>\n<p><b>Arr\u00eat\u00e9 f\u00e9d\u00e9ral portant approbation d'un avenant modifiant la convention contre les doubles impositions entre la Suisse et la Belgique</b>[GZ]</p>\n<p>[VS][GZ]</p>\n<p><i>Abstimmung - Vote </i>[GZ]</p>\n<p>[NAM][GZ]</p>\n<p>F\u00fcr Annahme des Entwurfes ... 43 Stimmen [GZ]</p>\n<p>Dagegen ... 1 Stimme [GZ]</p>\n<p>(0 Enthaltungen) [PAGE 678] </p>\n<p>[VS]</p>\n</pd_text>","MeetingCouncilAbbreviation":"S","MeetingDate":"20260619","MeetingVerbalixOid":4197,"IdSession":"5214","SpeakerFirstName":null,"SpeakerLastName":null,"SpeakerFullName":"","SpeakerFunction":null,"CouncilId":null,"CouncilName":null,"CantonId":null,"CantonName":null,"CantonAbbreviation":null,"ParlGroupName":null,"ParlGroupAbbreviation":null,"SortOrder":1,"Start":null,"End":null,"Function":null,"DisplaySpeaker":null,"LanguageOfText":null,"Modified":"\/Date(1785315890595)\/","StartTimeWithTimezone":null,"EndTimeWithTimezone":null,"VoteBusinessNumber":20250091,"VoteBusinessShortNumber":"25.091","VoteBusinessTitle":"Convention de double imposition\nentre la Suisse et la Belgique.\nModification"}]},"ID":"72100","Language":"FR","IdMeeting":"5254","VerbalixOid":806953,"SortOrder":18,"Modified":"\/Date(1785315890593)\/"}}