{"d":{"__metadata":{"id":"https://ws.parlament.ch/OData.svc/Subject(ID=72106L,Language='FR')","uri":"https://ws.parlament.ch/OData.svc/Subject(ID=72106L,Language='FR')","type":"itsystems.Pd.DataServices.DataModel.Subject"},"Meetings":{"__metadata":{"id":"https://ws.parlament.ch/OData.svc/Meeting(ID=5254L,Language='FR')","uri":"https://ws.parlament.ch/OData.svc/Meeting(ID=5254L,Language='FR')","type":"itsystems.Pd.DataServices.DataModel.Meeting"},"Sessions":{"__deferred":{"uri":"https://ws.parlament.ch/OData.svc/Meeting(ID=5254L,Language='FR')/Sessions"}},"Subjects":{"__deferred":{"uri":"https://ws.parlament.ch/OData.svc/Meeting(ID=5254L,Language='FR')/Subjects"}},"ID":"5254","Language":"FR","MeetingNumber":13,"IdSession":5214,"SessionNumber":14,"SessionName":"Session d'\u00e9t\u00e9 2026","Council":2,"CouncilName":"Conseil des Etats","CouncilAbbreviation":"CE","Date":"\/Date(1781827200000)\/","Begin":"0815","Modified":"\/Date(1784231568868)\/","LegislativePeriodNumber":52,"PublicationStatus":"final","MeetingOrderText":"Treizi\u00e8me s\u00e9ance","SortOrder":13,"Location":"S"},"SubjectsBusiness":{"results":[{"__metadata":{"id":"https://ws.parlament.ch/OData.svc/SubjectBusiness(BusinessNumber=20260028,IdSubject=72106L,Language='FR')","uri":"https://ws.parlament.ch/OData.svc/SubjectBusiness(BusinessNumber=20260028,IdSubject=72106L,Language='FR')","type":"itsystems.Pd.DataServices.DataModel.SubjectBusiness"},"Subjects":{"__deferred":{"uri":"https://ws.parlament.ch/OData.svc/SubjectBusiness(BusinessNumber=20260028,IdSubject=72106L,Language='FR')/Subjects"}},"Businesses":{"__deferred":{"uri":"https://ws.parlament.ch/OData.svc/SubjectBusiness(BusinessNumber=20260028,IdSubject=72106L,Language='FR')/Businesses"}},"IdSubject":"72106","BusinessNumber":20260028,"Language":"FR","BusinessShortNumber":"26.028","Title":"Accord entre le Conseil f\u00e9d\u00e9ral suisse et le Cabinet des ministres de l\u2019Ukraine relatif \u00e0 la coop\u00e9ration dans le processus de reconstruction de l\u2019Ukraine. Aprobation","SortOrder":1,"PublishedNotes":"Schlussabstimmung - Vote final\n","Modified":"\/Date(1779214218916)\/","TitleDE":"Abkommen zwischen dem Schweizerischen\nBundesrat und dem Ministerkabinett\nder Ukraine \u00fcber die Zusammenarbeit\nim Wiederaufbauprozess der Ukraine.\nGenehmigung","TitleFR":"Accord entre le Conseil f\u00e9d\u00e9ral suisse\net le Cabinet des ministres\nde l'Ukraine relatif \u00e0 la coop\u00e9ration\ndans le processus\nde reconstruction de l'Ukraine.\nApprobation","TitleIT":null}]},"Transcripts":{"results":[{"__metadata":{"id":"https://ws.parlament.ch/OData.svc/Transcript(ID=378298L,Language='FR')","uri":"https://ws.parlament.ch/OData.svc/Transcript(ID=378298L,Language='FR')","type":"itsystems.Pd.DataServices.DataModel.Transcript"},"Subjects":{"__deferred":{"uri":"https://ws.parlament.ch/OData.svc/Transcript(ID=378298L,Language='FR')/Subjects"}},"MembersCouncil":{"__deferred":{"uri":"https://ws.parlament.ch/OData.svc/Transcript(ID=378298L,Language='FR')/MembersCouncil"}},"Businesses":{"__deferred":{"uri":"https://ws.parlament.ch/OData.svc/Transcript(ID=378298L,Language='FR')/Businesses"}},"ID":"378298","Language":"FR","IdSubject":"72106","VoteId":"8388","PersonNumber":null,"Type":2,"Text":"<pd_text><p><b>Bundesbeschluss \u00fcber die Genehmigung des Abkommens zwischen der Schweiz und der Ukraine \u00fcber die Zusammenarbeit im Wiederaufbauprozess der Ukraine</b>[GZ]</p>\n<p><b>Arr\u00eat\u00e9 f\u00e9d\u00e9ral portant approbation de l'accord entre la Suisse et l'Ukraine concernant la coop\u00e9ration au processus de reconstruction de l'Ukraine</b>[GZ]</p>\n<p>[VS][GZ]</p>\n<p><i>Abstimmung - Vote </i>[GZ]</p>\n<p>[NAM][GZ]</p>\n<p>F\u00fcr Annahme des Entwurfes ... 31 Stimmen [GZ]</p>\n<p>Dagegen ... 3 Stimmen [GZ]</p>\n<p>(10 Enthaltungen)</p>\n</pd_text>","MeetingCouncilAbbreviation":"S","MeetingDate":"20260619","MeetingVerbalixOid":4197,"IdSession":"5214","SpeakerFirstName":null,"SpeakerLastName":null,"SpeakerFullName":"","SpeakerFunction":null,"CouncilId":null,"CouncilName":null,"CantonId":null,"CantonName":null,"CantonAbbreviation":null,"ParlGroupName":null,"ParlGroupAbbreviation":null,"SortOrder":1,"Start":null,"End":null,"Function":null,"DisplaySpeaker":null,"LanguageOfText":null,"Modified":"\/Date(1785315890607)\/","StartTimeWithTimezone":null,"EndTimeWithTimezone":null,"VoteBusinessNumber":20260028,"VoteBusinessShortNumber":"26.028","VoteBusinessTitle":"Accord entre le Conseil f\u00e9d\u00e9ral suisse\net le Cabinet des ministres\nde l'Ukraine relatif \u00e0 la coop\u00e9ration\ndans le processus\nde reconstruction de l'Ukraine.\nApprobation"},{"__metadata":{"id":"https://ws.parlament.ch/OData.svc/Transcript(ID=378313L,Language='FR')","uri":"https://ws.parlament.ch/OData.svc/Transcript(ID=378313L,Language='FR')","type":"itsystems.Pd.DataServices.DataModel.Transcript"},"Subjects":{"__deferred":{"uri":"https://ws.parlament.ch/OData.svc/Transcript(ID=378313L,Language='FR')/Subjects"}},"MembersCouncil":{"__deferred":{"uri":"https://ws.parlament.ch/OData.svc/Transcript(ID=378313L,Language='FR')/MembersCouncil"}},"Businesses":{"__deferred":{"uri":"https://ws.parlament.ch/OData.svc/Transcript(ID=378313L,Language='FR')/Businesses"}},"ID":"378313","Language":"FR","IdSubject":"72106","VoteId":null,"PersonNumber":4055,"Type":1,"Text":"<pd_text><p><b>Pr\u00e4sident</b> (Engler Stefan, Pr\u00e4sident): Somit sind wir am Ende der Sommersession angelangt. Es ist mir ein Anliegen, Ihnen herzlich daf\u00fcr zu danken, dass es uns gelungen ist, alle in dieser Session traktandierten Gesch\u00e4fte zu beraten und keine auf die n\u00e4chste Session verschieben zu m\u00fcssen. Ich gehe davon aus, dass wir in der n\u00e4chsten Session im September ein stark befrachtetes Programm haben werden, und ich bin deshalb froh, dass wir in der n\u00e4chsten Session nicht noch Gesch\u00e4fte aus dieser Session behandeln m\u00fcssen.</p>\n<p>Bevor Sie in die wohlverdienten Sommerferien gehen, bedenken Sie: Steine rollen den Abhang hinunter, der Rauch steigt auf. <i>(discurra surmiran)</i> Ins sto laschar ir la crappa engiu ed il fim ensi.</p>\n<p>Ich w\u00fcnsche Ihnen einen guten Sommer und schliesse die Sitzung.[GZ]</p>\n<p>[VS][GZ]</p>\n<p>[VS][GZ]</p>\n<p>[VS][GZ]</p>\n<p><i>Schluss der Sitzung und der Session um 08.35 Uhr </i>[GZ]</p>\n<p><i>Fin de la s\u00e9ance et de la session \u00e0 08 h 35 [PAGE 680] </i></p>\n<p>[VS]</p>\n<p>[VS]</p>\n<p>[VS]</p>\n<p>[VS]</p>\n<p>[VS]</p>\n<p>[VS]</p>\n<p>[VS]</p>\n<p>[VS]</p>\n<p>[VS]</p>\n<p>[VS]</p>\n<p>[VS]</p>\n<p>[VS]</p>\n<p>[VS]</p>\n<p>[VS]</p>\n<p>[VS]</p>\n<p><b>Anfragen </b>[GZ]</p>\n<p>[VS][GZ]</p>\n<p><i>Anfragen nach Artikel 125 Absatz 5 des Parlamentsgesetzes werden im Rat nicht behandelt; sie sind mit der schriftlichen Antwort des Bundesrates erledigt.</i>[GZ]</p>\n<p>[VS][GZ]</p>\n<p><b>Questions </b>[GZ]</p>\n<p>[VS][GZ]</p>\n<p><i>Les questions au sens de l'article 125 alin\u00e9a 5 de la loi sur le Parlement ne sont pas trait\u00e9es au conseil[NB]; elles sont r\u00e9put\u00e9es liquid\u00e9es lorsque le Conseil f\u00e9d\u00e9ral y a r\u00e9pondu par \u00e9crit.</i></p>\n</pd_text>","MeetingCouncilAbbreviation":"S","MeetingDate":"20260619","MeetingVerbalixOid":4197,"IdSession":"5214","SpeakerFirstName":"Stefan","SpeakerLastName":"Engler","SpeakerFullName":"Engler Stefan","SpeakerFunction":"P-M","CouncilId":2,"CouncilName":"Conseil des Etats","CantonId":18,"CantonName":"Grisons","CantonAbbreviation":"GR","ParlGroupName":"Le Groupe du Centre. Le Centre. PEV.","ParlGroupAbbreviation":"M-E","SortOrder":2,"Start":"\/Date(1781857998329)\/","End":"\/Date(1781858048392)\/","Function":"P-M","DisplaySpeaker":false,"LanguageOfText":null,"Modified":"\/Date(1785315890608)\/","StartTimeWithTimezone":"\/Date(1781857998330+0120)\/","EndTimeWithTimezone":"\/Date(1781858048393+0120)\/","VoteBusinessNumber":null,"VoteBusinessShortNumber":null,"VoteBusinessTitle":null}]},"ID":"72106","Language":"FR","IdMeeting":"5254","VerbalixOid":806974,"SortOrder":23,"Modified":"\/Date(1785315890605)\/"}}