{"d":{"__metadata":{"id":"https://ws.parlament.ch/OData.svc/Subject(ID=72107L,Language='FR')","uri":"https://ws.parlament.ch/OData.svc/Subject(ID=72107L,Language='FR')","type":"itsystems.Pd.DataServices.DataModel.Subject"},"Meetings":{"__metadata":{"id":"https://ws.parlament.ch/OData.svc/Meeting(ID=5253L,Language='FR')","uri":"https://ws.parlament.ch/OData.svc/Meeting(ID=5253L,Language='FR')","type":"itsystems.Pd.DataServices.DataModel.Meeting"},"Sessions":{"__deferred":{"uri":"https://ws.parlament.ch/OData.svc/Meeting(ID=5253L,Language='FR')/Sessions"}},"Subjects":{"__deferred":{"uri":"https://ws.parlament.ch/OData.svc/Meeting(ID=5253L,Language='FR')/Subjects"}},"ID":"5253","Language":"FR","MeetingNumber":16,"IdSession":5214,"SessionNumber":14,"SessionName":"Session d'\u00e9t\u00e9 2026","Council":1,"CouncilName":"Conseil national","CouncilAbbreviation":"CN","Date":"\/Date(1781827200000)\/","Begin":"0800","Modified":"\/Date(1784818027402)\/","LegislativePeriodNumber":52,"PublicationStatus":"final","MeetingOrderText":"Seizi\u00e8me s\u00e9ance","SortOrder":16,"Location":"N"},"SubjectsBusiness":{"results":[{"__metadata":{"id":"https://ws.parlament.ch/OData.svc/SubjectBusiness(BusinessNumber=20200492,IdSubject=72107L,Language='FR')","uri":"https://ws.parlament.ch/OData.svc/SubjectBusiness(BusinessNumber=20200492,IdSubject=72107L,Language='FR')","type":"itsystems.Pd.DataServices.DataModel.SubjectBusiness"},"Subjects":{"__deferred":{"uri":"https://ws.parlament.ch/OData.svc/SubjectBusiness(BusinessNumber=20200492,IdSubject=72107L,Language='FR')/Subjects"}},"Businesses":{"__deferred":{"uri":"https://ws.parlament.ch/OData.svc/SubjectBusiness(BusinessNumber=20200492,IdSubject=72107L,Language='FR')/Businesses"}},"IdSubject":"72107","BusinessNumber":20200492,"Language":"FR","BusinessShortNumber":"20.492","Title":"D\u00e9veloppement du territoire et des infrastructures. Il faut imp\u00e9rativement pr\u00e9senter au Parlement la vision et la strat\u00e9gie relatives aux \u00e9tudes de base","SortOrder":1,"PublishedNotes":"Abschreibung - Classement\n","Modified":"\/Date(1615368610816)\/","TitleDE":"Parlamentarische Initiative\nBregy Philipp Matthias.\nVision und Strategie\nzu Grundlagen der Raum- und\nInfrastrukturentwicklung.\nDem Parlament verbindlich vorlegen!","TitleFR":"Initiative parlementaire\nBregy Philipp Matthias.\nD\u00e9veloppement du territoire\net des infrastructures.\nIl faut imp\u00e9rativement pr\u00e9senter\nau Parlement la vision et la strat\u00e9gie\nrelatives aux \u00e9tudes de base","TitleIT":null}]},"Transcripts":{"results":[{"__metadata":{"id":"https://ws.parlament.ch/OData.svc/Transcript(ID=378301L,Language='FR')","uri":"https://ws.parlament.ch/OData.svc/Transcript(ID=378301L,Language='FR')","type":"itsystems.Pd.DataServices.DataModel.Transcript"},"Subjects":{"__deferred":{"uri":"https://ws.parlament.ch/OData.svc/Transcript(ID=378301L,Language='FR')/Subjects"}},"MembersCouncil":{"__deferred":{"uri":"https://ws.parlament.ch/OData.svc/Transcript(ID=378301L,Language='FR')/MembersCouncil"}},"Businesses":{"__deferred":{"uri":"https://ws.parlament.ch/OData.svc/Transcript(ID=378301L,Language='FR')/Businesses"}},"ID":"378301","Language":"FR","IdSubject":"72107","VoteId":null,"PersonNumber":4169,"Type":1,"Text":"<pd_text><p><b>Le pr\u00e9sident</b> (Page Pierre-Andr\u00e9, pr\u00e9sident): Vous avez re\u00e7u un rapport \u00e9crit de la commission. La commission propose, sans opposition, de classer l'initiative parlementaire.[GZ]</p>\n<p>[VS][GZ]</p>\n<p><i>Abgeschrieben - Class\u00e9</i></p>\n</pd_text>","MeetingCouncilAbbreviation":"N","MeetingDate":"20260619","MeetingVerbalixOid":4196,"IdSession":"5214","SpeakerFirstName":"Pierre-Andr\u00e9","SpeakerLastName":"Page","SpeakerFullName":"Page Pierre-Andr\u00e9","SpeakerFunction":"P-M","CouncilId":1,"CouncilName":"Conseil national","CantonId":10,"CantonName":"Fribourg","CantonAbbreviation":"FR","ParlGroupName":"Groupe de l'Union d\u00e9mocratique du Centre","ParlGroupAbbreviation":"V","SortOrder":1,"Start":"\/Date(1781857023745)\/","End":"\/Date(1781857060206)\/","Function":"P-M","DisplaySpeaker":false,"LanguageOfText":null,"Modified":"\/Date(1785315864530)\/","StartTimeWithTimezone":"\/Date(1781857023747+0120)\/","EndTimeWithTimezone":"\/Date(1781857060207+0120)\/","VoteBusinessNumber":null,"VoteBusinessShortNumber":null,"VoteBusinessTitle":null}]},"ID":"72107","Language":"FR","IdMeeting":"5253","VerbalixOid":806983,"SortOrder":2,"Modified":"\/Date(1785315864526)\/"}}