{"d":{"__metadata":{"id":"https://ws.parlament.ch/OData.svc/Subject(ID=72112L,Language='IT')","uri":"https://ws.parlament.ch/OData.svc/Subject(ID=72112L,Language='IT')","type":"itsystems.Pd.DataServices.DataModel.Subject"},"Meetings":{"__metadata":{"id":"https://ws.parlament.ch/OData.svc/Meeting(ID=5253L,Language='IT')","uri":"https://ws.parlament.ch/OData.svc/Meeting(ID=5253L,Language='IT')","type":"itsystems.Pd.DataServices.DataModel.Meeting"},"Sessions":{"__deferred":{"uri":"https://ws.parlament.ch/OData.svc/Meeting(ID=5253L,Language='IT')/Sessions"}},"Subjects":{"__deferred":{"uri":"https://ws.parlament.ch/OData.svc/Meeting(ID=5253L,Language='IT')/Subjects"}},"ID":"5253","Language":"IT","MeetingNumber":16,"IdSession":5214,"SessionNumber":14,"SessionName":"Sessione estiva 2026","Council":1,"CouncilName":"Consiglio nazionale","CouncilAbbreviation":"CN","Date":"\/Date(1781827200000)\/","Begin":"0800","Modified":"\/Date(1784818027402)\/","LegislativePeriodNumber":52,"PublicationStatus":"final","MeetingOrderText":"Sedicesima seduta","SortOrder":16,"Location":"N"},"SubjectsBusiness":{"results":[{"__metadata":{"id":"https://ws.parlament.ch/OData.svc/SubjectBusiness(BusinessNumber=20232003,IdSubject=72112L,Language='IT')","uri":"https://ws.parlament.ch/OData.svc/SubjectBusiness(BusinessNumber=20232003,IdSubject=72112L,Language='IT')","type":"itsystems.Pd.DataServices.DataModel.SubjectBusiness"},"Subjects":{"__deferred":{"uri":"https://ws.parlament.ch/OData.svc/SubjectBusiness(BusinessNumber=20232003,IdSubject=72112L,Language='IT')/Subjects"}},"Businesses":{"__deferred":{"uri":"https://ws.parlament.ch/OData.svc/SubjectBusiness(BusinessNumber=20232003,IdSubject=72112L,Language='IT')/Businesses"}},"IdSubject":"72112","BusinessNumber":20232003,"Language":"IT","BusinessShortNumber":"23.2003","Title":"Sovvenzioni a favore e non contro il mantenimento della biodiversit\u00e0","SortOrder":1,"PublishedNotes":null,"Modified":"\/Date(1781721440136)\/","TitleDE":"Petition Jugendsession 2022.\nSubventionen f\u00fcr statt gegen\nden Erhalt der Biodiversit\u00e4t","TitleFR":"P\u00e9tition Session des jeunes 2022.\nPour des subventions pour et pas\ncontre le maintien de la biodiversit\u00e9","TitleIT":null}]},"Transcripts":{"results":[{"__metadata":{"id":"https://ws.parlament.ch/OData.svc/Transcript(ID=378330L,Language='IT')","uri":"https://ws.parlament.ch/OData.svc/Transcript(ID=378330L,Language='IT')","type":"itsystems.Pd.DataServices.DataModel.Transcript"},"Subjects":{"__deferred":{"uri":"https://ws.parlament.ch/OData.svc/Transcript(ID=378330L,Language='IT')/Subjects"}},"MembersCouncil":{"__deferred":{"uri":"https://ws.parlament.ch/OData.svc/Transcript(ID=378330L,Language='IT')/MembersCouncil"}},"Businesses":{"__deferred":{"uri":"https://ws.parlament.ch/OData.svc/Transcript(ID=378330L,Language='IT')/Businesses"}},"ID":"378330","Language":"IT","IdSubject":"72112","VoteId":"32792","PersonNumber":null,"Type":2,"Text":"<pd_text><p><i>Abstimmung - Vote </i>[GZ]</p>\n<p>[NAM][GZ]</p>\n<p>F\u00fcr den Antrag der Mehrheit ... 122 Stimmen[GZ]</p>\n<p>F\u00fcr den Antrag der Minderheit ... 76 Stimmen[GZ]</p>\n<p>(1 Enthaltung)</p>\n</pd_text>","MeetingCouncilAbbreviation":"N","MeetingDate":"20260619","MeetingVerbalixOid":4196,"IdSession":"5214","SpeakerFirstName":null,"SpeakerLastName":null,"SpeakerFullName":"","SpeakerFunction":null,"CouncilId":null,"CouncilName":null,"CantonId":null,"CantonName":null,"CantonAbbreviation":null,"ParlGroupName":null,"ParlGroupAbbreviation":null,"SortOrder":2,"Start":"\/Date(1781860583681)\/","End":"\/Date(1781860615656)\/","Function":null,"DisplaySpeaker":null,"LanguageOfText":null,"Modified":"\/Date(1785315864678)\/","StartTimeWithTimezone":"\/Date(1781860583680+0120)\/","EndTimeWithTimezone":"\/Date(1781860615657+0120)\/","VoteBusinessNumber":20232003,"VoteBusinessShortNumber":"23.2003","VoteBusinessTitle":"P\u00e9tition Session des jeunes 2022.\nPour des subventions pour et pas\ncontre le maintien de la biodiversit\u00e9"},{"__metadata":{"id":"https://ws.parlament.ch/OData.svc/Transcript(ID=378341L,Language='IT')","uri":"https://ws.parlament.ch/OData.svc/Transcript(ID=378341L,Language='IT')","type":"itsystems.Pd.DataServices.DataModel.Transcript"},"Subjects":{"__deferred":{"uri":"https://ws.parlament.ch/OData.svc/Transcript(ID=378341L,Language='IT')/Subjects"}},"MembersCouncil":{"__deferred":{"uri":"https://ws.parlament.ch/OData.svc/Transcript(ID=378341L,Language='IT')/MembersCouncil"}},"Businesses":{"__deferred":{"uri":"https://ws.parlament.ch/OData.svc/Transcript(ID=378341L,Language='IT')/Businesses"}},"ID":"378341","Language":"IT","IdSubject":"72112","VoteId":null,"PersonNumber":4169,"Type":1,"Text":"<pd_text><p><i>Antrag der Mehrheit </i>[GZ]</p>\n<p>Der Petition keine Folge geben</p>\n<p>[VS]</p>\n<p><i>Antrag der Minderheit </i>[GZ]</p>\n<p>(Candan Hasan, B\u00e4umle, Clivaz Christophe, Docourt, Masshardt, Pult, Schlatter, Suter, Trede)[GZ]</p>\n<p>Der Petition Folge geben und sie an die Kommission zur\u00fcckweisen[GZ]</p>\n<p>mit dem Auftrag, das Petitionsanliegen in einer parlamentarischen Initiative oder einem Vorstoss aufzunehmen. </p>\n<p>[VS]</p>\n<p><i>Proposition de la majorit\u00e9 </i>[GZ]</p>\n<p>Ne pas donner suite \u00e0 la p\u00e9tition</p>\n<p>[VS]</p>\n<p><i>Proposition de la minorit\u00e9 </i>[GZ]</p>\n<p>(Candan Hasan, B\u00e4umle, Clivaz Christophe, Docourt, Masshardt, Pult, Schlatter, Suter, Trede)[GZ]</p>\n<p>Donner suite \u00e0 la p\u00e9tition et la renvoyer \u00e0 la commission[GZ]</p>\n<p>avec mandat de reprendre \u00e0 son compte l'objectif au moyen d'une initiative ou d'une intervention parlementaire. </p>\n<p>[VS]</p>\n<p><b>Le pr\u00e9sident</b> (Page Pierre-Andr\u00e9, pr\u00e9sident): Vous avez re\u00e7u un rapport \u00e9crit de la commission. La majorit\u00e9 de la commission propose de ne pas donner suite \u00e0 la p\u00e9tition. Une minorit\u00e9 Candan Hasan propose d'y donner suite et de la renvoyer \u00e0 la commission, en chargeant celle-ci de reprendre \u00e0 son compte l'objectif de la p\u00e9tition au moyen d'une initiative ou d'une intervention parlementaire. [PAGE 1436] </p>\n</pd_text>","MeetingCouncilAbbreviation":"N","MeetingDate":"20260619","MeetingVerbalixOid":4196,"IdSession":"5214","SpeakerFirstName":"Pierre-Andr\u00e9","SpeakerLastName":"Page","SpeakerFullName":"Page Pierre-Andr\u00e9","SpeakerFunction":"P-M","CouncilId":1,"CouncilName":"Consiglio nazionale","CantonId":10,"CantonName":"Friburgo","CantonAbbreviation":"FR","ParlGroupName":"Gruppo dell'Unione democratica di Centro","ParlGroupAbbreviation":"V","SortOrder":1,"Start":"\/Date(1781860540722)\/","End":"\/Date(1781860583681)\/","Function":"P-M","DisplaySpeaker":false,"LanguageOfText":null,"Modified":"\/Date(1785315864675)\/","StartTimeWithTimezone":"\/Date(1781860540723+0120)\/","EndTimeWithTimezone":"\/Date(1781860583680+0120)\/","VoteBusinessNumber":null,"VoteBusinessShortNumber":null,"VoteBusinessTitle":null}]},"ID":"72112","Language":"IT","IdMeeting":"5253","VerbalixOid":807041,"SortOrder":9,"Modified":"\/Date(1785315864673)\/"}}