{"d":{"__metadata":{"id":"https://ws.parlament.ch/OData.svc/Subject(ID=72115L,Language='IT')","uri":"https://ws.parlament.ch/OData.svc/Subject(ID=72115L,Language='IT')","type":"itsystems.Pd.DataServices.DataModel.Subject"},"Meetings":{"__metadata":{"id":"https://ws.parlament.ch/OData.svc/Meeting(ID=5253L,Language='IT')","uri":"https://ws.parlament.ch/OData.svc/Meeting(ID=5253L,Language='IT')","type":"itsystems.Pd.DataServices.DataModel.Meeting"},"Sessions":{"__deferred":{"uri":"https://ws.parlament.ch/OData.svc/Meeting(ID=5253L,Language='IT')/Sessions"}},"Subjects":{"__deferred":{"uri":"https://ws.parlament.ch/OData.svc/Meeting(ID=5253L,Language='IT')/Subjects"}},"ID":"5253","Language":"IT","MeetingNumber":16,"IdSession":5214,"SessionNumber":14,"SessionName":"Sessione estiva 2026","Council":1,"CouncilName":"Consiglio nazionale","CouncilAbbreviation":"CN","Date":"\/Date(1781827200000)\/","Begin":"0800","Modified":"\/Date(1784818027402)\/","LegislativePeriodNumber":52,"PublicationStatus":"final","MeetingOrderText":"Sedicesima seduta","SortOrder":16,"Location":"N"},"SubjectsBusiness":{"results":[{"__metadata":{"id":"https://ws.parlament.ch/OData.svc/SubjectBusiness(BusinessNumber=20200406,IdSubject=72115L,Language='IT')","uri":"https://ws.parlament.ch/OData.svc/SubjectBusiness(BusinessNumber=20200406,IdSubject=72115L,Language='IT')","type":"itsystems.Pd.DataServices.DataModel.SubjectBusiness"},"Subjects":{"__deferred":{"uri":"https://ws.parlament.ch/OData.svc/SubjectBusiness(BusinessNumber=20200406,IdSubject=72115L,Language='IT')/Subjects"}},"Businesses":{"__deferred":{"uri":"https://ws.parlament.ch/OData.svc/SubjectBusiness(BusinessNumber=20200406,IdSubject=72115L,Language='IT')/Businesses"}},"IdSubject":"72115","BusinessNumber":20200406,"Language":"IT","BusinessShortNumber":"20.406","Title":"Gli imprenditori che pagano i contributi per l'assicurazione contro la disoccupazione devono anche essere assicurati contro la disoccupazione","SortOrder":1,"PublishedNotes":"Schlussabstimmung - Vote final\n","Modified":"\/Date(1587134073806)\/","TitleDE":"Parlamentarische Initiative\nSilberschmidt Andri.\nUnternehmerinnen und Unternehmer,\nwelche Beitr\u00e4ge\nan die Arbeitslosenversicherung\nbezahlen, sollen auch\ngegen Arbeitslosigkeit versichert sein","TitleFR":"Initiative parlementaire\nSilberschmidt Andri.\nLes entrepreneurs qui versent\ndes cotisations \u00e0 l'assurance-ch\u00f4mage\ndoivent \u00eatre assur\u00e9s\neux aussi contre le ch\u00f4mage","TitleIT":null}]},"Transcripts":{"results":[{"__metadata":{"id":"https://ws.parlament.ch/OData.svc/Transcript(ID=378338L,Language='IT')","uri":"https://ws.parlament.ch/OData.svc/Transcript(ID=378338L,Language='IT')","type":"itsystems.Pd.DataServices.DataModel.Transcript"},"Subjects":{"__deferred":{"uri":"https://ws.parlament.ch/OData.svc/Transcript(ID=378338L,Language='IT')/Subjects"}},"MembersCouncil":{"__deferred":{"uri":"https://ws.parlament.ch/OData.svc/Transcript(ID=378338L,Language='IT')/MembersCouncil"}},"Businesses":{"__deferred":{"uri":"https://ws.parlament.ch/OData.svc/Transcript(ID=378338L,Language='IT')/Businesses"}},"ID":"378338","Language":"IT","IdSubject":"72115","VoteId":"32796","PersonNumber":null,"Type":2,"Text":"<pd_text><p><b>Bundesgesetz \u00fcber die obligatorische Arbeitslosenversicherung und die Insolvenzentsch\u00e4digung (Arbeitslosenversicherung f\u00fcr Arbeitnehmende in arbeitgeber\u00e4hnlicher Stellung)</b>[GZ]</p>\n<p><b>Loi f\u00e9d\u00e9rale sur l'assurance-ch\u00f4mage obligatoire et l'indemnit\u00e9 en cas d'insolvabilit\u00e9 (Assurance-ch\u00f4mage pour les personnes ayant une position assimilable \u00e0 celle d'un employeur)</b>[GZ]</p>\n<p>[VS][GZ]</p>\n<p><i>Abstimmung - Vote </i>[GZ]</p>\n<p>[NAM][GZ]</p>\n<p>F\u00fcr Annahme des Entwurfes ... 133 Stimmen [GZ]</p>\n<p>Dagegen ... 65 Stimmen [GZ]</p>\n<p>(0 Enthaltungen)</p>\n</pd_text>","MeetingCouncilAbbreviation":"N","MeetingDate":"20260619","MeetingVerbalixOid":4196,"IdSession":"5214","SpeakerFirstName":null,"SpeakerLastName":null,"SpeakerFullName":"","SpeakerFunction":null,"CouncilId":null,"CouncilName":null,"CantonId":null,"CantonName":null,"CantonAbbreviation":null,"ParlGroupName":null,"ParlGroupAbbreviation":null,"SortOrder":1,"Start":null,"End":null,"Function":null,"DisplaySpeaker":null,"LanguageOfText":null,"Modified":"\/Date(1785315865082)\/","StartTimeWithTimezone":null,"EndTimeWithTimezone":null,"VoteBusinessNumber":20200406,"VoteBusinessShortNumber":"20.406","VoteBusinessTitle":"Initiative parlementaire\nSilberschmidt Andri.\nLes entrepreneurs qui versent\ndes cotisations \u00e0 l'assurance-ch\u00f4mage\ndoivent \u00eatre assur\u00e9s\neux aussi contre le ch\u00f4mage"}]},"ID":"72115","Language":"IT","IdMeeting":"5253","VerbalixOid":807060,"SortOrder":136,"Modified":"\/Date(1785315865077)\/"}}