{"d":{"__metadata":{"id":"https://ws.parlament.ch/OData.svc/Subject(ID=72123L,Language='DE')","uri":"https://ws.parlament.ch/OData.svc/Subject(ID=72123L,Language='DE')","type":"itsystems.Pd.DataServices.DataModel.Subject"},"Meetings":{"__metadata":{"id":"https://ws.parlament.ch/OData.svc/Meeting(ID=5253L,Language='DE')","uri":"https://ws.parlament.ch/OData.svc/Meeting(ID=5253L,Language='DE')","type":"itsystems.Pd.DataServices.DataModel.Meeting"},"Sessions":{"__deferred":{"uri":"https://ws.parlament.ch/OData.svc/Meeting(ID=5253L,Language='DE')/Sessions"}},"Subjects":{"__deferred":{"uri":"https://ws.parlament.ch/OData.svc/Meeting(ID=5253L,Language='DE')/Subjects"}},"ID":"5253","Language":"DE","MeetingNumber":16,"IdSession":5214,"SessionNumber":14,"SessionName":"Sommersession 2026","Council":1,"CouncilName":"Nationalrat","CouncilAbbreviation":"NR","Date":"\/Date(1781827200000)\/","Begin":"0800","Modified":"\/Date(1784818027402)\/","LegislativePeriodNumber":52,"PublicationStatus":"final","MeetingOrderText":"Sechzehnte Sitzung","SortOrder":16,"Location":"N"},"SubjectsBusiness":{"results":[{"__metadata":{"id":"https://ws.parlament.ch/OData.svc/SubjectBusiness(BusinessNumber=20240096,IdSubject=72123L,Language='DE')","uri":"https://ws.parlament.ch/OData.svc/SubjectBusiness(BusinessNumber=20240096,IdSubject=72123L,Language='DE')","type":"itsystems.Pd.DataServices.DataModel.SubjectBusiness"},"Subjects":{"__deferred":{"uri":"https://ws.parlament.ch/OData.svc/SubjectBusiness(BusinessNumber=20240096,IdSubject=72123L,Language='DE')/Subjects"}},"Businesses":{"__deferred":{"uri":"https://ws.parlament.ch/OData.svc/SubjectBusiness(BusinessNumber=20240096,IdSubject=72123L,Language='DE')/Businesses"}},"IdSubject":"72123","BusinessNumber":20240096,"Language":"DE","BusinessShortNumber":"24.096","Title":"Bundesgesetz \u00fcber die Allgemeinverbindlicherkl\u00e4rung von Gesamtarbeitsvertr\u00e4gen. \u00c4nderung (Allgemeinverbindlicherkl\u00e4rung von Mindestl\u00f6hnen, die unter kantonalen Mindestl\u00f6hnen liegen)","SortOrder":1,"PublishedNotes":"Schlussabstimmung - Vote final\n","Modified":"\/Date(1748350771876)\/","TitleDE":"Bundesgesetz \u00fcber\ndie Allgemeinverbindlicherkl\u00e4rung\nvon Gesamtarbeitsvertr\u00e4gen.\n\u00c4nderung\n(Allgemeinverbindlicherkl\u00e4rung\nvon Mindestl\u00f6hnen, die\nunter kantonalen Mindestl\u00f6hnen\nliegen)","TitleFR":"Loi f\u00e9d\u00e9rale permettant d'\u00e9tendre\nle champ d'application\nde la convention collective\nde travail.\nModification (Extension de salaires\nminimaux inf\u00e9rieurs\naux salaires minimaux cantonaux)","TitleIT":null}]},"Transcripts":{"results":[{"__metadata":{"id":"https://ws.parlament.ch/OData.svc/Transcript(ID=378351L,Language='DE')","uri":"https://ws.parlament.ch/OData.svc/Transcript(ID=378351L,Language='DE')","type":"itsystems.Pd.DataServices.DataModel.Transcript"},"Subjects":{"__deferred":{"uri":"https://ws.parlament.ch/OData.svc/Transcript(ID=378351L,Language='DE')/Subjects"}},"MembersCouncil":{"__deferred":{"uri":"https://ws.parlament.ch/OData.svc/Transcript(ID=378351L,Language='DE')/MembersCouncil"}},"Businesses":{"__deferred":{"uri":"https://ws.parlament.ch/OData.svc/Transcript(ID=378351L,Language='DE')/Businesses"}},"ID":"378351","Language":"DE","IdSubject":"72123","VoteId":"32803","PersonNumber":null,"Type":2,"Text":"<pd_text><p><b>Bundesgesetz \u00fcber die Allgemeinverbindlicherkl\u00e4rung von Gesamtarbeitsvertr\u00e4gen (Allgemeinverbindlicherkl\u00e4rung von Mindestl\u00f6hnen, die unter kantonalen Mindestl\u00f6hnen liegen)</b>[GZ]</p>\n<p><b>Loi f\u00e9d\u00e9rale permettant d'\u00e9tendre le champ d'application de la convention collective de travail (Extension de </b>[PAGE 1464]<b> salaires minimaux inf\u00e9rieurs aux salaires minimaux cantonaux)</b>[GZ]</p>\n<p>[VS][GZ]</p>\n<p><i>Abstimmung - Vote </i>[GZ]</p>\n<p>[NAM][GZ]</p>\n<p>F\u00fcr Annahme des Entwurfes ... 115 Stimmen [GZ]</p>\n<p>Dagegen ... 78 Stimmen [GZ]</p>\n<p>(6 Enthaltungen)</p>\n</pd_text>","MeetingCouncilAbbreviation":"N","MeetingDate":"20260619","MeetingVerbalixOid":4196,"IdSession":"5214","SpeakerFirstName":null,"SpeakerLastName":null,"SpeakerFullName":"","SpeakerFunction":null,"CouncilId":null,"CouncilName":null,"CantonId":null,"CantonName":null,"CantonAbbreviation":null,"ParlGroupName":null,"ParlGroupAbbreviation":null,"SortOrder":1,"Start":null,"End":null,"Function":null,"DisplaySpeaker":null,"LanguageOfText":null,"Modified":"\/Date(1785315865112)\/","StartTimeWithTimezone":null,"EndTimeWithTimezone":null,"VoteBusinessNumber":20240096,"VoteBusinessShortNumber":"24.096","VoteBusinessTitle":"Bundesgesetz \u00fcber\ndie Allgemeinverbindlicherkl\u00e4rung\nvon Gesamtarbeitsvertr\u00e4gen.\n\u00c4nderung\n(Allgemeinverbindlicherkl\u00e4rung\nvon Mindestl\u00f6hnen, die\nunter kantonalen Mindestl\u00f6hnen\nliegen)"}]},"ID":"72123","Language":"DE","IdMeeting":"5253","VerbalixOid":807089,"SortOrder":143,"Modified":"\/Date(1785315865108)\/"}}