{"d":{"__metadata":{"id":"https://ws.parlament.ch/OData.svc/Subject(ID=72235L,Language='FR')","uri":"https://ws.parlament.ch/OData.svc/Subject(ID=72235L,Language='FR')","type":"itsystems.Pd.DataServices.DataModel.Subject"},"Meetings":{"__metadata":{"id":"https://ws.parlament.ch/OData.svc/Meeting(ID=5253L,Language='FR')","uri":"https://ws.parlament.ch/OData.svc/Meeting(ID=5253L,Language='FR')","type":"itsystems.Pd.DataServices.DataModel.Meeting"},"Sessions":{"__deferred":{"uri":"https://ws.parlament.ch/OData.svc/Meeting(ID=5253L,Language='FR')/Sessions"}},"Subjects":{"__deferred":{"uri":"https://ws.parlament.ch/OData.svc/Meeting(ID=5253L,Language='FR')/Subjects"}},"ID":"5253","Language":"FR","MeetingNumber":16,"IdSession":5214,"SessionNumber":14,"SessionName":"Session d'\u00e9t\u00e9 2026","Council":1,"CouncilName":"Conseil national","CouncilAbbreviation":"CN","Date":"\/Date(1781827200000)\/","Begin":"0800","Modified":"\/Date(1784818027402)\/","LegislativePeriodNumber":52,"PublicationStatus":"final","MeetingOrderText":"Seizi\u00e8me s\u00e9ance","SortOrder":16,"Location":"N"},"SubjectsBusiness":{"results":[{"__metadata":{"id":"https://ws.parlament.ch/OData.svc/SubjectBusiness(BusinessNumber=20263155,IdSubject=72235L,Language='FR')","uri":"https://ws.parlament.ch/OData.svc/SubjectBusiness(BusinessNumber=20263155,IdSubject=72235L,Language='FR')","type":"itsystems.Pd.DataServices.DataModel.SubjectBusiness"},"Subjects":{"__deferred":{"uri":"https://ws.parlament.ch/OData.svc/SubjectBusiness(BusinessNumber=20263155,IdSubject=72235L,Language='FR')/Subjects"}},"Businesses":{"__deferred":{"uri":"https://ws.parlament.ch/OData.svc/SubjectBusiness(BusinessNumber=20263155,IdSubject=72235L,Language='FR')/Businesses"}},"IdSubject":"72235","BusinessNumber":20263155,"Language":"FR","BusinessShortNumber":"26.3155","Title":"La BNS impliqu\u00e9e dans le syst\u00e8me \u00e9tasunien d'expulsion des migrantes et migrants ICE ?","SortOrder":1,"PublishedNotes":null,"Modified":"\/Date(1779179869846)\/","TitleDE":"Interpellation\nKlopfenstein Broggini Delphine.\nIst die SNB in das System der ICE\nzur Abschiebung von Migrantinnen\nund Migranten verwickelt?","TitleFR":"Interpellation\nKlopfenstein Broggini Delphine.\nLa BNS impliqu\u00e9e dans le syst\u00e8me\n\u00e9tasunien d'expulsion des migrantes\net migrants ICE ?","TitleIT":null}]},"Transcripts":{"results":[{"__metadata":{"id":"https://ws.parlament.ch/OData.svc/Transcript(ID=378486L,Language='FR')","uri":"https://ws.parlament.ch/OData.svc/Transcript(ID=378486L,Language='FR')","type":"itsystems.Pd.DataServices.DataModel.Transcript"},"Subjects":{"__deferred":{"uri":"https://ws.parlament.ch/OData.svc/Transcript(ID=378486L,Language='FR')/Subjects"}},"MembersCouncil":{"__deferred":{"uri":"https://ws.parlament.ch/OData.svc/Transcript(ID=378486L,Language='FR')/MembersCouncil"}},"Businesses":{"__deferred":{"uri":"https://ws.parlament.ch/OData.svc/Transcript(ID=378486L,Language='FR')/Businesses"}},"ID":"378486","Language":"FR","IdSubject":"72235","VoteId":null,"PersonNumber":null,"Type":3,"Text":"<pd_text><p><i>Erkl\u00e4rung Urheberin/Urheber: nicht befriedigt </i>[GZ]</p>\n<p><i>D\u00e9claration auteur/auteurs[NB]: non satisfait </i>[GZ]</p>\n<p>[VS] [GZ]</p>\n<p><i>Verschoben - Renvoy\u00e9</i></p>\n</pd_text>","MeetingCouncilAbbreviation":"N","MeetingDate":"20260619","MeetingVerbalixOid":4196,"IdSession":"5214","SpeakerFirstName":null,"SpeakerLastName":null,"SpeakerFullName":"","SpeakerFunction":null,"CouncilId":null,"CouncilName":null,"CantonId":null,"CantonName":null,"CantonAbbreviation":null,"ParlGroupName":null,"ParlGroupAbbreviation":null,"SortOrder":1,"Start":null,"End":null,"Function":null,"DisplaySpeaker":null,"LanguageOfText":"DE","Modified":"\/Date(1785315864946)\/","StartTimeWithTimezone":null,"EndTimeWithTimezone":null,"VoteBusinessNumber":null,"VoteBusinessShortNumber":null,"VoteBusinessTitle":null}]},"ID":"72235","Language":"FR","IdMeeting":"5253","VerbalixOid":807474,"SortOrder":94,"Modified":"\/Date(1785315864943)\/"}}