{"d":{"__metadata":{"id":"https://ws.parlament.ch/OData.svc/Subject(ID=72277L,Language='FR')","uri":"https://ws.parlament.ch/OData.svc/Subject(ID=72277L,Language='FR')","type":"itsystems.Pd.DataServices.DataModel.Subject"},"Meetings":{"__metadata":{"id":"https://ws.parlament.ch/OData.svc/Meeting(ID=5254L,Language='FR')","uri":"https://ws.parlament.ch/OData.svc/Meeting(ID=5254L,Language='FR')","type":"itsystems.Pd.DataServices.DataModel.Meeting"},"Sessions":{"__deferred":{"uri":"https://ws.parlament.ch/OData.svc/Meeting(ID=5254L,Language='FR')/Sessions"}},"Subjects":{"__deferred":{"uri":"https://ws.parlament.ch/OData.svc/Meeting(ID=5254L,Language='FR')/Subjects"}},"ID":"5254","Language":"FR","MeetingNumber":13,"IdSession":5214,"SessionNumber":14,"SessionName":"Session d'\u00e9t\u00e9 2026","Council":2,"CouncilName":"Conseil des Etats","CouncilAbbreviation":"CE","Date":"\/Date(1781827200000)\/","Begin":"0815","Modified":"\/Date(1784231568868)\/","LegislativePeriodNumber":52,"PublicationStatus":"final","MeetingOrderText":"Treizi\u00e8me s\u00e9ance","SortOrder":13,"Location":"S"},"SubjectsBusiness":{"results":[{"__metadata":{"id":"https://ws.parlament.ch/OData.svc/SubjectBusiness(BusinessNumber=20261011,IdSubject=72277L,Language='FR')","uri":"https://ws.parlament.ch/OData.svc/SubjectBusiness(BusinessNumber=20261011,IdSubject=72277L,Language='FR')","type":"itsystems.Pd.DataServices.DataModel.SubjectBusiness"},"Subjects":{"__deferred":{"uri":"https://ws.parlament.ch/OData.svc/SubjectBusiness(BusinessNumber=20261011,IdSubject=72277L,Language='FR')/Subjects"}},"Businesses":{"__deferred":{"uri":"https://ws.parlament.ch/OData.svc/SubjectBusiness(BusinessNumber=20261011,IdSubject=72277L,Language='FR')/Businesses"}},"IdSubject":"72277","BusinessNumber":20261011,"Language":"FR","BusinessShortNumber":"26.1011","Title":"CMS. Les appareils \u00e0 ondes dirig\u00e9es de l'arm\u00e9e sont-ils vraiment un niveau de repli adapt\u00e9 ? ","SortOrder":1,"PublishedNotes":null,"Modified":"\/Date(1782214647223)\/","TitleDE":"Anfrage Roth Franziska.\nMSK. Bilden Richtstrahlger\u00e4te\nder Armee tats\u00e4chlich\neine geeignete R\u00fcckfallebene?","TitleFR":"Question Roth Franziska.\nCMS. Les appareils \u00e0 ondes dirig\u00e9es\nde l'arm\u00e9e sont-ils vraiment un niveau\nde repli adapt\u00e9 ?","TitleIT":null}]},"Transcripts":{"results":[{"__metadata":{"id":"https://ws.parlament.ch/OData.svc/Transcript(ID=378529L,Language='FR')","uri":"https://ws.parlament.ch/OData.svc/Transcript(ID=378529L,Language='FR')","type":"itsystems.Pd.DataServices.DataModel.Transcript"},"Subjects":{"__deferred":{"uri":"https://ws.parlament.ch/OData.svc/Transcript(ID=378529L,Language='FR')/Subjects"}},"MembersCouncil":{"__deferred":{"uri":"https://ws.parlament.ch/OData.svc/Transcript(ID=378529L,Language='FR')/MembersCouncil"}},"Businesses":{"__deferred":{"uri":"https://ws.parlament.ch/OData.svc/Transcript(ID=378529L,Language='FR')/Businesses"}},"ID":"378529","Language":"FR","IdSubject":"72277","VoteId":null,"PersonNumber":null,"Type":3,"Text":"<pd_text><p><i>Schriftliche Antwort (Beilage) - R\u00e9ponse \u00e9crite (annexe)</i></p>\n<p>[VS]</p>\n</pd_text>","MeetingCouncilAbbreviation":"S","MeetingDate":"20260619","MeetingVerbalixOid":4197,"IdSession":"5214","SpeakerFirstName":null,"SpeakerLastName":null,"SpeakerFullName":"","SpeakerFunction":null,"CouncilId":null,"CouncilName":null,"CantonId":null,"CantonName":null,"CantonAbbreviation":null,"ParlGroupName":null,"ParlGroupAbbreviation":null,"SortOrder":1,"Start":"\/Date(1781858048392)\/","End":"\/Date(1781858348392)\/","Function":null,"DisplaySpeaker":null,"LanguageOfText":"DE","Modified":"\/Date(1785315890610)\/","StartTimeWithTimezone":"\/Date(1781858048393+0120)\/","EndTimeWithTimezone":"\/Date(1781858348393+0120)\/","VoteBusinessNumber":null,"VoteBusinessShortNumber":null,"VoteBusinessTitle":null}]},"ID":"72277","Language":"FR","IdMeeting":"5254","VerbalixOid":807601,"SortOrder":24,"Modified":"\/Date(1785315890608)\/"}}