{"d":{"__metadata":{"id":"https://ws.parlament.ch/OData.svc/Subject(ID=7522L,Language='DE')","uri":"https://ws.parlament.ch/OData.svc/Subject(ID=7522L,Language='DE')","type":"itsystems.Pd.DataServices.DataModel.Subject"},"Meetings":{"__metadata":{"id":"https://ws.parlament.ch/OData.svc/Meeting(ID=546L,Language='DE')","uri":"https://ws.parlament.ch/OData.svc/Meeting(ID=546L,Language='DE')","type":"itsystems.Pd.DataServices.DataModel.Meeting"},"Sessions":{"__deferred":{"uri":"https://ws.parlament.ch/OData.svc/Meeting(ID=546L,Language='DE')/Sessions"}},"Subjects":{"__deferred":{"uri":"https://ws.parlament.ch/OData.svc/Meeting(ID=546L,Language='DE')/Subjects"}},"ID":"546","Language":"DE","MeetingNumber":1,"IdSession":4704,"SessionNumber":4,"SessionName":"Sommersession 2004","Council":2,"CouncilName":"St\u00e4nderat","CouncilAbbreviation":"SR","Date":"\/Date(1086048000000)\/","Begin":"1815","Modified":"\/Date(1447069885513)\/","LegislativePeriodNumber":47,"PublicationStatus":"final","MeetingOrderText":"Erste Sitzung","SortOrder":1,"Location":"S"},"SubjectsBusiness":{"results":[{"__metadata":{"id":"https://ws.parlament.ch/OData.svc/SubjectBusiness(BusinessNumber=20030037,IdSubject=7522L,Language='DE')","uri":"https://ws.parlament.ch/OData.svc/SubjectBusiness(BusinessNumber=20030037,IdSubject=7522L,Language='DE')","type":"itsystems.Pd.DataServices.DataModel.SubjectBusiness"},"Subjects":{"__deferred":{"uri":"https://ws.parlament.ch/OData.svc/SubjectBusiness(BusinessNumber=20030037,IdSubject=7522L,Language='DE')/Subjects"}},"Businesses":{"__deferred":{"uri":"https://ws.parlament.ch/OData.svc/SubjectBusiness(BusinessNumber=20030037,IdSubject=7522L,Language='DE')/Businesses"}},"IdSubject":"7522","BusinessNumber":20030037,"Language":"DE","BusinessShortNumber":"03.037","Title":"Abgeschlossene internationale Staatsvertr\u00e4ge im Jahr 2002. Bericht","SortOrder":1,"PublishedNotes":"Zweitrat - Deuxi\u00e8me Conseil\n","Modified":"\/Date(1447069203190)\/","TitleDE":"Im Jahr 2002 abgeschlossene\ninternationale Staatsvertr\u00e4ge.\nBericht","TitleFR":"Trait\u00e9s internationaux\nconclus en l'an 2002.\nRapport","TitleIT":null},{"__metadata":{"id":"https://ws.parlament.ch/OData.svc/SubjectBusiness(BusinessNumber=20033577,IdSubject=7522L,Language='DE')","uri":"https://ws.parlament.ch/OData.svc/SubjectBusiness(BusinessNumber=20033577,IdSubject=7522L,Language='DE')","type":"itsystems.Pd.DataServices.DataModel.SubjectBusiness"},"Subjects":{"__deferred":{"uri":"https://ws.parlament.ch/OData.svc/SubjectBusiness(BusinessNumber=20033577,IdSubject=7522L,Language='DE')/Subjects"}},"Businesses":{"__deferred":{"uri":"https://ws.parlament.ch/OData.svc/SubjectBusiness(BusinessNumber=20033577,IdSubject=7522L,Language='DE')/Businesses"}},"IdSubject":"7522","BusinessNumber":20033577,"Language":"DE","BusinessShortNumber":"03.3577","Title":"Parlamentarische Genehmigung des \"Operative Working Arrangement\" zwischen den Strafverfolgungsbeh\u00f6rden des Bundes und der Vereinigten Staaten von Amerika","SortOrder":2,"PublishedNotes":null,"Modified":"\/Date(1447069225230)\/","TitleDE":"Motion APK-NR (03.037).\nParlamentarische Genehmigung\ndes \"Operative Working Arrangement\"\nzwischen den Strafverfolgungsbeh\u00f6rden\ndes Bundes und\nder Vereinigten Staaten von Amerika","TitleFR":"Motion CPE-CN (03.037).\nApprobation par le Parlement\nde l'\"Operative Working Arrangement\"\nentre les autorit\u00e9s de poursuite\np\u00e9nale de la Conf\u00e9d\u00e9ration\net des Etats-Unis d'Am\u00e9rique","TitleIT":null}]},"Transcripts":{"results":[{"__metadata":{"id":"https://ws.parlament.ch/OData.svc/Transcript(ID=44912L,Language='DE')","uri":"https://ws.parlament.ch/OData.svc/Transcript(ID=44912L,Language='DE')","type":"itsystems.Pd.DataServices.DataModel.Transcript"},"Subjects":{"__deferred":{"uri":"https://ws.parlament.ch/OData.svc/Transcript(ID=44912L,Language='DE')/Subjects"}},"MembersCouncil":{"__deferred":{"uri":"https://ws.parlament.ch/OData.svc/Transcript(ID=44912L,Language='DE')/MembersCouncil"}},"Businesses":{"__deferred":{"uri":"https://ws.parlament.ch/OData.svc/Transcript(ID=44912L,Language='DE')/Businesses"}},"ID":"44912","Language":"DE","IdSubject":"7522","VoteId":null,"PersonNumber":194,"Type":1,"Text":"<pd_text><p><b>03.037</b></p>\n<p><i>Vom Bericht wird Kenntnis genommen</i></p>\n<p><i>Il est pris acte du rapport</i></p>\n<p>[VS]</p>\n<p><b>03.3577</b></p>\n<p><i>Abgelehnt - Rejet\u00e9</i></p>\n<p>[PAGE 175] </p>\n</pd_text>","MeetingCouncilAbbreviation":"S","MeetingDate":"20040601","MeetingVerbalixOid":1199,"IdSession":"4704","SpeakerFirstName":"Fritz","SpeakerLastName":"Schiesser","SpeakerFullName":"Schiesser Fritz","SpeakerFunction":"P-M","CouncilId":2,"CouncilName":"St\u00e4nderat","CantonId":8,"CantonName":"Glarus","CantonAbbreviation":"GL","ParlGroupName":"Freisinnig-demokratische Fraktion","ParlGroupAbbreviation":"RL","SortOrder":6,"Start":"\/Date(1086115817863)\/","End":"\/Date(1086115841763)\/","Function":"P-M","DisplaySpeaker":false,"LanguageOfText":null,"Modified":"\/Date(1510849522353)\/","StartTimeWithTimezone":"\/Date(1086115817863+0120)\/","EndTimeWithTimezone":"\/Date(1086115841763+0120)\/","VoteBusinessNumber":null,"VoteBusinessShortNumber":null,"VoteBusinessTitle":null},{"__metadata":{"id":"https://ws.parlament.ch/OData.svc/Transcript(ID=44913L,Language='DE')","uri":"https://ws.parlament.ch/OData.svc/Transcript(ID=44913L,Language='DE')","type":"itsystems.Pd.DataServices.DataModel.Transcript"},"Subjects":{"__deferred":{"uri":"https://ws.parlament.ch/OData.svc/Transcript(ID=44913L,Language='DE')/Subjects"}},"MembersCouncil":{"__deferred":{"uri":"https://ws.parlament.ch/OData.svc/Transcript(ID=44913L,Language='DE')/MembersCouncil"}},"Businesses":{"__deferred":{"uri":"https://ws.parlament.ch/OData.svc/Transcript(ID=44913L,Language='DE')/Businesses"}},"ID":"44913","Language":"DE","IdSubject":"7522","VoteId":null,"PersonNumber":195,"Type":1,"Text":"<pd_text><p>Ein Wort noch zu dieser Motion bzw. zum \"Operative Working Arrangement\" (OWA): Es sollte meines Erachtens doch noch gesagt sein, dass das OWA den Kommissionen im Wortlaut vorlag und dass man es gelesen hat. Die Papierform dieses OWA gibt zu keinen Bedenken Anlass. Die Frage ist aber nat\u00fcrlich, ob man sich daran h\u00e4lt. Hier meine ich, dass die Gesch\u00e4ftspr\u00fcfungsdelegation - oder wer immer da zust\u00e4ndig ist - bei der Verfolgung des Vollzugs dieser ganzen Geschichte wirklich gefordert ist, denn die USA sind im Moment kein Rechtsstaat nach unserem Standard. Von daher muss man aufpassen, was man macht. Es ist ein heikles Thema, ein heikles Gebiet. Die USA dehnen ihre Kompetenzen enorm aus und fahren die Rechte der Betroffenen enorm zur\u00fcck. Hier sind wir mit unserer Auffassung nat\u00fcrlich noch \"altmodisch\", und daher ist die Aufsicht \u00fcber dieses ganze Thema von extremer Bedeutung.</p>\n</pd_text>","MeetingCouncilAbbreviation":"S","MeetingDate":"20040601","MeetingVerbalixOid":1199,"IdSession":"4704","SpeakerFirstName":"Carlo","SpeakerLastName":"Schmid-Sutter","SpeakerFullName":"Schmid-Sutter Carlo","SpeakerFunction":"Mit-M","CouncilId":2,"CouncilName":"St\u00e4nderat","CantonId":16,"CantonName":"Appenzell I.-Rh.","CantonAbbreviation":"AI","ParlGroupName":"Christlichdemokratische Fraktion","ParlGroupAbbreviation":"M-E","SortOrder":5,"Start":"\/Date(1086115747173)\/","End":"\/Date(1086115817863)\/","Function":"Mit-M","DisplaySpeaker":true,"LanguageOfText":"DE","Modified":"\/Date(1510849522353)\/","StartTimeWithTimezone":"\/Date(1086115747173+0120)\/","EndTimeWithTimezone":"\/Date(1086115817863+0120)\/","VoteBusinessNumber":null,"VoteBusinessShortNumber":null,"VoteBusinessTitle":null},{"__metadata":{"id":"https://ws.parlament.ch/OData.svc/Transcript(ID=44914L,Language='DE')","uri":"https://ws.parlament.ch/OData.svc/Transcript(ID=44914L,Language='DE')","type":"itsystems.Pd.DataServices.DataModel.Transcript"},"Subjects":{"__deferred":{"uri":"https://ws.parlament.ch/OData.svc/Transcript(ID=44914L,Language='DE')/Subjects"}},"MembersCouncil":{"__deferred":{"uri":"https://ws.parlament.ch/OData.svc/Transcript(ID=44914L,Language='DE')/MembersCouncil"}},"Businesses":{"__deferred":{"uri":"https://ws.parlament.ch/OData.svc/Transcript(ID=44914L,Language='DE')/Businesses"}},"ID":"44914","Language":"DE","IdSubject":"7522","VoteId":null,"PersonNumber":827,"Type":1,"Text":"<pd_text><p>Le rapport sur les trait\u00e9s internationaux conclus en l'an 2002, comme celui des ann\u00e9es pr\u00e9c\u00e9dentes, contient un peu plus de 200 trait\u00e9s. Chaque accord bilat\u00e9ral ou multilat\u00e9ral pour lequel la Suisse a exprim\u00e9, durant l'ann\u00e9e 2002, son consentement d\u00e9finitif et sa volont\u00e9 d'y \u00eatre li\u00e9e, fait l'objet d'un compte rendu succinct. </p>\n<p>Le Conseil f\u00e9d\u00e9ral vous soumet son rapport pour avis. Chaque chambre peut en prendre acte en l'approuvant ou en le rejetant. Si l'Assembl\u00e9e f\u00e9d\u00e9rale s'estime seule habilit\u00e9e \u00e0 conclure l'un ou l'autre des accords mentionn\u00e9s dans ce rapport, elle a la possibilit\u00e9, au moyen d'une motion, de charger le Conseil f\u00e9d\u00e9ral de lui soumettre apr\u00e8s coup le trait\u00e9 en question pour qu'elle l'examine selon la proc\u00e9dure ordinaire.</p>\n<p>Le Conseil f\u00e9d\u00e9ral vous propose de prendre acte de ce rapport. Toutefois, la Commission de politique ext\u00e9rieure du Conseil national a us\u00e9 de la possibilit\u00e9 de la voie d'une motion concernant l'\"Operative Working Arrangement\" (OWA). La pr\u00e9sente motion a pour but de charger le Conseil f\u00e9d\u00e9ral de soumettre au Parlement, apr\u00e8s coup et selon la proc\u00e9dure ordinaire, l'un des trait\u00e9s contenus dans le rapport sur les trait\u00e9s internationaux conclus en 2002.</p>\n<p>Il s'agit d'un OWA conclu avec les Etats-Unis. Contrairement au Conseil national, la Commission de politique ext\u00e9rieure du Conseil des Etats a d\u00e9cid\u00e9, \u00e0 l'unanimit\u00e9, de ne pas accepter cette motion. Cet OWA est en effet un arrangement de port\u00e9e mineure au sens de l'article 7a alin\u00e9a 2 de la loi f\u00e9d\u00e9rale sur l'organisation du gouvernement et de l'administration, que le Conseil f\u00e9d\u00e9ral avait la comp\u00e9tence de conclure seul. L'OWA entre dans la comp\u00e9tence du D\u00e9partement f\u00e9d\u00e9ral de justice et police. Il est un document de travail de nature op\u00e9rationnelle qui r\u00e8gle les modalit\u00e9s de coop\u00e9ration dans un cas concret. Il a une dur\u00e9e limit\u00e9e et peut \u00eatre d\u00e9nonc\u00e9 en tout temps. En permettant \u00e0 des groupes de travail form\u00e9s d'officiers d'enqu\u00eate de chaque pays d'\u00e9changer des informations et d'analyser sans d\u00e9lai les donn\u00e9es rassembl\u00e9es, il facilite l'entraide judiciaire et la recherche d'informations telles qu'elles sont d\u00e9j\u00e0 pr\u00e9vues par le trait\u00e9 du 25 mai 1973 entre la Suisse et les Etats-Unis sur l'entraide judiciaire en mati\u00e8re p\u00e9nale et par la loi f\u00e9d\u00e9rale du 7 octobre 1994 sur les offices centraux de police criminelle.</p>\n<p>Il est vrai que, dans le but de lutter de fa\u00e7on rapide et efficace contre la criminalit\u00e9 organis\u00e9e et le terrorisme, la pratique a conduit les Etats \u00e0 abaisser le niveau hi\u00e9rarchique o\u00f9 se prennent les d\u00e9cisions en mati\u00e8re d'entraide judiciaire. Ainsi en est-il de l'accord entre la Suisse et l'Italie (0.351.945.41) par exemple, qui vise \u00e0 l'audition par vid\u00e9oconf\u00e9rence, par conf\u00e9rence t\u00e9l\u00e9phonique et donne la possibilit\u00e9 de travailler conjointement au sein de groupes communs d'enqu\u00eate.</p>\n<p>L'OWA r\u00e9pond au m\u00eame genre d'exigences pratiques. Il prescrit le respect par chaque Etat partie des lois du pays h\u00f4te; la r\u00e9ciprocit\u00e9 et l'\u00e9galit\u00e9 des droits sont garantis. L'OWA ne touche donc pas les droits civiques ou d'autres droits dans une mesure incompatible avec le droit applicable en Suisse, il ne fait que rappeler des r\u00e8gles de proc\u00e9dure d'entraide et de pr\u00e9ciser des points de d\u00e9tail. La transparence requise n'impose pas au Conseil f\u00e9d\u00e9ral de soumettre les \"trait\u00e9s bagatelles\" tels que l'OWA \u00e0 l'approbation du Parlement.</p>\n<p>En fait, les accords de port\u00e9e mineure - c'est ce qu'on appelle les \"trait\u00e9s bagatelles\" - servent \u00e0 l'ex\u00e9cution de trait\u00e9s ant\u00e9rieurs. Pour r\u00e9pondre \u00e0 Monsieur Schmid qui disait: \"Mais enfin, comment est-ce qu'on les reconna\u00eet?\", je dirai donc qu'ils servent \u00e0 l'ex\u00e9cution de trait\u00e9s ant\u00e9rieurs approuv\u00e9s par l'Assembl\u00e9e f\u00e9d\u00e9rale et peuvent \u00eatre conclus par le Conseil f\u00e9d\u00e9ral. En Suisse, des collaborateurs ou des collaboratrices ne peuvent pas conclure des trait\u00e9s internationaux. Seul le Conseil f\u00e9d\u00e9ral peut le faire, exceptionnellement un d\u00e9partement ou un office, et ce dernier seulement sur la base d'une loi formelle.</p>\n<p>Donc, le but est de lutter, en l'occurrence pour ce qui concerne l'OWA, de fa\u00e7on efficace contre la criminalit\u00e9 organis\u00e9e et le terrorisme. Pour cela, les autorit\u00e9s judiciaires doivent pouvoir conclure des arrangements qui r\u00e9glementent leur mani\u00e8re de collaborer. Encore une fois, dans le cas pr\u00e9sent, l'OWA ne sort pas des limites fix\u00e9es par le trait\u00e9 de 1973 entre la Suisse et les Etats-Unis.</p>\n<p>L'Ukraine a \u00e9t\u00e9 \u00e9voqu\u00e9e par Monsieur St\u00e4helin. Le trait\u00e9 avec l'Ukraine esquisse un cadre pour le d\u00e9veloppement de la coop\u00e9ration en mati\u00e8re militaire, mais il se borne \u00e0 r\u00e9gler des principes g\u00e9n\u00e9raux, des proc\u00e9dures et des formes g\u00e9n\u00e9rales. Il pr\u00e9voit aussi des projets de soutien ponctuels unilat\u00e9raux. Il est d'importance mineure; il vise notamment \u00e0 am\u00e9liorer le respect des droits de l'homme et le droit humanitaire dans les forces arm\u00e9es ukrainiennes, ainsi que le contr\u00f4le d\u00e9mocratique et civil sur les forces arm\u00e9es. C'est quelque chose que la Suisse, vous le savez, sait bien faire.</p>\n<p>Par cons\u00e9quent, cet instrument conclu avec l'Ukraine est aussi d'une importance mineure. Et dans la mesure o\u00f9 elle toucherait la coop\u00e9ration en mati\u00e8re d'instruction, la comp\u00e9tence du Conseil f\u00e9d\u00e9ral est donn\u00e9e par la l\u00e9gislation sur l'arm\u00e9e, \u00e0 savoir par l'article 48a de la loi f\u00e9d\u00e9rale sur l'arm\u00e9e et l'administration militaire.</p>\n<p>Le Conseil f\u00e9d\u00e9ral vous propose de prendre acte du rapport et de rejeter la motion.</p>\n</pd_text>","MeetingCouncilAbbreviation":"S","MeetingDate":"20040601","MeetingVerbalixOid":1199,"IdSession":"4704","SpeakerFirstName":"Micheline","SpeakerLastName":"Calmy-Rey","SpeakerFullName":"Calmy-Rey Micheline","SpeakerFunction":"BR-F","CouncilId":99,"CouncilName":"Bundesrat","CantonId":25,"CantonName":"Genf","CantonAbbreviation":"GE","ParlGroupName":null,"ParlGroupAbbreviation":null,"SortOrder":4,"Start":"\/Date(1086115366963)\/","End":"\/Date(1086115747173)\/","Function":"BR-F","DisplaySpeaker":true,"LanguageOfText":"FR","Modified":"\/Date(1510849522353)\/","StartTimeWithTimezone":"\/Date(1086115366963+0120)\/","EndTimeWithTimezone":"\/Date(1086115747173+0120)\/","VoteBusinessNumber":null,"VoteBusinessShortNumber":null,"VoteBusinessTitle":null},{"__metadata":{"id":"https://ws.parlament.ch/OData.svc/Transcript(ID=44915L,Language='DE')","uri":"https://ws.parlament.ch/OData.svc/Transcript(ID=44915L,Language='DE')","type":"itsystems.Pd.DataServices.DataModel.Transcript"},"Subjects":{"__deferred":{"uri":"https://ws.parlament.ch/OData.svc/Transcript(ID=44915L,Language='DE')/Subjects"}},"MembersCouncil":{"__deferred":{"uri":"https://ws.parlament.ch/OData.svc/Transcript(ID=44915L,Language='DE')/MembersCouncil"}},"Businesses":{"__deferred":{"uri":"https://ws.parlament.ch/OData.svc/Transcript(ID=44915L,Language='DE')/Businesses"}},"ID":"44915","Language":"DE","IdSubject":"7522","VoteId":null,"PersonNumber":532,"Type":1,"Text":"<pd_text><p>Es geht mir eigentlich um ein \u00e4hnliches Thema wie meinem Vorredner, n\u00e4mlich um die gegenseitige Koordination und Information. Am 2. September 2002 hat der Chef des VBS mit dem Verteidigungsministerium der Ukraine ein Abkommen geschlossen; Sie finden es unter der Ziffer 2.4.7 auf Seite 4230 des Berichtes. Es ist ein Abkommen \u00fcber generelle Zusammenarbeit. Es geht mir nicht um den Inhalt - es ist in sch\u00f6nen Worten von Begleitung und Beratung der Aktivit\u00e4ten der Streitkr\u00e4fte, von der Rechtsstellung von Angeh\u00f6rigen der Streitkr\u00e4fte und von gegenseitiger Ausgewogenheit die Rede -, es geht mir um etwas anderes.</p>\n<p>Knapp ein Jahr vor diesem Besuch unseres Verteidigungsministers in der Ukraine und dieser Vereinbarung hat eine Delegation unserer APK ebenfalls die Ukraine besucht, und zwar haben wir das sehr gezielt gemacht. Es ging uns um Fragen der Zusammenarbeit, etwa was die Deza angeht. Wir haben das auch entsprechend vorbereitet und nachbearbeitet. Diese Besuche sollen nicht einfach \"pleasure trips\" bleiben, sondern tats\u00e4chlich in die Gesamtbeziehungen zu einem anderen Staat eingebettet sein. Wir haben uns durchaus auch vielleicht weniger mit der Armee, aber sicher mit den Sicherheitskr\u00e4ften der Ukraine besch\u00e4ftigt und haben uns dort tats\u00e4chlich auch unsere Gedanken gemacht. Ich m\u00f6chte nicht ausholen. Auf alle F\u00e4lle meine ich, es w\u00e4re gut [PAGE 174] gewesen, wenn das VBS vor der Visite des Verteidigungsministers der Schweiz in der Ukraine mit unserer APK R\u00fccksprache genommen h\u00e4tte, um auch dieses Abkommen einzubetten. Ich weiss auch nicht, ob es dann zustande gekommen w\u00e4re.</p>\n<p>Kurz gesagt geht es mir darum, dass auch seitens der anderen Departemente und nicht nur des EDA der Kontakt mit den APK beider R\u00e4te gesucht wird und dass diese Besuche in anderen Staaten und diese gegenseitigen Beziehungen mit anderen Staaten tats\u00e4chlich auch koordiniert werden. Dann erhalten sie auch die n\u00f6tige Wirkung.</p>\n<p>Ich bitte unsere Frau Bundesr\u00e4tin, mit den anderen Departementen zusammen f\u00fcr die richtige Abstimmung zu sorgen.</p>\n</pd_text>","MeetingCouncilAbbreviation":"S","MeetingDate":"20040601","MeetingVerbalixOid":1199,"IdSession":"4704","SpeakerFirstName":"Philipp","SpeakerLastName":"St\u00e4helin","SpeakerFullName":"St\u00e4helin Philipp","SpeakerFunction":"Mit-M","CouncilId":2,"CouncilName":"St\u00e4nderat","CantonId":20,"CantonName":"Thurgau","CantonAbbreviation":"TG","ParlGroupName":"Christlichdemokratische Fraktion","ParlGroupAbbreviation":"M-E","SortOrder":3,"Start":"\/Date(1086115185593)\/","End":"\/Date(1086115366963)\/","Function":"Mit-M","DisplaySpeaker":true,"LanguageOfText":"DE","Modified":"\/Date(1510849522353)\/","StartTimeWithTimezone":"\/Date(1086115185593+0120)\/","EndTimeWithTimezone":"\/Date(1086115366963+0120)\/","VoteBusinessNumber":null,"VoteBusinessShortNumber":null,"VoteBusinessTitle":null},{"__metadata":{"id":"https://ws.parlament.ch/OData.svc/Transcript(ID=44916L,Language='DE')","uri":"https://ws.parlament.ch/OData.svc/Transcript(ID=44916L,Language='DE')","type":"itsystems.Pd.DataServices.DataModel.Transcript"},"Subjects":{"__deferred":{"uri":"https://ws.parlament.ch/OData.svc/Transcript(ID=44916L,Language='DE')/Subjects"}},"MembersCouncil":{"__deferred":{"uri":"https://ws.parlament.ch/OData.svc/Transcript(ID=44916L,Language='DE')/MembersCouncil"}},"Businesses":{"__deferred":{"uri":"https://ws.parlament.ch/OData.svc/Transcript(ID=44916L,Language='DE')/Businesses"}},"ID":"44916","Language":"DE","IdSubject":"7522","VoteId":null,"PersonNumber":195,"Type":1,"Text":"<pd_text><p>Mit Bezug auf diesen Bericht scheint es sinnvoll zu sein, auf eine Gefahr hinzuweisen, welche aufgrund der Wiener Konvention besteht. Wir haben auf der einen Seite Vertr\u00e4ge vor uns, die wir als Parlament genehmigen. Wir haben auf der anderen Seite Vertr\u00e4ge, die der Bundesrat oder die nachgeordneten Instanzen abschliessen, ohne dass sie einer parlamentarischen Genehmigung bed\u00fcrfen. Diese werden uns dann in diesem Bericht vorgelegt. Wir haben ein sinnvolles Verfahren, das uns dann die M\u00f6glichkeit gibt, zu entscheiden, ob wir etwas, das wir hier in diesem Bericht finden, als genehmigungsbed\u00fcrftig oder nicht genehmigungsbed\u00fcrftig anschauen. Gegebenenfalls k\u00f6nnen wir dann im Rahmen einer Motion den Bundesrat ersuchen, uns ein bestimmtes Abkommen nachtr\u00e4glich zur Genehmigung vorzulegen. Was aber kein Mensch weiss - \"kein Mensch\" ist \u00fcbertrieben: was wir nicht wissen -, ist Folgendes: Gibt es nicht eine ganze Kategorie von v\u00f6lkerrechtlich verbindlichen Vertr\u00e4gen, die niemand ausserhalb jener Instanzen, welche sie abschliessen, als solche erkennt?</p>\n<p>Wir kennen die Situation in den USA: Die USA - die Administration - f\u00fcrchten sich vor f\u00f6rmlichen internationalen Vertr\u00e4gen. Denn solche sind einem ausgedehnten Prozedere insbesondere im amerikanischen Senat ausgesetzt. Das f\u00fchrt dazu, dass sie alles versuchen, um keine solchen Vertr\u00e4ge machen zu m\u00fcssen. Es gibt daf\u00fcr dann diese Arrangements, Agreements oder Memorandums usw.</p>\n<p>Immerhin ist nach unserem schweizerischen Vertragsrecht klar, dass der Titel eines Instrumentes nicht den Inhalt ausmacht, sondern dass der Inhalt selbst dann sagt, was die rechtliche Qualifikation ist und was nicht. Aber es ist denkbar, dass Leute unterer Instanzen miteinander Dinge machen, von denen wir nichts wissen. Dabei muss man sich dann die Frage stellen: Ja, was ist da los? Hier, sagt man, in dieser Situation, sind solche Absprachen v\u00f6lkerrechtlich g\u00fcltig, auch wenn sie unter Verletzung schweizerischer, also interner, Zust\u00e4ndigkeitsregeln zustande gekommen sind - es sei denn, dass die Geschichte offensichtlich v\u00f6llig falsch ist. Aber wenn sie nicht offensichtlich v\u00f6llig falsch ist, dann gelten nach der Wiener Konvention solche Absprachen als v\u00f6lkerrechtliche Vertr\u00e4ge.</p>\n<p>Die erkenntnistheoretisch schwierige Frage, Frau Bundesr\u00e4tin, lautet wie folgt: Wie kommt man solchen Vertragswerken \u00fcberhaupt auf die Schliche? Wie erkennt man sie? Das vorangehende Problem lautet: Haben sich der Bundesrat und die Verwaltung mit diesen Problemen \u00fcberhaupt ernsthaft auseinander gesetzt? Um dem Bundesrat damit etwas zu helfen, sich damit auseinander zu setzen, w\u00e4re es sinnvoll, wenn er bei der Pr\u00e4sentation dieses Berichtes die Kommentierung der Abkommen um eine zus\u00e4tzliche Ziffer erg\u00e4nzen w\u00fcrde, n\u00e4mlich um die Bekanntgabe, welche Instanz diese Vertr\u00e4ge abgeschlossen hat: Der Bundesrat selbst kann das tun, das Departement kann das tun, es k\u00f6nnen dies aber auch Sachbearbeiter tun. Hier w\u00e4re es sinnvoll, wenn man mit einer solchen Massnahme dem Bundesrat irgendwo das Bewusstsein daf\u00fcr sch\u00e4rfen w\u00fcrde, dass hier unter Umst\u00e4nden Vertr\u00e4ge vorliegen, die als solche nicht gekennzeichnet sind. Es scheint mir n\u00e4mlich relativ problematisch zu sein, wenn wir aufgrund dieses Wiener Abkommens, dieser Wiener Konvention, pl\u00f6tzlich mit Verpflichtungen konfrontiert w\u00fcrden, von denen wir keine Kenntnis h\u00e4tten und von denen auch der Bundesrat nach Treu und Glauben selbst keine Kenntnis haben muss.</p>\n<p>Ich wollte mit diesem Votum ein Problem aufgreifen, das im Zusammenhang mit der rechtlichen Behandlung von Vertr\u00e4gen, die nicht genehmigungsbed\u00fcrftig sind, in den letzten Monaten vermehrt zu einem Thema geworden ist. Ich verzichte darauf, einen Antrag zu stellen, und m\u00f6chte es bei diesen Bemerkungen bewenden lassen, in der Hoffnung, dass diese Gefahr damit erkannt ist, die nicht auf die leichte Schulter zu nehmen ist.</p>\n</pd_text>","MeetingCouncilAbbreviation":"S","MeetingDate":"20040601","MeetingVerbalixOid":1199,"IdSession":"4704","SpeakerFirstName":"Carlo","SpeakerLastName":"Schmid-Sutter","SpeakerFullName":"Schmid-Sutter Carlo","SpeakerFunction":"Mit-M","CouncilId":2,"CouncilName":"St\u00e4nderat","CantonId":16,"CantonName":"Appenzell I.-Rh.","CantonAbbreviation":"AI","ParlGroupName":"Christlichdemokratische Fraktion","ParlGroupAbbreviation":"M-E","SortOrder":2,"Start":"\/Date(1086114865357)\/","End":"\/Date(1086115185593)\/","Function":"Mit-M","DisplaySpeaker":true,"LanguageOfText":"DE","Modified":"\/Date(1510849522337)\/","StartTimeWithTimezone":"\/Date(1086114865357+0120)\/","EndTimeWithTimezone":"\/Date(1086115185593+0120)\/","VoteBusinessNumber":null,"VoteBusinessShortNumber":null,"VoteBusinessTitle":null},{"__metadata":{"id":"https://ws.parlament.ch/OData.svc/Transcript(ID=44917L,Language='DE')","uri":"https://ws.parlament.ch/OData.svc/Transcript(ID=44917L,Language='DE')","type":"itsystems.Pd.DataServices.DataModel.Transcript"},"Subjects":{"__deferred":{"uri":"https://ws.parlament.ch/OData.svc/Transcript(ID=44917L,Language='DE')/Subjects"}},"MembersCouncil":{"__deferred":{"uri":"https://ws.parlament.ch/OData.svc/Transcript(ID=44917L,Language='DE')/MembersCouncil"}},"Businesses":{"__deferred":{"uri":"https://ws.parlament.ch/OData.svc/Transcript(ID=44917L,Language='DE')/Businesses"}},"ID":"44917","Language":"DE","IdSubject":"7522","VoteId":null,"PersonNumber":528,"Type":1,"Text":"<pd_text><p>Der vorliegende Bericht \u00fcber die im Jahr 2002 vom Bundesrat selbstst\u00e4ndig abgeschlossenen internationalen Vertr\u00e4ge basiert noch auf dem alten Recht, das heisst auf Artikel 47bis b des Gesch\u00e4ftsverkehrsgesetzes. Dieser legte die grunds\u00e4tzliche Zust\u00e4ndigkeit der Bundesversammlung f\u00fcr die Genehmigung der v\u00f6lkerrechtlichen Vertr\u00e4ge fest und umschrieb die Bedingungen, unter denen der Bundesrat zum selbstst\u00e4ndigen Abschluss von internationalen Vertr\u00e4gen erm\u00e4chtigt war. Ferner hielt er die Verpflichtung des Bundesrates fest, der Bundesversammlung j\u00e4hrlich \u00fcber die von ihm oder bestimmten Verwaltungsstellen abgeschlossenen Vertr\u00e4ge Bericht zu erstatten.</p>\n<p>Gegenw\u00e4rtig sind gleich lautende Bestimmungen in Artikel 24 des Parlamentsgesetzes sowie in den Artikeln 7a und 48a des Regierungs- und Verwaltungsorganisationsgesetzes (RVOG) enthalten. Aufgrund des bundesr\u00e4tlichen Berichtes kann das Parlament pr\u00fcfen, ob einzelne vom Bundesrat abgeschlossene Vertr\u00e4ge der Genehmigung der Bundesversammlung bed\u00fcrfen. Kommt es zu diesem Schluss, kann es mit einer Motion verlangen, dass ihm der Vertrag nachtr\u00e4glich im ordentlichen Genehmigungsverfahren unterbreitet wird. Ein Vertrag, der w\u00e4hrend eines solchen Verfahrens bereits in Kraft ist, wird weiter angewendet. Sollte das Parlament ihn nicht genehmigen, m\u00fcsste er durch den Bundesrat auf den n\u00e4chstm\u00f6glichen Termin gek\u00fcndigt werden.</p>\n<p>Gem\u00e4ss Artikel 7a RVOG kann der Bundesrat v\u00f6lkerrechtliche Vertr\u00e4ge von beschr\u00e4nkter Tragweite selbstst\u00e4ndig abschliessen. \u00dcber den Begriff der beschr\u00e4nkten Tragweite haben wir uns auch in der SPK - und im Plenum der APK - aufgrund konkreter Beispiele unterhalten. So viel zur rechtlichen Ausgangslage.</p>\n<p>[PAGE 173] </p>\n<p>Im Bericht sind die einzelnen Vertr\u00e4ge einheitlich strukturiert, mit einer Zusammenfassung des Inhalts, der Darlegung der Gr\u00fcnde f\u00fcr den Abschluss, den durch die Umsetzung zu erwartenden Kosten, der gesetzlichen Grundlage f\u00fcr die Genehmigung sowie den Modalit\u00e4ten f\u00fcr das Inkrafttreten und die K\u00fcndigung. Im Ganzen handelt es sich um 213 Vertr\u00e4ge. 143 stammen aus dem EDA - davon 137 aus der Deza -, 5 aus dem EDI, 8 aus dem EJPD, 12 aus dem VBS, 24 aus dem EVD, 21 aus dem UVEK; verschont blieb nur das EFD - oder es \"verschonte\" uns. Bei dieser Vielfalt ist es nicht weiter erstaunlich, dass die einzelnen Vertr\u00e4ge eine ganz unterschiedliche Gewichtung haben und eine ganz unterschiedliche Wirkung entfalten. Die Fragen in der Kommission zu einzelnen Vertragswerken konnten zur Zufriedenheit gekl\u00e4rt werden.</p>\n<p>Der Nationalrat hat den Bericht als Erstrat am 9. M\u00e4rz gepr\u00fcft und zur Kenntnis genommen. Mit 144 zu 8 Stimmen hat er zudem beschlossen, dass der Vertrag 2.3.1 \u00fcber das \"Operative Working Arrangement\" zwischen der Schweiz und den USA auf Seite 4216 dem Parlament zur Genehmigung zu unterbreiten sei. Dieses \"Operative Working Arrangement\" bezweckt, die Identifikation der Urheber der Terroranschl\u00e4ge vom 11. September 2001 zu erleichtern und die Herkunft sowie Finanzquellen des internationalen Terrorismus aufzudecken. Es sieht die Intensivierung des Informationsaustausches zwischen der Schweiz und den USA vor. Es konkretisiert die \u00fcbliche internationale Zusammenarbeit zwischen den Strafverfolgungsbeh\u00f6rden der beiden L\u00e4nder.</p>\n<p>Anders als der Nationalrat hat sich die APK des St\u00e4nderates mit dem \"Operative Working Arrangement\" schon im November 2002, also kurz nach dessen Abschluss, intensiv auseinander gesetzt. Ebenso l\u00e4sst sich die Gesch\u00e4ftspr\u00fcfungsdelegation regelm\u00e4ssig \u00fcber seine Umsetzung orientieren. Zweifellos geht es dabei um sehr sensible Bereiche wie Rechtshilfe, \u00dcberwachung und Datenschutz. Die Zusammenarbeit liegt aber im Rahmen der bestehenden Rechte und ber\u00fccksichtigt die beidseitigen Interessen. Seit 2002 waren zwecks Informationsaustauschs zweimal Schweizer Beamte in den USA, und sechsmal waren US-Beamte f\u00fcr kurze Zeit in der Schweiz, wo die Einsicht in Informationen, immer unter Aufsicht unserer Beh\u00f6rden, stattgefunden hat.</p>\n<p>Die Zusammenarbeit sei tadellos, wird berichtet. Das \"Operative Working Arrangement\" wird als sinnvolles Arbeitsinstrument und grunds\u00e4tzlich positiv beurteilt. Es kann auch auf gute, praktische Ergebnisse hingewiesen werden.</p>\n<p>Die Aussenpolitische Kommission beantragt Ihnen einstimmig, vom Bericht Kenntnis zu nehmen und - ebenfalls einstimmig - die Motion des Nationalrates abzulehnen.</p>\n</pd_text>","MeetingCouncilAbbreviation":"S","MeetingDate":"20040601","MeetingVerbalixOid":1199,"IdSession":"4704","SpeakerFirstName":"Peter","SpeakerLastName":"Briner","SpeakerFullName":"Briner Peter","SpeakerFunction":"Mit-M","CouncilId":2,"CouncilName":"St\u00e4nderat","CantonId":14,"CantonName":"Schaffhausen","CantonAbbreviation":"SH","ParlGroupName":"Freisinnig-demokratische Fraktion","ParlGroupAbbreviation":"RL","SortOrder":1,"Start":"\/Date(1086114490777)\/","End":"\/Date(1086114857593)\/","Function":"*","DisplaySpeaker":true,"LanguageOfText":"DE","Modified":"\/Date(1510849522337)\/","StartTimeWithTimezone":"\/Date(1086114490777+0120)\/","EndTimeWithTimezone":"\/Date(1086114857593+0120)\/","VoteBusinessNumber":null,"VoteBusinessShortNumber":null,"VoteBusinessTitle":null}]},"ID":"7522","Language":"DE","IdMeeting":"546","VerbalixOid":103916,"SortOrder":3,"Modified":"\/Date(1510849522337)\/"}}