{"d":{"__metadata":{"id":"https://ws.parlament.ch/OData.svc/Subject(ID=7797L,Language='DE')","uri":"https://ws.parlament.ch/OData.svc/Subject(ID=7797L,Language='DE')","type":"itsystems.Pd.DataServices.DataModel.Subject"},"Meetings":{"__metadata":{"id":"https://ws.parlament.ch/OData.svc/Meeting(ID=558L,Language='DE')","uri":"https://ws.parlament.ch/OData.svc/Meeting(ID=558L,Language='DE')","type":"itsystems.Pd.DataServices.DataModel.Meeting"},"Sessions":{"__deferred":{"uri":"https://ws.parlament.ch/OData.svc/Meeting(ID=558L,Language='DE')/Sessions"}},"Subjects":{"__deferred":{"uri":"https://ws.parlament.ch/OData.svc/Meeting(ID=558L,Language='DE')/Subjects"}},"ID":"558","Language":"DE","MeetingNumber":17,"IdSession":4705,"SessionNumber":5,"SessionName":"Herbstsession 2004","Council":1,"CouncilName":"Nationalrat","CouncilAbbreviation":"NR","Date":"\/Date(1097193600000)\/","Begin":"0800","Modified":"\/Date(1447069890903)\/","LegislativePeriodNumber":47,"PublicationStatus":"final","MeetingOrderText":"Siebzehnte Sitzung","SortOrder":17,"Location":"N"},"SubjectsBusiness":{"results":[{"__metadata":{"id":"https://ws.parlament.ch/OData.svc/SubjectBusiness(BusinessNumber=20020422,IdSubject=7797L,Language='DE')","uri":"https://ws.parlament.ch/OData.svc/SubjectBusiness(BusinessNumber=20020422,IdSubject=7797L,Language='DE')","type":"itsystems.Pd.DataServices.DataModel.SubjectBusiness"},"Subjects":{"__deferred":{"uri":"https://ws.parlament.ch/OData.svc/SubjectBusiness(BusinessNumber=20020422,IdSubject=7797L,Language='DE')/Subjects"}},"Businesses":{"__deferred":{"uri":"https://ws.parlament.ch/OData.svc/SubjectBusiness(BusinessNumber=20020422,IdSubject=7797L,Language='DE')/Businesses"}},"IdSubject":"7797","BusinessNumber":20020422,"Language":"DE","BusinessShortNumber":"02.422","Title":"Laden\u00f6ffnungszeiten in Zentren des \u00f6ffentlichen Verkehrs","SortOrder":1,"PublishedNotes":"Schlussabstimmung - Vote final\n","Modified":"\/Date(1447069175933)\/","TitleDE":"Parlamentarische Initiative\nHegetschweiler Rolf.\nLaden\u00f6ffnungszeiten in Zentren\ndes \u00f6ffentlichen Verkehrs","TitleFR":"Initiative parlementaire\nHegetschweiler Rolf.\nHeures d'ouverture des commerces\ndans les centres de transports publics","TitleIT":null}]},"Transcripts":{"results":[{"__metadata":{"id":"https://ws.parlament.ch/OData.svc/Transcript(ID=46248L,Language='DE')","uri":"https://ws.parlament.ch/OData.svc/Transcript(ID=46248L,Language='DE')","type":"itsystems.Pd.DataServices.DataModel.Transcript"},"Subjects":{"__deferred":{"uri":"https://ws.parlament.ch/OData.svc/Transcript(ID=46248L,Language='DE')/Subjects"}},"MembersCouncil":{"__deferred":{"uri":"https://ws.parlament.ch/OData.svc/Transcript(ID=46248L,Language='DE')/MembersCouncil"}},"Businesses":{"__deferred":{"uri":"https://ws.parlament.ch/OData.svc/Transcript(ID=46248L,Language='DE')/Businesses"}},"ID":"46248","Language":"DE","IdSubject":"7797","VoteId":"1446","PersonNumber":null,"Type":2,"Text":"<pd_text><p><i>Abstimmung - Vote</i></p>\n<p>[NAM]</p>\n<p>F\u00fcr Annahme des Entwurfes .... 109 Stimmen</p>\n<p>Dagegen .... 65 Stimmen</p>\n<p>[PAGE 1761] </p>\n</pd_text>","MeetingCouncilAbbreviation":"N","MeetingDate":"20041008","MeetingVerbalixOid":1228,"IdSession":"4705","SpeakerFirstName":null,"SpeakerLastName":null,"SpeakerFullName":"","SpeakerFunction":null,"CouncilId":null,"CouncilName":null,"CantonId":null,"CantonName":null,"CantonAbbreviation":null,"ParlGroupName":null,"ParlGroupAbbreviation":null,"SortOrder":6,"Start":"\/Date(1097224331014)\/","End":"\/Date(1097224331014)\/","Function":null,"DisplaySpeaker":null,"LanguageOfText":"DE","Modified":"\/Date(1774878076805)\/","StartTimeWithTimezone":"\/Date(1097224331013+0120)\/","EndTimeWithTimezone":"\/Date(1097224331013+0120)\/","VoteBusinessNumber":20020422,"VoteBusinessShortNumber":"02.422","VoteBusinessTitle":"Parlamentarische Initiative\nHegetschweiler Rolf.\nLaden\u00f6ffnungszeiten in Zentren\ndes \u00f6ffentlichen Verkehrs"},{"__metadata":{"id":"https://ws.parlament.ch/OData.svc/Transcript(ID=46249L,Language='DE')","uri":"https://ws.parlament.ch/OData.svc/Transcript(ID=46249L,Language='DE')","type":"itsystems.Pd.DataServices.DataModel.Transcript"},"Subjects":{"__deferred":{"uri":"https://ws.parlament.ch/OData.svc/Transcript(ID=46249L,Language='DE')/Subjects"}},"MembersCouncil":{"__deferred":{"uri":"https://ws.parlament.ch/OData.svc/Transcript(ID=46249L,Language='DE')/MembersCouncil"}},"Businesses":{"__deferred":{"uri":"https://ws.parlament.ch/OData.svc/Transcript(ID=46249L,Language='DE')/Businesses"}},"ID":"46249","Language":"DE","IdSubject":"7797","VoteId":null,"PersonNumber":449,"Type":1,"Text":"<pd_text><p>Mit diesem Gesetz wird der Sonntag f\u00fcr die Gesch\u00e4fte in den Zentren des \u00f6ffentlichen Verkehrs \"ge\u00f6ffnet\". Es entsteht eine neue Kommerzialisierung des Sonntags, und das lehnen wir ab. Es geht gegen die Interessen der Arbeitnehmenden, deshalb lehnen wir das Gesetz ab. Es schadet dem \u00f6rtlichen Gewerbe, welches durch das Offenhalten der L\u00e4den in den Bahnh\u00f6fen Einnahmenverluste erleidet.</p>\n</pd_text>","MeetingCouncilAbbreviation":"N","MeetingDate":"20041008","MeetingVerbalixOid":1228,"IdSession":"4705","SpeakerFirstName":"Ruedi","SpeakerLastName":"Aeschbacher","SpeakerFullName":"Aeschbacher Ruedi","SpeakerFunction":"Mit-M","CouncilId":1,"CouncilName":"Nationalrat","CantonId":1,"CantonName":"Z\u00fcrich","CantonAbbreviation":"ZH","ParlGroupName":"EVP/EDU Fraktion","ParlGroupAbbreviation":"E","SortOrder":5,"Start":"\/Date(1097223757661)\/","End":"\/Date(1097224331014)\/","Function":"Mit-M","DisplaySpeaker":true,"LanguageOfText":"DE","Modified":"\/Date(1774878076801)\/","StartTimeWithTimezone":"\/Date(1097223757660+0120)\/","EndTimeWithTimezone":"\/Date(1097224331013+0120)\/","VoteBusinessNumber":null,"VoteBusinessShortNumber":null,"VoteBusinessTitle":null},{"__metadata":{"id":"https://ws.parlament.ch/OData.svc/Transcript(ID=46250L,Language='DE')","uri":"https://ws.parlament.ch/OData.svc/Transcript(ID=46250L,Language='DE')","type":"itsystems.Pd.DataServices.DataModel.Transcript"},"Subjects":{"__deferred":{"uri":"https://ws.parlament.ch/OData.svc/Transcript(ID=46250L,Language='DE')/Subjects"}},"MembersCouncil":{"__deferred":{"uri":"https://ws.parlament.ch/OData.svc/Transcript(ID=46250L,Language='DE')/MembersCouncil"}},"Businesses":{"__deferred":{"uri":"https://ws.parlament.ch/OData.svc/Transcript(ID=46250L,Language='DE')/Businesses"}},"ID":"46250","Language":"DE","IdSubject":"7797","VoteId":null,"PersonNumber":108,"Type":1,"Text":"<pd_text><p>Von Provokation kann nat\u00fcrlich keine Rede sein. Die Lebensgewohnheiten haben sich ge\u00e4ndert. Konsumentinnen und Konsumenten wollen auch am Sonntag und abends einkaufen k\u00f6nnen. Wenn sie das, wie es diese Vorlage vorsieht, in Zentren des \u00f6ffentlichen Verkehrs tun k\u00f6nnen, ist es auch umweltm\u00e4ssig eine optimale L\u00f6sung. Die SBB unterst\u00fctzen diese \u00c4nderung des Arbeitsgesetzes ausdr\u00fccklich.</p>\n<p>Ich bitte Sie deshalb um Zustimmung.</p>\n</pd_text>","MeetingCouncilAbbreviation":"N","MeetingDate":"20041008","MeetingVerbalixOid":1228,"IdSession":"4705","SpeakerFirstName":"Rolf","SpeakerLastName":"Hegetschweiler","SpeakerFullName":"Hegetschweiler Rolf","SpeakerFunction":"Mit-M","CouncilId":1,"CouncilName":"Nationalrat","CantonId":1,"CantonName":"Z\u00fcrich","CantonAbbreviation":"ZH","ParlGroupName":"Freisinnig-demokratische Fraktion","ParlGroupAbbreviation":"RL","SortOrder":4,"Start":"\/Date(1097223702226)\/","End":"\/Date(1097223757661)\/","Function":"Mit-M","DisplaySpeaker":true,"LanguageOfText":"DE","Modified":"\/Date(1774878076798)\/","StartTimeWithTimezone":"\/Date(1097223702227+0120)\/","EndTimeWithTimezone":"\/Date(1097223757660+0120)\/","VoteBusinessNumber":null,"VoteBusinessShortNumber":null,"VoteBusinessTitle":null},{"__metadata":{"id":"https://ws.parlament.ch/OData.svc/Transcript(ID=46251L,Language='DE')","uri":"https://ws.parlament.ch/OData.svc/Transcript(ID=46251L,Language='DE')","type":"itsystems.Pd.DataServices.DataModel.Transcript"},"Subjects":{"__deferred":{"uri":"https://ws.parlament.ch/OData.svc/Transcript(ID=46251L,Language='DE')/Subjects"}},"MembersCouncil":{"__deferred":{"uri":"https://ws.parlament.ch/OData.svc/Transcript(ID=46251L,Language='DE')/MembersCouncil"}},"Businesses":{"__deferred":{"uri":"https://ws.parlament.ch/OData.svc/Transcript(ID=46251L,Language='DE')/Businesses"}},"ID":"46251","Language":"DE","IdSubject":"7797","VoteId":null,"PersonNumber":172,"Type":1,"Text":"<pd_text><p>Die b\u00fcrgerlichen Parteien haben mit zwei Vorlagen in zwei Volksabstimmungen, bei der 11. AHV-Revision im Mai und bereits beim Mietrecht im Februar, gewaltig Schiffbruch erlitten. Sie sind mit diesen zwei Vorlagen hier im Parlament durchmarschiert, ohne die geringste R\u00fccksicht zu nehmen, ohne R\u00fccksicht auf Verluste. Jetzt wollen sie beim Arbeitsgesetz mit der Sonntagsarbeit die gleiche \u00dcbung nach dem gleichen Muster wiederholen, die schon beim Mietrecht gescheitert ist - unter der kundigen F\u00fchrung von Herrn Hegetschweiler. Sie wollen die Sonntagsarbeit ohne Schutzvorschriften f\u00fcr das Verkaufspersonal einf\u00fchren. Es ist klar, und sie haben es klar gemacht, dass dies nur der erste Schritt zur Abschaffung des grunds\u00e4tzlich arbeitsfreien Sonntags und zur generellen \u00d6ffnung der Bestimmungen \u00fcber die Sonntagsarbeit ist.</p>\n<p>Sie wollen hier exakt das beschliessen, was das Volk schon beim Referendum gegen die Arbeitsgesetzrevision im Jahre 1996 verworfen hat. Mit diesen Provokationen zwingen Sie uns zu einem Referendum, das wir nicht gesucht haben - das k\u00f6nnen Sie uns glauben. Aber wir sind nicht bereit, den st\u00e4ndigen Abbau des Arbeitnehmerschutzes in diesem Land hinzunehmen. </p>\n</pd_text>","MeetingCouncilAbbreviation":"N","MeetingDate":"20041008","MeetingVerbalixOid":1228,"IdSession":"4705","SpeakerFirstName":"Paul","SpeakerLastName":"Rechsteiner","SpeakerFullName":"Rechsteiner Paul","SpeakerFunction":"Mit-M","CouncilId":1,"CouncilName":"Nationalrat","CantonId":17,"CantonName":"St. Gallen","CantonAbbreviation":"SG","ParlGroupName":"Sozialdemokratische Fraktion","ParlGroupAbbreviation":"S","SortOrder":3,"Start":"\/Date(1097223601042)\/","End":"\/Date(1097223702226)\/","Function":"Mit-M","DisplaySpeaker":true,"LanguageOfText":"DE","Modified":"\/Date(1774878076796)\/","StartTimeWithTimezone":"\/Date(1097223601043+0120)\/","EndTimeWithTimezone":"\/Date(1097223702227+0120)\/","VoteBusinessNumber":null,"VoteBusinessShortNumber":null,"VoteBusinessTitle":null},{"__metadata":{"id":"https://ws.parlament.ch/OData.svc/Transcript(ID=46252L,Language='DE')","uri":"https://ws.parlament.ch/OData.svc/Transcript(ID=46252L,Language='DE')","type":"itsystems.Pd.DataServices.DataModel.Transcript"},"Subjects":{"__deferred":{"uri":"https://ws.parlament.ch/OData.svc/Transcript(ID=46252L,Language='DE')/Subjects"}},"MembersCouncil":{"__deferred":{"uri":"https://ws.parlament.ch/OData.svc/Transcript(ID=46252L,Language='DE')/MembersCouncil"}},"Businesses":{"__deferred":{"uri":"https://ws.parlament.ch/OData.svc/Transcript(ID=46252L,Language='DE')/Businesses"}},"ID":"46252","Language":"DE","IdSubject":"7797","VoteId":null,"PersonNumber":1065,"Type":1,"Text":"<pd_text><p>A l'issue des d\u00e9bats dans notre conseil et au vu des r\u00e9sultats des d\u00e9lib\u00e9rations au Conseil des Etats, le groupe des Verts a pu se faire une id\u00e9e beaucoup plus pr\u00e9cise sur les cons\u00e9quences que son acceptation aurait pour les petits commer\u00e7ants, les employ\u00e9s des magasins concern\u00e9s, et aussi sur une certaine \u00e9volution de la soci\u00e9t\u00e9 de consommation qui pousse \u00e0 la marchandisation, partout et \u00e0 tout prix. L'intransigeance de la majorit\u00e9 pour refuser la protection indispensable aux travailleurs par une convention collective ne peut qu'affirmer notre opposition.</p>\n<p>Notre groupe est par ailleurs d\u00e9termin\u00e9 \u00e0 proposer aux instances du Parti de s'associer \u00e0 la campagne r\u00e9f\u00e9rendaire si ce conseil donne le feu vert \u00e0 ce projet n\u00e9faste \u00e0 plusieurs titres.</p>\n</pd_text>","MeetingCouncilAbbreviation":"N","MeetingDate":"20041008","MeetingVerbalixOid":1228,"IdSession":"4705","SpeakerFirstName":"Ueli","SpeakerLastName":"Leuenberger","SpeakerFullName":"Leuenberger Ueli","SpeakerFunction":"Mit-M","CouncilId":1,"CouncilName":"Nationalrat","CantonId":25,"CantonName":"Genf","CantonAbbreviation":"GE","ParlGroupName":"Gr\u00fcne Fraktion","ParlGroupAbbreviation":"G","SortOrder":2,"Start":"\/Date(1097223528107)\/","End":"\/Date(1097223601042)\/","Function":"Mit-M","DisplaySpeaker":true,"LanguageOfText":"FR","Modified":"\/Date(1774878076793)\/","StartTimeWithTimezone":"\/Date(1097223528107+0120)\/","EndTimeWithTimezone":"\/Date(1097223601043+0120)\/","VoteBusinessNumber":null,"VoteBusinessShortNumber":null,"VoteBusinessTitle":null},{"__metadata":{"id":"https://ws.parlament.ch/OData.svc/Transcript(ID=46253L,Language='DE')","uri":"https://ws.parlament.ch/OData.svc/Transcript(ID=46253L,Language='DE')","type":"itsystems.Pd.DataServices.DataModel.Transcript"},"Subjects":{"__deferred":{"uri":"https://ws.parlament.ch/OData.svc/Transcript(ID=46253L,Language='DE')/Subjects"}},"MembersCouncil":{"__deferred":{"uri":"https://ws.parlament.ch/OData.svc/Transcript(ID=46253L,Language='DE')/MembersCouncil"}},"Businesses":{"__deferred":{"uri":"https://ws.parlament.ch/OData.svc/Transcript(ID=46253L,Language='DE')/Businesses"}},"ID":"46253","Language":"DE","IdSubject":"7797","VoteId":null,"PersonNumber":15,"Type":1,"Text":"<pd_text><p><b>Bundesgesetz \u00fcber die Arbeit in Industrie, Gewerbe und Handel </b></p>\n<p><b>Loi f\u00e9d\u00e9rale sur le travail dans l'industrie, l'artisanat et le commerce </b></p>\n</pd_text>","MeetingCouncilAbbreviation":"N","MeetingDate":"20041008","MeetingVerbalixOid":1228,"IdSession":"4705","SpeakerFirstName":"Max","SpeakerLastName":"Binder","SpeakerFullName":"Binder Max","SpeakerFunction":"P-M","CouncilId":1,"CouncilName":"Nationalrat","CantonId":1,"CantonName":"Z\u00fcrich","CantonAbbreviation":"ZH","ParlGroupName":"Fraktion der Schweizerischen Volkspartei","ParlGroupAbbreviation":"V","SortOrder":1,"Start":"\/Date(1097223509108)\/","End":"\/Date(1097223528107)\/","Function":"P-M","DisplaySpeaker":false,"LanguageOfText":null,"Modified":"\/Date(1774878076790)\/","StartTimeWithTimezone":"\/Date(1097223509107+0120)\/","EndTimeWithTimezone":"\/Date(1097223528107+0120)\/","VoteBusinessNumber":null,"VoteBusinessShortNumber":null,"VoteBusinessTitle":null}]},"ID":"7797","Language":"DE","IdMeeting":"558","VerbalixOid":112950,"SortOrder":133,"Modified":"\/Date(1774878076787)\/"}}