{"d":{"__metadata":{"id":"https://ws.parlament.ch/OData.svc/Subject(ID=7887L,Language='DE')","uri":"https://ws.parlament.ch/OData.svc/Subject(ID=7887L,Language='DE')","type":"itsystems.Pd.DataServices.DataModel.Subject"},"Meetings":{"__metadata":{"id":"https://ws.parlament.ch/OData.svc/Meeting(ID=568L,Language='DE')","uri":"https://ws.parlament.ch/OData.svc/Meeting(ID=568L,Language='DE')","type":"itsystems.Pd.DataServices.DataModel.Meeting"},"Sessions":{"__deferred":{"uri":"https://ws.parlament.ch/OData.svc/Meeting(ID=568L,Language='DE')/Sessions"}},"Subjects":{"__deferred":{"uri":"https://ws.parlament.ch/OData.svc/Meeting(ID=568L,Language='DE')/Subjects"}},"ID":"568","Language":"DE","MeetingNumber":10,"IdSession":4705,"SessionNumber":5,"SessionName":"Herbstsession 2004","Council":2,"CouncilName":"St\u00e4nderat","CouncilAbbreviation":"SR","Date":"\/Date(1097020800000)\/","Begin":"0800","Modified":"\/Date(1447069894150)\/","LegislativePeriodNumber":47,"PublicationStatus":"final","MeetingOrderText":"Zehnte Sitzung","SortOrder":10,"Location":"S"},"SubjectsBusiness":{"results":[{"__metadata":{"id":"https://ws.parlament.ch/OData.svc/SubjectBusiness(BusinessNumber=20020092,IdSubject=7887L,Language='DE')","uri":"https://ws.parlament.ch/OData.svc/SubjectBusiness(BusinessNumber=20020092,IdSubject=7887L,Language='DE')","type":"itsystems.Pd.DataServices.DataModel.SubjectBusiness"},"Subjects":{"__deferred":{"uri":"https://ws.parlament.ch/OData.svc/SubjectBusiness(BusinessNumber=20020092,IdSubject=7887L,Language='DE')/Subjects"}},"Businesses":{"__deferred":{"uri":"https://ws.parlament.ch/OData.svc/SubjectBusiness(BusinessNumber=20020092,IdSubject=7887L,Language='DE')/Businesses"}},"IdSubject":"7887","BusinessNumber":20020092,"Language":"DE","BusinessShortNumber":"02.092","Title":"Tierschutzgesetz","SortOrder":1,"PublishedNotes":"Fortsetzung - Suite\n","Modified":"\/Date(1447069174056)\/","TitleDE":"Tierschutzgesetz","TitleFR":"Loi sur la protection des animaux","TitleIT":null},{"__metadata":{"id":"https://ws.parlament.ch/OData.svc/SubjectBusiness(BusinessNumber=20040039,IdSubject=7887L,Language='DE')","uri":"https://ws.parlament.ch/OData.svc/SubjectBusiness(BusinessNumber=20040039,IdSubject=7887L,Language='DE')","type":"itsystems.Pd.DataServices.DataModel.SubjectBusiness"},"Subjects":{"__deferred":{"uri":"https://ws.parlament.ch/OData.svc/SubjectBusiness(BusinessNumber=20040039,IdSubject=7887L,Language='DE')/Subjects"}},"Businesses":{"__deferred":{"uri":"https://ws.parlament.ch/OData.svc/SubjectBusiness(BusinessNumber=20040039,IdSubject=7887L,Language='DE')/Businesses"}},"IdSubject":"7887","BusinessNumber":20040039,"Language":"DE","BusinessShortNumber":"04.039","Title":"F\u00fcr einen zeitgem\u00e4ssen Tierschutz (Tierschutz - Ja!). Volksinitiative","SortOrder":2,"PublishedNotes":"Fortsetzung - Suite\n","Modified":"\/Date(1447069233516)\/","TitleDE":"F\u00fcr einen zeitgem\u00e4ssen\nTierschutz\n(Tierschutz - Ja!).\nVolksinitiative","TitleFR":"Pour une conception moderne\nde la protection des animaux\n(Oui \u00e0 la protection des animaux!).\nInitiative populaire","TitleIT":null}]},"Transcripts":{"results":[{"__metadata":{"id":"https://ws.parlament.ch/OData.svc/Transcript(ID=46741L,Language='DE')","uri":"https://ws.parlament.ch/OData.svc/Transcript(ID=46741L,Language='DE')","type":"itsystems.Pd.DataServices.DataModel.Transcript"},"Subjects":{"__deferred":{"uri":"https://ws.parlament.ch/OData.svc/Transcript(ID=46741L,Language='DE')/Subjects"}},"MembersCouncil":{"__deferred":{"uri":"https://ws.parlament.ch/OData.svc/Transcript(ID=46741L,Language='DE')/MembersCouncil"}},"Businesses":{"__deferred":{"uri":"https://ws.parlament.ch/OData.svc/Transcript(ID=46741L,Language='DE')/Businesses"}},"ID":"46741","Language":"DE","IdSubject":"7887","VoteId":null,"PersonNumber":194,"Type":1,"Text":"<pd_text><p><i>Eintreten ist obligatorisch</i></p>\n<p><i>L'entr\u00e9e en mati\u00e8re est acquise de plein droit</i></p>\n<p>[VS]</p>\n<p><i>Detailberatung - Discussion par article</i></p>\n<p>[VS]</p>\n<p><b>Titel und Ingress, Art. 1, 2</b></p>\n<p><i>Antrag der Kommission</i></p>\n<p>Zustimmung zum Entwurf des Bundesrates</p>\n<p>[VS]</p>\n<p><b>Titre et pr\u00e9ambule, art. 1, 2</b></p>\n<p><i>Proposition de la commission</i></p>\n<p>Adh\u00e9rer au projet du Conseil f\u00e9d\u00e9ral</p>\n<p>[VS]</p>\n<p><i>Angenommen - Adopt\u00e9</i></p>\n<p>[VS]</p>\n<p><b>Pr\u00e4sident</b> (Schiesser Fritz, Pr\u00e4sident): Nach Artikel 74 Absatz 4 des neuen Parlamentsgesetzes wird keine Gesamtabstimmung durchgef\u00fchrt.</p>\n<p>[PAGE 618] </p>\n</pd_text>","MeetingCouncilAbbreviation":"S","MeetingDate":"20041006","MeetingVerbalixOid":1238,"IdSession":"4705","SpeakerFirstName":"Fritz","SpeakerLastName":"Schiesser","SpeakerFullName":"Schiesser Fritz","SpeakerFunction":"P-M","CouncilId":2,"CouncilName":"St\u00e4nderat","CantonId":8,"CantonName":"Glarus","CantonAbbreviation":"GL","ParlGroupName":"Freisinnig-demokratische Fraktion","ParlGroupAbbreviation":"RL","SortOrder":34,"Start":"\/Date(1097062735647)\/","End":"\/Date(1097062790787)\/","Function":"P-M","DisplaySpeaker":false,"LanguageOfText":null,"Modified":"\/Date(1538734968893)\/","StartTimeWithTimezone":"\/Date(1097062735647+0120)\/","EndTimeWithTimezone":"\/Date(1097062790787+0120)\/","VoteBusinessNumber":null,"VoteBusinessShortNumber":null,"VoteBusinessTitle":null},{"__metadata":{"id":"https://ws.parlament.ch/OData.svc/Transcript(ID=46742L,Language='DE')","uri":"https://ws.parlament.ch/OData.svc/Transcript(ID=46742L,Language='DE')","type":"itsystems.Pd.DataServices.DataModel.Transcript"},"Subjects":{"__deferred":{"uri":"https://ws.parlament.ch/OData.svc/Transcript(ID=46742L,Language='DE')/Subjects"}},"MembersCouncil":{"__deferred":{"uri":"https://ws.parlament.ch/OData.svc/Transcript(ID=46742L,Language='DE')/MembersCouncil"}},"Businesses":{"__deferred":{"uri":"https://ws.parlament.ch/OData.svc/Transcript(ID=46742L,Language='DE')/Businesses"}},"ID":"46742","Language":"DE","IdSubject":"7887","VoteId":null,"PersonNumber":280,"Type":1,"Text":"<pd_text><p>Nachdem ich Herrn Bundespr\u00e4sident Deiss geh\u00f6rt habe, der ausf\u00fchrlich zur Volksinitiative Stellung genommen hat, brauche ich nicht viel zu sagen. Ich denke, wir haben mit unserer Arbeit in der Kommission und jetzt auch bei der Beratung hier im Rat alles getan, um den Tierschutzverb\u00e4nden entgegenzukommen und auch die b\u00e4uerlichen Anliegen zu beachten. Deshalb haben wir auch in der Kommission den Entwurf des Bundesrates einheitlich als indirekten Gegenentwurf zur Initiative betrachtet, und es haben alle gegen die Initiative gestimmt. </p>\n<p>Ich beantrage Ihnen also, die Initiative zur Ablehnung zu empfehlen.</p>\n</pd_text>","MeetingCouncilAbbreviation":"S","MeetingDate":"20041006","MeetingVerbalixOid":1238,"IdSession":"4705","SpeakerFirstName":"Christiane","SpeakerLastName":"Langenberger","SpeakerFullName":"Langenberger Christiane","SpeakerFunction":"Mit-F","CouncilId":2,"CouncilName":"St\u00e4nderat","CantonId":22,"CantonName":"Waadt","CantonAbbreviation":"VD","ParlGroupName":"Freisinnig-demokratische Fraktion","ParlGroupAbbreviation":"RL","SortOrder":33,"Start":"\/Date(1097062689017)\/","End":"\/Date(1097062735647)\/","Function":"*","DisplaySpeaker":true,"LanguageOfText":"DE","Modified":"\/Date(1538734968893)\/","StartTimeWithTimezone":"\/Date(1097062689017+0120)\/","EndTimeWithTimezone":"\/Date(1097062735647+0120)\/","VoteBusinessNumber":null,"VoteBusinessShortNumber":null,"VoteBusinessTitle":null},{"__metadata":{"id":"https://ws.parlament.ch/OData.svc/Transcript(ID=46743L,Language='DE')","uri":"https://ws.parlament.ch/OData.svc/Transcript(ID=46743L,Language='DE')","type":"itsystems.Pd.DataServices.DataModel.Transcript"},"Subjects":{"__deferred":{"uri":"https://ws.parlament.ch/OData.svc/Transcript(ID=46743L,Language='DE')/Subjects"}},"MembersCouncil":{"__deferred":{"uri":"https://ws.parlament.ch/OData.svc/Transcript(ID=46743L,Language='DE')/MembersCouncil"}},"Businesses":{"__deferred":{"uri":"https://ws.parlament.ch/OData.svc/Transcript(ID=46743L,Language='DE')/Businesses"}},"ID":"46743","Language":"DE","IdSubject":"7887","VoteId":null,"PersonNumber":194,"Type":1,"Text":"<pd_text><p><i>Angenommen - Adopt\u00e9</i></p>\n<p>[VS]</p>\n<p><b>Art. 39-41</b></p>\n<p><i>Antrag der Kommission</i></p>\n<p>Zustimmung zum Entwurf des Bundesrates</p>\n<p><i>Proposition de la commission</i></p>\n<p>Adh\u00e9rer au projet du Conseil f\u00e9d\u00e9ral</p>\n<p>[VS]</p>\n<p><i>Angenommen - Adopt\u00e9</i></p>\n<p>[VS]</p>\n<p><b>2. Abschnitt Titel</b></p>\n<p><i>Antrag der Kommission</i></p>\n<p>Aufhebung bisherigen Rechts und \u00dcbergangsbestimmung</p>\n<p>[VS]</p>\n<p><b>Section 2 titre</b></p>\n<p><i>Proposition de la commission</i></p>\n<p>Abrogation du droit en vigueur et disposition transitoire</p>\n<p>[VS]</p>\n<p><i>Angenommen - Adopt\u00e9</i></p>\n<p>[VS]</p>\n<p><b>Art. 42</b></p>\n<p><i>Antrag der Kommission</i></p>\n<p><i>Titel</i></p>\n<p>Aufhebung bisherigen Rechts</p>\n<p><i>Text</i></p>\n<p>Zustimmung zum Entwurf des Bundesrates</p>\n<p>[VS]</p>\n<p><b>Art. 42</b></p>\n<p><i>Proposition de la commission</i></p>\n<p><i>Titre</i></p>\n<p>Abrogation du droit en vigueur</p>\n<p><i>Texte</i></p>\n<p>Adh\u00e9rer au projet du Conseil f\u00e9d\u00e9ral</p>\n<p>[VS]</p>\n<p><i>Angenommen - Adopt\u00e9</i></p>\n<p>[VS]</p>\n<p><b>Pr\u00e4sident</b> (Schiesser Fritz, Pr\u00e4sident): Artikel 42a haben wir gemeinsam mit Artikel 14 behandelt.</p>\n<p>[VS]</p>\n<p><b>Art. 43</b></p>\n<p><i>Antrag der Kommission</i></p>\n<p>Zustimmung zum Entwurf des Bundesrates</p>\n<p><i>Proposition de la commission</i></p>\n<p>Adh\u00e9rer au projet du Conseil f\u00e9d\u00e9ral</p>\n<p>[VS]</p>\n<p><i>Angenommen - Adopt\u00e9</i></p>\n<p>[VS]</p>\n<p>[VS]</p>\n<p><i>Gesamtabstimmung - Vote sur l'ensemble</i></p>\n<p>F\u00fcr Annahme des Entwurfes .... 33 Stimmen</p>\n<p>(Einstimmigkeit)</p>\n<p>[VS]</p>\n<p>[VS]</p>\n<p><i>Abschreibung - Classement</i></p>\n<p>[VS]</p>\n<p><i>Antrag des Bundesrates</i></p>\n<p>Abschreiben der parlamentarischen Vorst\u00f6sse</p>\n<p>gem\u00e4ss Brief an die eidgen\u00f6ssischen R\u00e4te</p>\n<p><i>Proposition du Conseil f\u00e9d\u00e9ral</i></p>\n<p>Classer les interventions parlementaires</p>\n<p>selon lettre aux Chambres f\u00e9d\u00e9rales</p>\n<p>[VS]</p>\n<p><i>Angenommen - Adopt\u00e9</i></p>\n<p>[VS]</p>\n<p>[VS]</p>\n<p><b>04.039</b></p>\n<p>[VS]</p>\n<p><b>Bundesbeschluss \u00fcber die Volksinitiative \"f\u00fcr einen zeitgem\u00e4ssen Tierschutz (Tierschutz - Ja!)\" </b></p>\n<p><b>Arr\u00eat\u00e9 f\u00e9d\u00e9ral concernant l'initiative populaire \"pour une conception moderne de la protection des animaux (Oui \u00e0 la protection des animaux!)\" </b></p>\n</pd_text>","MeetingCouncilAbbreviation":"S","MeetingDate":"20041006","MeetingVerbalixOid":1238,"IdSession":"4705","SpeakerFirstName":"Fritz","SpeakerLastName":"Schiesser","SpeakerFullName":"Schiesser Fritz","SpeakerFunction":"P-M","CouncilId":2,"CouncilName":"St\u00e4nderat","CantonId":8,"CantonName":"Glarus","CantonAbbreviation":"GL","ParlGroupName":"Freisinnig-demokratische Fraktion","ParlGroupAbbreviation":"RL","SortOrder":32,"Start":"\/Date(1097062504677)\/","End":"\/Date(1097062664570)\/","Function":"P-M","DisplaySpeaker":false,"LanguageOfText":null,"Modified":"\/Date(1538734968893)\/","StartTimeWithTimezone":"\/Date(1097062504677+0120)\/","EndTimeWithTimezone":"\/Date(1097062664570+0120)\/","VoteBusinessNumber":null,"VoteBusinessShortNumber":null,"VoteBusinessTitle":null},{"__metadata":{"id":"https://ws.parlament.ch/OData.svc/Transcript(ID=46744L,Language='DE')","uri":"https://ws.parlament.ch/OData.svc/Transcript(ID=46744L,Language='DE')","type":"itsystems.Pd.DataServices.DataModel.Transcript"},"Subjects":{"__deferred":{"uri":"https://ws.parlament.ch/OData.svc/Transcript(ID=46744L,Language='DE')/Subjects"}},"MembersCouncil":{"__deferred":{"uri":"https://ws.parlament.ch/OData.svc/Transcript(ID=46744L,Language='DE')/MembersCouncil"}},"Businesses":{"__deferred":{"uri":"https://ws.parlament.ch/OData.svc/Transcript(ID=46744L,Language='DE')/Businesses"}},"ID":"46744","Language":"DE","IdSubject":"7887","VoteId":null,"PersonNumber":57,"Type":1,"Text":"<pd_text><p>Ich danke Herrn Kollege St\u00e4helin, dass er das Thema aufnimmt. Ich m\u00fcsste mir allerdings als Kommissionsmitglied nach meinem fr\u00fcheren Votum zu dieser Sache einen Vorwurf machen, wenn das so durchgegangen w\u00e4re. Ich bin daher leicht erschrocken. Es stimmt aber nicht ganz. Wir haben hier den Zusatz: \".... dabei haben sie die Eigenschaft der Organe der gerichtlichen Polizei.\" Das bedeutet, sie brauchen einen richterlichen Durchsuchungsbefehl. Man m\u00fcsste vielleicht klarer formulieren, dass das so ist. Aber es ist so und ist gem\u00e4ss geltendem Gesetz auch Praxis. Ich habe mich nochmals versichert, dass es auch so gehandhabt wird. Von daher hat diese Regel, die wir jetzt hier setzen, diesen entscheidenden Punkt schon drin, den wir im Transplantationsgesetz nicht hatten, dass es eine richterliche Befugnis braucht. Wenn der Bauer den Zutritt zu seinem Stall nicht gew\u00e4hrt, dann kann der Verwaltungsbeamte nicht einfach mit Gewalt eintreten, sondern er muss vom Richter einen entsprechenden Befehl haben. Das ist einfach die Interpretation dieses Zusatzes: \".... dabei haben sie die Eigenschaft der Organe der gerichtlichen Polizei.\"</p>\n</pd_text>","MeetingCouncilAbbreviation":"S","MeetingDate":"20041006","MeetingVerbalixOid":1238,"IdSession":"4705","SpeakerFirstName":"Eugen","SpeakerLastName":"David","SpeakerFullName":"David Eugen","SpeakerFunction":"Mit-M","CouncilId":2,"CouncilName":"St\u00e4nderat","CantonId":17,"CantonName":"St. Gallen","CantonAbbreviation":"SG","ParlGroupName":"Christlichdemokratische Fraktion","ParlGroupAbbreviation":"M-E","SortOrder":31,"Start":"\/Date(1097062421807)\/","End":"\/Date(1097062504677)\/","Function":"Mit-M","DisplaySpeaker":true,"LanguageOfText":"DE","Modified":"\/Date(1538734968893)\/","StartTimeWithTimezone":"\/Date(1097062421807+0120)\/","EndTimeWithTimezone":"\/Date(1097062504677+0120)\/","VoteBusinessNumber":null,"VoteBusinessShortNumber":null,"VoteBusinessTitle":null},{"__metadata":{"id":"https://ws.parlament.ch/OData.svc/Transcript(ID=46745L,Language='DE')","uri":"https://ws.parlament.ch/OData.svc/Transcript(ID=46745L,Language='DE')","type":"itsystems.Pd.DataServices.DataModel.Transcript"},"Subjects":{"__deferred":{"uri":"https://ws.parlament.ch/OData.svc/Transcript(ID=46745L,Language='DE')/Subjects"}},"MembersCouncil":{"__deferred":{"uri":"https://ws.parlament.ch/OData.svc/Transcript(ID=46745L,Language='DE')/MembersCouncil"}},"Businesses":{"__deferred":{"uri":"https://ws.parlament.ch/OData.svc/Transcript(ID=46745L,Language='DE')/Businesses"}},"ID":"46745","Language":"DE","IdSubject":"7887","VoteId":null,"PersonNumber":532,"Type":1,"Text":"<pd_text><p>Gestatten Sie mir, dass ich bei dieser Gelegenheit, bei der Beratung von Artikel 38, auf die Diskussion hinweise, die wir diese Woche beim Transplantationsgesetz gef\u00fchrt haben, zur Thematik Habeas Corpus. Hier geht es um den Grundsatz: Wie handhaben wir das in diesem Lande Schweiz? Wir haben hier ein weiteres Beispiel daf\u00fcr.</p>\n<p>Zum Stichwort Hausdurchsuchungen gilt in x Gesetzen nachgerade der Grundsatz, dass R\u00e4ume bzw. Wohnungen nur durch staatliche Organe betreten werden k\u00f6nnen, wenn das \u00fcber den Richter l\u00e4uft. Dieser Grundsatz wird jetzt pausenlos durchl\u00f6chert. Hier liegt ein weiteres Beispiel vor. Es ist wiederum ein Beispiel von weit offenen Formulierungen. Zwar hat es hier noch ein Wort drin, welches das etwas reduziert, n\u00e4mlich das Wort \"den\": \"Die mit dem Vollzug dieses Gesetzes beauftragten Beh\u00f6rden haben Zutritt zu den R\u00e4umen, Einrichtungen ....\" Da kann man sagen: Ja gut, damit ist der Zusammenhang mit der Tierhaltung hergestellt. Es wird an jene R\u00e4ume gedacht, in welchen Tierhaltung [PAGE 617] stattfindet. Selbstverst\u00e4ndlich haben wir dann alle etwa den Kuhstall vor Augen, und da macht das Sinn.</p>\n<p>Aber ich bitte Sie, auch einfach daran zu denken, dass es auch Katzenhalter gibt, die eben eine Katze in der Wohnung halten, es gibt welche, die Zierfische in einem Aquarium in der Wohnung haben. Wenn man das weiterf\u00fchrt, tut jedermann gut daran, seinen Kanarienvogel nicht im Schlafzimmer zu halten, weil sonst die Staatsorgane auch dort Zutritt h\u00e4tten. Ich will das nicht ins L\u00e4cherliche ziehen, aber Sie sehen einmal mehr, dass diese Entwicklung \u00fcberhand nimmt. Ich bin wirklich der Auffassung, dass es absolut notwendig ist, dass wir diese Thematik umfassend angehen. Wir haben das beschlossen, und ich wollte auf dieses weitere Beispiel aufmerksam machen.</p>\n<p>Ich bitte die Kommission, den entsprechenden Auftrag ernst zu nehmen.</p>\n</pd_text>","MeetingCouncilAbbreviation":"S","MeetingDate":"20041006","MeetingVerbalixOid":1238,"IdSession":"4705","SpeakerFirstName":"Philipp","SpeakerLastName":"St\u00e4helin","SpeakerFullName":"St\u00e4helin Philipp","SpeakerFunction":"Mit-M","CouncilId":2,"CouncilName":"St\u00e4nderat","CantonId":20,"CantonName":"Thurgau","CantonAbbreviation":"TG","ParlGroupName":"Christlichdemokratische Fraktion","ParlGroupAbbreviation":"M-E","SortOrder":30,"Start":"\/Date(1097062270957)\/","End":"\/Date(1097062421807)\/","Function":"Mit-M","DisplaySpeaker":true,"LanguageOfText":"DE","Modified":"\/Date(1538734968877)\/","StartTimeWithTimezone":"\/Date(1097062270957+0120)\/","EndTimeWithTimezone":"\/Date(1097062421807+0120)\/","VoteBusinessNumber":null,"VoteBusinessShortNumber":null,"VoteBusinessTitle":null},{"__metadata":{"id":"https://ws.parlament.ch/OData.svc/Transcript(ID=46746L,Language='DE')","uri":"https://ws.parlament.ch/OData.svc/Transcript(ID=46746L,Language='DE')","type":"itsystems.Pd.DataServices.DataModel.Transcript"},"Subjects":{"__deferred":{"uri":"https://ws.parlament.ch/OData.svc/Transcript(ID=46746L,Language='DE')/Subjects"}},"MembersCouncil":{"__deferred":{"uri":"https://ws.parlament.ch/OData.svc/Transcript(ID=46746L,Language='DE')/MembersCouncil"}},"Businesses":{"__deferred":{"uri":"https://ws.parlament.ch/OData.svc/Transcript(ID=46746L,Language='DE')/Businesses"}},"ID":"46746","Language":"DE","IdSubject":"7887","VoteId":null,"PersonNumber":194,"Type":1,"Text":"<pd_text><p><i>Angenommen - Adopt\u00e9</i></p>\n<p>[VS]</p>\n<p><b>Art. 38</b></p>\n<p><i>Antrag der Kommission</i></p>\n<p>Zustimmung zum Entwurf des Bundesrates</p>\n<p><i>Proposition de la commission</i></p>\n<p>Adh\u00e9rer au projet du Conseil f\u00e9d\u00e9ral</p>\n</pd_text>","MeetingCouncilAbbreviation":"S","MeetingDate":"20041006","MeetingVerbalixOid":1238,"IdSession":"4705","SpeakerFirstName":"Fritz","SpeakerLastName":"Schiesser","SpeakerFullName":"Schiesser Fritz","SpeakerFunction":"P-M","CouncilId":2,"CouncilName":"St\u00e4nderat","CantonId":8,"CantonName":"Glarus","CantonAbbreviation":"GL","ParlGroupName":"Freisinnig-demokratische Fraktion","ParlGroupAbbreviation":"RL","SortOrder":29,"Start":"\/Date(1097062238087)\/","End":"\/Date(1097062270957)\/","Function":"P-M","DisplaySpeaker":false,"LanguageOfText":null,"Modified":"\/Date(1538734968877)\/","StartTimeWithTimezone":"\/Date(1097062238087+0120)\/","EndTimeWithTimezone":"\/Date(1097062270957+0120)\/","VoteBusinessNumber":null,"VoteBusinessShortNumber":null,"VoteBusinessTitle":null},{"__metadata":{"id":"https://ws.parlament.ch/OData.svc/Transcript(ID=46747L,Language='DE')","uri":"https://ws.parlament.ch/OData.svc/Transcript(ID=46747L,Language='DE')","type":"itsystems.Pd.DataServices.DataModel.Transcript"},"Subjects":{"__deferred":{"uri":"https://ws.parlament.ch/OData.svc/Transcript(ID=46747L,Language='DE')/Subjects"}},"MembersCouncil":{"__deferred":{"uri":"https://ws.parlament.ch/OData.svc/Transcript(ID=46747L,Language='DE')/MembersCouncil"}},"Businesses":{"__deferred":{"uri":"https://ws.parlament.ch/OData.svc/Transcript(ID=46747L,Language='DE')/Businesses"}},"ID":"46747","Language":"DE","IdSubject":"7887","VoteId":null,"PersonNumber":280,"Type":1,"Text":"<pd_text><p>Mit den Artikeln 36 und 37 werden zwei neue Vollzugsinstrumente eingef\u00fchrt, die in der Vernehmlassung eigentlich unbestritten waren. Es handelt sich um die Instrumente der Zielvereinbarung und des Leistungsauftrages, das heisst der Mitwirkung von Organisationen und Firmen.</p>\n</pd_text>","MeetingCouncilAbbreviation":"S","MeetingDate":"20041006","MeetingVerbalixOid":1238,"IdSession":"4705","SpeakerFirstName":"Christiane","SpeakerLastName":"Langenberger","SpeakerFullName":"Langenberger Christiane","SpeakerFunction":"Mit-F","CouncilId":2,"CouncilName":"St\u00e4nderat","CantonId":22,"CantonName":"Waadt","CantonAbbreviation":"VD","ParlGroupName":"Freisinnig-demokratische Fraktion","ParlGroupAbbreviation":"RL","SortOrder":28,"Start":"\/Date(1097062216627)\/","End":"\/Date(1097062238087)\/","Function":"*","DisplaySpeaker":true,"LanguageOfText":"DE","Modified":"\/Date(1538734968877)\/","StartTimeWithTimezone":"\/Date(1097062216627+0120)\/","EndTimeWithTimezone":"\/Date(1097062238087+0120)\/","VoteBusinessNumber":null,"VoteBusinessShortNumber":null,"VoteBusinessTitle":null},{"__metadata":{"id":"https://ws.parlament.ch/OData.svc/Transcript(ID=46748L,Language='DE')","uri":"https://ws.parlament.ch/OData.svc/Transcript(ID=46748L,Language='DE')","type":"itsystems.Pd.DataServices.DataModel.Transcript"},"Subjects":{"__deferred":{"uri":"https://ws.parlament.ch/OData.svc/Transcript(ID=46748L,Language='DE')/Subjects"}},"MembersCouncil":{"__deferred":{"uri":"https://ws.parlament.ch/OData.svc/Transcript(ID=46748L,Language='DE')/MembersCouncil"}},"Businesses":{"__deferred":{"uri":"https://ws.parlament.ch/OData.svc/Transcript(ID=46748L,Language='DE')/Businesses"}},"ID":"46748","Language":"DE","IdSubject":"7887","VoteId":null,"PersonNumber":194,"Type":1,"Text":"<pd_text><p><i>Angenommen - Adopt\u00e9</i></p>\n<p>[VS]</p>\n<p><b>Art. 33</b></p>\n<p><i>Antrag der Kommission</i></p>\n<p>Zustimmung zum Entwurf des Bundesrates</p>\n<p><i>Proposition de la commission</i></p>\n<p>Adh\u00e9rer au projet du Conseil f\u00e9d\u00e9ral</p>\n<p>[VS]</p>\n<p><i>Angenommen - Adopt\u00e9</i></p>\n<p>[VS]</p>\n<p><b>Art. 34</b></p>\n<p><i>Antrag der Kommission</i></p>\n<p><i>Abs. 1</i></p>\n<p>Zustimmung zum Entwurf des Bundesrates</p>\n<p><i>Abs. 2</i></p>\n<p>.... mit der Eidgen\u00f6ssischen Ethikkommission f\u00fcr die Biotechnologie im Ausserhumanbereich zusammen.</p>\n<p>[VS]</p>\n<p><b>Art. 34</b></p>\n<p><i>Proposition de la commission</i></p>\n<p><i>Al. 1</i></p>\n<p>Adh\u00e9rer au projet du Conseil f\u00e9d\u00e9ral</p>\n<p><i>Al. 2</i></p>\n<p>.... la Commission f\u00e9d\u00e9rale d'\u00e9thique pour la biotechnologie dans le domaine ....</p>\n<p>[VS]</p>\n<p><i>Angenommen - Adopt\u00e9</i></p>\n<p>[VS]</p>\n<p><b>Art. 35</b></p>\n<p><i>Antrag der Kommission</i></p>\n<p>Zustimmung zum Entwurf des Bundesrates</p>\n<p><i>Proposition de la commission</i></p>\n<p>Adh\u00e9rer au projet du Conseil f\u00e9d\u00e9ral</p>\n<p>[VS]</p>\n<p><i>Angenommen - Adopt\u00e9</i></p>\n<p>[VS]</p>\n<p><b>Art. 36, 37</b></p>\n<p><i>Antrag der Kommission</i></p>\n<p>Zustimmung zum Entwurf des Bundesrates</p>\n<p><i>Proposition de la commission</i></p>\n<p>Adh\u00e9rer au projet du Conseil f\u00e9d\u00e9ral</p>\n</pd_text>","MeetingCouncilAbbreviation":"S","MeetingDate":"20041006","MeetingVerbalixOid":1238,"IdSession":"4705","SpeakerFirstName":"Fritz","SpeakerLastName":"Schiesser","SpeakerFullName":"Schiesser Fritz","SpeakerFunction":"P-M","CouncilId":2,"CouncilName":"St\u00e4nderat","CantonId":8,"CantonName":"Glarus","CantonAbbreviation":"GL","ParlGroupName":"Freisinnig-demokratische Fraktion","ParlGroupAbbreviation":"RL","SortOrder":27,"Start":"\/Date(1097062168857)\/","End":"\/Date(1097062216627)\/","Function":"P-M","DisplaySpeaker":false,"LanguageOfText":null,"Modified":"\/Date(1538734968877)\/","StartTimeWithTimezone":"\/Date(1097062168857+0120)\/","EndTimeWithTimezone":"\/Date(1097062216627+0120)\/","VoteBusinessNumber":null,"VoteBusinessShortNumber":null,"VoteBusinessTitle":null},{"__metadata":{"id":"https://ws.parlament.ch/OData.svc/Transcript(ID=46749L,Language='DE')","uri":"https://ws.parlament.ch/OData.svc/Transcript(ID=46749L,Language='DE')","type":"itsystems.Pd.DataServices.DataModel.Transcript"},"Subjects":{"__deferred":{"uri":"https://ws.parlament.ch/OData.svc/Transcript(ID=46749L,Language='DE')/Subjects"}},"MembersCouncil":{"__deferred":{"uri":"https://ws.parlament.ch/OData.svc/Transcript(ID=46749L,Language='DE')/MembersCouncil"}},"Businesses":{"__deferred":{"uri":"https://ws.parlament.ch/OData.svc/Transcript(ID=46749L,Language='DE')/Businesses"}},"ID":"46749","Language":"DE","IdSubject":"7887","VoteId":null,"PersonNumber":280,"Type":1,"Text":"<pd_text><p>Der Vollzug ist ein kritischer Punkt, den bereits die GPK hervorgehoben hatte. Wenn wir eine Verbesserung des Vollzugs haben wollen und der Bund die Oberaufsicht wahrnehmen will, dann ist es n\u00f6tig, dass wir im jeweiligen Kanton eine Fachstelle schaffen, die f\u00fcr den Tierschutz zust\u00e4ndig ist. Dies ist eigentlich ganz zentral.</p>\n</pd_text>","MeetingCouncilAbbreviation":"S","MeetingDate":"20041006","MeetingVerbalixOid":1238,"IdSession":"4705","SpeakerFirstName":"Christiane","SpeakerLastName":"Langenberger","SpeakerFullName":"Langenberger Christiane","SpeakerFunction":"Mit-F","CouncilId":2,"CouncilName":"St\u00e4nderat","CantonId":22,"CantonName":"Waadt","CantonAbbreviation":"VD","ParlGroupName":"Freisinnig-demokratische Fraktion","ParlGroupAbbreviation":"RL","SortOrder":26,"Start":"\/Date(1097062144363)\/","End":"\/Date(1097062168857)\/","Function":"*","DisplaySpeaker":true,"LanguageOfText":"DE","Modified":"\/Date(1538734968877)\/","StartTimeWithTimezone":"\/Date(1097062144363+0120)\/","EndTimeWithTimezone":"\/Date(1097062168857+0120)\/","VoteBusinessNumber":null,"VoteBusinessShortNumber":null,"VoteBusinessTitle":null},{"__metadata":{"id":"https://ws.parlament.ch/OData.svc/Transcript(ID=46750L,Language='DE')","uri":"https://ws.parlament.ch/OData.svc/Transcript(ID=46750L,Language='DE')","type":"itsystems.Pd.DataServices.DataModel.Transcript"},"Subjects":{"__deferred":{"uri":"https://ws.parlament.ch/OData.svc/Transcript(ID=46750L,Language='DE')/Subjects"}},"MembersCouncil":{"__deferred":{"uri":"https://ws.parlament.ch/OData.svc/Transcript(ID=46750L,Language='DE')/MembersCouncil"}},"Businesses":{"__deferred":{"uri":"https://ws.parlament.ch/OData.svc/Transcript(ID=46750L,Language='DE')/Businesses"}},"ID":"46750","Language":"DE","IdSubject":"7887","VoteId":null,"PersonNumber":194,"Type":1,"Text":"<pd_text><p><i>Angenommen - Adopt\u00e9</i></p>\n<p>[VS]</p>\n<p><b>Art. 32</b></p>\n<p><i>Antrag der Kommission</i></p>\n<p>Zustimmung zum Entwurf des Bundesrates</p>\n<p><i>Proposition de la commission</i></p>\n<p>Adh\u00e9rer au projet du Conseil f\u00e9d\u00e9ral</p>\n</pd_text>","MeetingCouncilAbbreviation":"S","MeetingDate":"20041006","MeetingVerbalixOid":1238,"IdSession":"4705","SpeakerFirstName":"Fritz","SpeakerLastName":"Schiesser","SpeakerFullName":"Schiesser Fritz","SpeakerFunction":"P-M","CouncilId":2,"CouncilName":"St\u00e4nderat","CantonId":8,"CantonName":"Glarus","CantonAbbreviation":"GL","ParlGroupName":"Freisinnig-demokratische Fraktion","ParlGroupAbbreviation":"RL","SortOrder":25,"Start":"\/Date(1097062129883)\/","End":"\/Date(1097062144363)\/","Function":"P-M","DisplaySpeaker":false,"LanguageOfText":null,"Modified":"\/Date(1538734968877)\/","StartTimeWithTimezone":"\/Date(1097062129883+0120)\/","EndTimeWithTimezone":"\/Date(1097062144363+0120)\/","VoteBusinessNumber":null,"VoteBusinessShortNumber":null,"VoteBusinessTitle":null},{"__metadata":{"id":"https://ws.parlament.ch/OData.svc/Transcript(ID=46751L,Language='DE')","uri":"https://ws.parlament.ch/OData.svc/Transcript(ID=46751L,Language='DE')","type":"itsystems.Pd.DataServices.DataModel.Transcript"},"Subjects":{"__deferred":{"uri":"https://ws.parlament.ch/OData.svc/Transcript(ID=46751L,Language='DE')/Subjects"}},"MembersCouncil":{"__deferred":{"uri":"https://ws.parlament.ch/OData.svc/Transcript(ID=46751L,Language='DE')/MembersCouncil"}},"Businesses":{"__deferred":{"uri":"https://ws.parlament.ch/OData.svc/Transcript(ID=46751L,Language='DE')/Businesses"}},"ID":"46751","Language":"DE","IdSubject":"7887","VoteId":null,"PersonNumber":280,"Type":1,"Text":"<pd_text><p>Der Artikel stammt aus dem geltenden Recht. Zentral ist hier das Anliegen, dass ein Tierhalteverbot, das irgendwo ausgesprochen wird, in der ganzen Schweiz G\u00fcltigkeit haben soll.</p>\n</pd_text>","MeetingCouncilAbbreviation":"S","MeetingDate":"20041006","MeetingVerbalixOid":1238,"IdSession":"4705","SpeakerFirstName":"Christiane","SpeakerLastName":"Langenberger","SpeakerFullName":"Langenberger Christiane","SpeakerFunction":"Mit-F","CouncilId":2,"CouncilName":"St\u00e4nderat","CantonId":22,"CantonName":"Waadt","CantonAbbreviation":"VD","ParlGroupName":"Freisinnig-demokratische Fraktion","ParlGroupAbbreviation":"RL","SortOrder":12,"Start":"\/Date(1097060945833)\/","End":"\/Date(1097060959223)\/","Function":"*","DisplaySpeaker":true,"LanguageOfText":"DE","Modified":"\/Date(1538734968863)\/","StartTimeWithTimezone":"\/Date(1097060945833+0120)\/","EndTimeWithTimezone":"\/Date(1097060959223+0120)\/","VoteBusinessNumber":null,"VoteBusinessShortNumber":null,"VoteBusinessTitle":null},{"__metadata":{"id":"https://ws.parlament.ch/OData.svc/Transcript(ID=46752L,Language='DE')","uri":"https://ws.parlament.ch/OData.svc/Transcript(ID=46752L,Language='DE')","type":"itsystems.Pd.DataServices.DataModel.Transcript"},"Subjects":{"__deferred":{"uri":"https://ws.parlament.ch/OData.svc/Transcript(ID=46752L,Language='DE')/Subjects"}},"MembersCouncil":{"__deferred":{"uri":"https://ws.parlament.ch/OData.svc/Transcript(ID=46752L,Language='DE')/MembersCouncil"}},"Businesses":{"__deferred":{"uri":"https://ws.parlament.ch/OData.svc/Transcript(ID=46752L,Language='DE')/Businesses"}},"ID":"46752","Language":"DE","IdSubject":"7887","VoteId":null,"PersonNumber":85,"Type":1,"Text":"<pd_text><p><i>Angenommen - Adopt\u00e9</i></p>\n<p>[VS]</p>\n<p><b>Art. 21</b></p>\n<p><i>Antrag der Kommission</i></p>\n<p>Zustimmung zum Entwurf des Bundesrates</p>\n<p><i>Proposition de la commission</i></p>\n<p>Adh\u00e9rer au projet du Conseil f\u00e9d\u00e9ral</p>\n</pd_text>","MeetingCouncilAbbreviation":"S","MeetingDate":"20041006","MeetingVerbalixOid":1238,"IdSession":"4705","SpeakerFirstName":"Bruno","SpeakerLastName":"Frick","SpeakerFullName":"Frick Bruno","SpeakerFunction":"1VP-M","CouncilId":2,"CouncilName":"St\u00e4nderat","CantonId":5,"CantonName":"Schwyz","CantonAbbreviation":"SZ","ParlGroupName":"Christlichdemokratische Fraktion","ParlGroupAbbreviation":"M-E","SortOrder":11,"Start":"\/Date(1097060938117)\/","End":"\/Date(1097060945833)\/","Function":"1VP-M","DisplaySpeaker":false,"LanguageOfText":null,"Modified":"\/Date(1538734968863)\/","StartTimeWithTimezone":"\/Date(1097060938117+0120)\/","EndTimeWithTimezone":"\/Date(1097060945833+0120)\/","VoteBusinessNumber":null,"VoteBusinessShortNumber":null,"VoteBusinessTitle":null},{"__metadata":{"id":"https://ws.parlament.ch/OData.svc/Transcript(ID=46753L,Language='DE')","uri":"https://ws.parlament.ch/OData.svc/Transcript(ID=46753L,Language='DE')","type":"itsystems.Pd.DataServices.DataModel.Transcript"},"Subjects":{"__deferred":{"uri":"https://ws.parlament.ch/OData.svc/Transcript(ID=46753L,Language='DE')/Subjects"}},"MembersCouncil":{"__deferred":{"uri":"https://ws.parlament.ch/OData.svc/Transcript(ID=46753L,Language='DE')/MembersCouncil"}},"Businesses":{"__deferred":{"uri":"https://ws.parlament.ch/OData.svc/Transcript(ID=46753L,Language='DE')/Businesses"}},"ID":"46753","Language":"DE","IdSubject":"7887","VoteId":null,"PersonNumber":280,"Type":1,"Text":"<pd_text><p>Zu Artikel 20 habe ich bereits erw\u00e4hnt, dass die WBK in Absatz 2 zus\u00e4tzlich beantragt, dass Forschungsprojekte zur Schmerzausschaltung speziell gef\u00f6rdert werden sollen.</p>\n</pd_text>","MeetingCouncilAbbreviation":"S","MeetingDate":"20041006","MeetingVerbalixOid":1238,"IdSession":"4705","SpeakerFirstName":"Christiane","SpeakerLastName":"Langenberger","SpeakerFullName":"Langenberger Christiane","SpeakerFunction":"Mit-F","CouncilId":2,"CouncilName":"St\u00e4nderat","CantonId":22,"CantonName":"Waadt","CantonAbbreviation":"VD","ParlGroupName":"Freisinnig-demokratische Fraktion","ParlGroupAbbreviation":"RL","SortOrder":10,"Start":"\/Date(1097060922913)\/","End":"\/Date(1097060938117)\/","Function":"*","DisplaySpeaker":true,"LanguageOfText":"DE","Modified":"\/Date(1538734968847)\/","StartTimeWithTimezone":"\/Date(1097060922913+0120)\/","EndTimeWithTimezone":"\/Date(1097060938117+0120)\/","VoteBusinessNumber":null,"VoteBusinessShortNumber":null,"VoteBusinessTitle":null},{"__metadata":{"id":"https://ws.parlament.ch/OData.svc/Transcript(ID=46754L,Language='DE')","uri":"https://ws.parlament.ch/OData.svc/Transcript(ID=46754L,Language='DE')","type":"itsystems.Pd.DataServices.DataModel.Transcript"},"Subjects":{"__deferred":{"uri":"https://ws.parlament.ch/OData.svc/Transcript(ID=46754L,Language='DE')/Subjects"}},"MembersCouncil":{"__deferred":{"uri":"https://ws.parlament.ch/OData.svc/Transcript(ID=46754L,Language='DE')/MembersCouncil"}},"Businesses":{"__deferred":{"uri":"https://ws.parlament.ch/OData.svc/Transcript(ID=46754L,Language='DE')/Businesses"}},"ID":"46754","Language":"DE","IdSubject":"7887","VoteId":null,"PersonNumber":85,"Type":1,"Text":"<pd_text><p><i>Angenommen - Adopt\u00e9</i></p>\n<p>[VS]</p>\n<p><b>Art. 20</b></p>\n<p><i>Antrag der Kommission</i></p>\n<p><i>Abs. 1</i></p>\n<p>Zustimmung zum Entwurf des Bundesrates</p>\n<p><i>Abs. 2</i></p>\n<p>.... zur Folge haben. Er f\u00f6rdert im Besonderen Forschungsprojekte, welche die Ausschaltung von Schmerzen, \u00c4ngsten oder Leiden bei Eingriffen gem\u00e4ss Artikel 14 zum Ziele haben.</p>\n<p>[VS]</p>\n<p><b>Art. 20</b></p>\n<p><i>Proposition de la commission</i></p>\n<p><i>Al. 1</i></p>\n<p>Adh\u00e9rer au projet du Conseil f\u00e9d\u00e9ral</p>\n<p><i>Al. 2</i></p>\n<p>.... impos\u00e9es. Elle encourage plus particuli\u00e8rement les projets de recherche qui ont pour objet l'\u00e9limination des douleurs, de la peur ou des maux li\u00e9s aux interventions vis\u00e9es \u00e0 l'article 14.</p>\n</pd_text>","MeetingCouncilAbbreviation":"S","MeetingDate":"20041006","MeetingVerbalixOid":1238,"IdSession":"4705","SpeakerFirstName":"Bruno","SpeakerLastName":"Frick","SpeakerFullName":"Frick Bruno","SpeakerFunction":"1VP-M","CouncilId":2,"CouncilName":"St\u00e4nderat","CantonId":5,"CantonName":"Schwyz","CantonAbbreviation":"SZ","ParlGroupName":"Christlichdemokratische Fraktion","ParlGroupAbbreviation":"M-E","SortOrder":9,"Start":"\/Date(1097060913977)\/","End":"\/Date(1097060922913)\/","Function":"1VP-M","DisplaySpeaker":false,"LanguageOfText":null,"Modified":"\/Date(1538734968847)\/","StartTimeWithTimezone":"\/Date(1097060913977+0120)\/","EndTimeWithTimezone":"\/Date(1097060922913+0120)\/","VoteBusinessNumber":null,"VoteBusinessShortNumber":null,"VoteBusinessTitle":null},{"__metadata":{"id":"https://ws.parlament.ch/OData.svc/Transcript(ID=46755L,Language='DE')","uri":"https://ws.parlament.ch/OData.svc/Transcript(ID=46755L,Language='DE')","type":"itsystems.Pd.DataServices.DataModel.Transcript"},"Subjects":{"__deferred":{"uri":"https://ws.parlament.ch/OData.svc/Transcript(ID=46755L,Language='DE')/Subjects"}},"MembersCouncil":{"__deferred":{"uri":"https://ws.parlament.ch/OData.svc/Transcript(ID=46755L,Language='DE')/MembersCouncil"}},"Businesses":{"__deferred":{"uri":"https://ws.parlament.ch/OData.svc/Transcript(ID=46755L,Language='DE')/Businesses"}},"ID":"46755","Language":"DE","IdSubject":"7887","VoteId":null,"PersonNumber":280,"Type":1,"Text":"<pd_text><p>Hier legen wir noch einmal Wert auf die Anforderungen an die Aus- und Weiterbildung des Schlachthofpersonals. Es geht in diesem Artikel aber auch um die Frage der rituellen Schlachtung von Gefl\u00fcgel ohne Bet\u00e4ubung, die in unserem Land laut Verwaltung praktisch nicht mehr vorkommt.</p>\n</pd_text>","MeetingCouncilAbbreviation":"S","MeetingDate":"20041006","MeetingVerbalixOid":1238,"IdSession":"4705","SpeakerFirstName":"Christiane","SpeakerLastName":"Langenberger","SpeakerFullName":"Langenberger Christiane","SpeakerFunction":"Mit-F","CouncilId":2,"CouncilName":"St\u00e4nderat","CantonId":22,"CantonName":"Waadt","CantonAbbreviation":"VD","ParlGroupName":"Freisinnig-demokratische Fraktion","ParlGroupAbbreviation":"RL","SortOrder":8,"Start":"\/Date(1097060893590)\/","End":"\/Date(1097060913977)\/","Function":"*","DisplaySpeaker":true,"LanguageOfText":"DE","Modified":"\/Date(1538734968847)\/","StartTimeWithTimezone":"\/Date(1097060893590+0120)\/","EndTimeWithTimezone":"\/Date(1097060913977+0120)\/","VoteBusinessNumber":null,"VoteBusinessShortNumber":null,"VoteBusinessTitle":null},{"__metadata":{"id":"https://ws.parlament.ch/OData.svc/Transcript(ID=46756L,Language='DE')","uri":"https://ws.parlament.ch/OData.svc/Transcript(ID=46756L,Language='DE')","type":"itsystems.Pd.DataServices.DataModel.Transcript"},"Subjects":{"__deferred":{"uri":"https://ws.parlament.ch/OData.svc/Transcript(ID=46756L,Language='DE')/Subjects"}},"MembersCouncil":{"__deferred":{"uri":"https://ws.parlament.ch/OData.svc/Transcript(ID=46756L,Language='DE')/MembersCouncil"}},"Businesses":{"__deferred":{"uri":"https://ws.parlament.ch/OData.svc/Transcript(ID=46756L,Language='DE')/Businesses"}},"ID":"46756","Language":"DE","IdSubject":"7887","VoteId":null,"PersonNumber":85,"Type":1,"Text":"<pd_text><p><i>Angenommen - Adopt\u00e9</i></p>\n<p>[VS]</p>\n<p><b>Art. 19</b></p>\n<p><i>Antrag der Kommission</i></p>\n<p><i>Abs. 1-3</i></p>\n<p>Zustimmung zum Entwurf des Bundesrates</p>\n<p><i>Abs. 4</i></p>\n<p>Der Bundesrat regelt die Anforderungen an die Aus- und Weiterbildung des Schlachthofpersonals.</p>\n<p>[VS]</p>\n<p><b>Art. 19</b></p>\n<p><i>Proposition de la commission</i></p>\n<p><i>Al. 1-3</i></p>\n<p>Adh\u00e9rer au projet du Conseil f\u00e9d\u00e9ral</p>\n<p><i>Al. 4</i></p>\n<p>Le Conseil f\u00e9d\u00e9ral fixe les exigences auxquelles doivent satisfaire la formation et la formation continue du personnel des abattoirs.</p>\n<p>[PAGE 614] </p>\n</pd_text>","MeetingCouncilAbbreviation":"S","MeetingDate":"20041006","MeetingVerbalixOid":1238,"IdSession":"4705","SpeakerFirstName":"Bruno","SpeakerLastName":"Frick","SpeakerFullName":"Frick Bruno","SpeakerFunction":"1VP-M","CouncilId":2,"CouncilName":"St\u00e4nderat","CantonId":5,"CantonName":"Schwyz","CantonAbbreviation":"SZ","ParlGroupName":"Christlichdemokratische Fraktion","ParlGroupAbbreviation":"M-E","SortOrder":7,"Start":"\/Date(1097060883857)\/","End":"\/Date(1097060893590)\/","Function":"1VP-M","DisplaySpeaker":false,"LanguageOfText":null,"Modified":"\/Date(1538734968847)\/","StartTimeWithTimezone":"\/Date(1097060883857+0120)\/","EndTimeWithTimezone":"\/Date(1097060893590+0120)\/","VoteBusinessNumber":null,"VoteBusinessShortNumber":null,"VoteBusinessTitle":null},{"__metadata":{"id":"https://ws.parlament.ch/OData.svc/Transcript(ID=46757L,Language='DE')","uri":"https://ws.parlament.ch/OData.svc/Transcript(ID=46757L,Language='DE')","type":"itsystems.Pd.DataServices.DataModel.Transcript"},"Subjects":{"__deferred":{"uri":"https://ws.parlament.ch/OData.svc/Transcript(ID=46757L,Language='DE')/Subjects"}},"MembersCouncil":{"__deferred":{"uri":"https://ws.parlament.ch/OData.svc/Transcript(ID=46757L,Language='DE')/MembersCouncil"}},"Businesses":{"__deferred":{"uri":"https://ws.parlament.ch/OData.svc/Transcript(ID=46757L,Language='DE')/Businesses"}},"ID":"46757","Language":"DE","IdSubject":"7887","VoteId":null,"PersonNumber":280,"Type":1,"Text":"<pd_text><p>Hinsichtlich der Anforderungen bei Tierversuchen unterstrich die Kommission, dass ein Versuch unzul\u00e4ssig ist, wenn er gemessen am erwarteten Erkenntnisgewinn dem Tier unverh\u00e4ltnism\u00e4ssige Leiden zuf\u00fcgt, und dass Tierversuche nur durchgef\u00fchrt werden d\u00fcrfen, wenn keine geeigneten Alternativmethoden vorhanden sind. Auch da kommen wir also dem Tierschutz entgegen. </p>\n</pd_text>","MeetingCouncilAbbreviation":"S","MeetingDate":"20041006","MeetingVerbalixOid":1238,"IdSession":"4705","SpeakerFirstName":"Christiane","SpeakerLastName":"Langenberger","SpeakerFullName":"Langenberger Christiane","SpeakerFunction":"Mit-F","CouncilId":2,"CouncilName":"St\u00e4nderat","CantonId":22,"CantonName":"Waadt","CantonAbbreviation":"VD","ParlGroupName":"Freisinnig-demokratische Fraktion","ParlGroupAbbreviation":"RL","SortOrder":6,"Start":"\/Date(1097060854063)\/","End":"\/Date(1097060883857)\/","Function":"*","DisplaySpeaker":true,"LanguageOfText":"DE","Modified":"\/Date(1538734968847)\/","StartTimeWithTimezone":"\/Date(1097060854063+0120)\/","EndTimeWithTimezone":"\/Date(1097060883857+0120)\/","VoteBusinessNumber":null,"VoteBusinessShortNumber":null,"VoteBusinessTitle":null},{"__metadata":{"id":"https://ws.parlament.ch/OData.svc/Transcript(ID=46758L,Language='DE')","uri":"https://ws.parlament.ch/OData.svc/Transcript(ID=46758L,Language='DE')","type":"itsystems.Pd.DataServices.DataModel.Transcript"},"Subjects":{"__deferred":{"uri":"https://ws.parlament.ch/OData.svc/Transcript(ID=46758L,Language='DE')/Subjects"}},"MembersCouncil":{"__deferred":{"uri":"https://ws.parlament.ch/OData.svc/Transcript(ID=46758L,Language='DE')/MembersCouncil"}},"Businesses":{"__deferred":{"uri":"https://ws.parlament.ch/OData.svc/Transcript(ID=46758L,Language='DE')/Businesses"}},"ID":"46758","Language":"DE","IdSubject":"7887","VoteId":null,"PersonNumber":85,"Type":1,"Text":"<pd_text><p><i>Angenommen - Adopt\u00e9</i></p>\n<p>[VS]</p>\n<p><b>Art. 18</b></p>\n<p><i>Antrag der Kommission</i></p>\n<p><i>Abs. 1, 3</i></p>\n<p>Zustimmung zum Entwurf des Bundesrates</p>\n<p><i>Abs. 2</i></p>\n<p>.... stehenden Tierarten erreicht werden kann und keine geeigneten Alternativmethoden vorhanden sind.</p>\n<p>[VS]</p>\n<p><b>Art. 18</b></p>\n<p><i>Proposition de la commission</i></p>\n<p><i>Al. 1, 3</i></p>\n<p>Adh\u00e9rer au projet du Conseil f\u00e9d\u00e9ral</p>\n<p><i>Al. 2</i></p>\n<p>.... de l'\u00e9volution, et pour autant qu'il n'existe pas de m\u00e9thode de substitution appropri\u00e9e.</p>\n</pd_text>","MeetingCouncilAbbreviation":"S","MeetingDate":"20041006","MeetingVerbalixOid":1238,"IdSession":"4705","SpeakerFirstName":"Bruno","SpeakerLastName":"Frick","SpeakerFullName":"Frick Bruno","SpeakerFunction":"1VP-M","CouncilId":2,"CouncilName":"St\u00e4nderat","CantonId":5,"CantonName":"Schwyz","CantonAbbreviation":"SZ","ParlGroupName":"Christlichdemokratische Fraktion","ParlGroupAbbreviation":"M-E","SortOrder":5,"Start":"\/Date(1097060842093)\/","End":"\/Date(1097060854063)\/","Function":"1VP-M","DisplaySpeaker":false,"LanguageOfText":null,"Modified":"\/Date(1538734968847)\/","StartTimeWithTimezone":"\/Date(1097060842093+0120)\/","EndTimeWithTimezone":"\/Date(1097060854063+0120)\/","VoteBusinessNumber":null,"VoteBusinessShortNumber":null,"VoteBusinessTitle":null},{"__metadata":{"id":"https://ws.parlament.ch/OData.svc/Transcript(ID=46759L,Language='DE')","uri":"https://ws.parlament.ch/OData.svc/Transcript(ID=46759L,Language='DE')","type":"itsystems.Pd.DataServices.DataModel.Transcript"},"Subjects":{"__deferred":{"uri":"https://ws.parlament.ch/OData.svc/Transcript(ID=46759L,Language='DE')/Subjects"}},"MembersCouncil":{"__deferred":{"uri":"https://ws.parlament.ch/OData.svc/Transcript(ID=46759L,Language='DE')/MembersCouncil"}},"Businesses":{"__deferred":{"uri":"https://ws.parlament.ch/OData.svc/Transcript(ID=46759L,Language='DE')/Businesses"}},"ID":"46759","Language":"DE","IdSubject":"7887","VoteId":null,"PersonNumber":280,"Type":1,"Text":"<pd_text><p>Die Liste der Anforderungen an Institute und Laboratorien, welche Tierversuche durchf\u00fchren, ist im heutigen Gesetz zu detailliert. Deshalb soll diese Liste ersetzt werden; der Bundesrat erh\u00e4lt einen entsprechenden Auftrag. Weil wir aber auch den Grundforderungen der Tierschutzkreise Rechnung tragen wollen, haben wir Absatz 4 mit dem Hinweis auf die Unzul\u00e4ssigkeit im Falle von unverh\u00e4ltnism\u00e4ssigen Schmerzen, Leiden oder Sch\u00e4den eingef\u00fchrt.</p>\n</pd_text>","MeetingCouncilAbbreviation":"S","MeetingDate":"20041006","MeetingVerbalixOid":1238,"IdSession":"4705","SpeakerFirstName":"Christiane","SpeakerLastName":"Langenberger","SpeakerFullName":"Langenberger Christiane","SpeakerFunction":"Mit-F","CouncilId":2,"CouncilName":"St\u00e4nderat","CantonId":22,"CantonName":"Waadt","CantonAbbreviation":"VD","ParlGroupName":"Freisinnig-demokratische Fraktion","ParlGroupAbbreviation":"RL","SortOrder":4,"Start":"\/Date(1097060808567)\/","End":"\/Date(1097060842093)\/","Function":"*","DisplaySpeaker":true,"LanguageOfText":"DE","Modified":"\/Date(1538734968847)\/","StartTimeWithTimezone":"\/Date(1097060808567+0120)\/","EndTimeWithTimezone":"\/Date(1097060842093+0120)\/","VoteBusinessNumber":null,"VoteBusinessShortNumber":null,"VoteBusinessTitle":null},{"__metadata":{"id":"https://ws.parlament.ch/OData.svc/Transcript(ID=46760L,Language='DE')","uri":"https://ws.parlament.ch/OData.svc/Transcript(ID=46760L,Language='DE')","type":"itsystems.Pd.DataServices.DataModel.Transcript"},"Subjects":{"__deferred":{"uri":"https://ws.parlament.ch/OData.svc/Transcript(ID=46760L,Language='DE')/Subjects"}},"MembersCouncil":{"__deferred":{"uri":"https://ws.parlament.ch/OData.svc/Transcript(ID=46760L,Language='DE')/MembersCouncil"}},"Businesses":{"__deferred":{"uri":"https://ws.parlament.ch/OData.svc/Transcript(ID=46760L,Language='DE')/Businesses"}},"ID":"46760","Language":"DE","IdSubject":"7887","VoteId":null,"PersonNumber":85,"Type":1,"Text":"<pd_text><p><i>Angenommen - Adopt\u00e9</i></p>\n<p>[VS]</p>\n<p><b>Art. 17</b></p>\n<p><i>Antrag der Kommission</i></p>\n<p><i>Abs. 1</i></p>\n<p>.... und an die Aus- und Weiterbildung des Personals ....</p>\n<p><i>Abs. 2, 3</i></p>\n<p>Zustimmung zum Entwurf des Bundesrates</p>\n<p><i>Abs. 4</i></p>\n<p>Ein Tierversuch ist insbesondere nicht zul\u00e4ssig, wenn er gemessen am erwarteten Kenntnisgewinn dem Tier unverh\u00e4ltnism\u00e4ssige Schmerzen, Leiden oder Sch\u00e4den zuf\u00fcgt.</p>\n<p>[VS]</p>\n<p><b>Art. 17</b></p>\n<p><i>Proposition de la commission</i></p>\n<p><i>Al. 1</i></p>\n<p>.... \u00e0 la formation et \u00e0 la formation continue du personnel ....</p>\n<p><i>Al. 2, 3</i></p>\n<p>Adh\u00e9rer au projet du Conseil f\u00e9d\u00e9ral</p>\n<p><i>Al. 4</i></p>\n<p>Une exp\u00e9rience sur animaux n'est notamment pas admissible lorsque les douleurs, les souffrances et les dommages caus\u00e9s \u00e0 l'animal sont disproportionn\u00e9s par rapport au b\u00e9n\u00e9fice escompt\u00e9 en termes de connaissances.</p>\n</pd_text>","MeetingCouncilAbbreviation":"S","MeetingDate":"20041006","MeetingVerbalixOid":1238,"IdSession":"4705","SpeakerFirstName":"Bruno","SpeakerLastName":"Frick","SpeakerFullName":"Frick Bruno","SpeakerFunction":"1VP-M","CouncilId":2,"CouncilName":"St\u00e4nderat","CantonId":5,"CantonName":"Schwyz","CantonAbbreviation":"SZ","ParlGroupName":"Christlichdemokratische Fraktion","ParlGroupAbbreviation":"M-E","SortOrder":3,"Start":"\/Date(1097060800067)\/","End":"\/Date(1097060808567)\/","Function":"1VP-M","DisplaySpeaker":false,"LanguageOfText":null,"Modified":"\/Date(1538734968847)\/","StartTimeWithTimezone":"\/Date(1097060800067+0120)\/","EndTimeWithTimezone":"\/Date(1097060808567+0120)\/","VoteBusinessNumber":null,"VoteBusinessShortNumber":null,"VoteBusinessTitle":null},{"__metadata":{"id":"https://ws.parlament.ch/OData.svc/Transcript(ID=46761L,Language='DE')","uri":"https://ws.parlament.ch/OData.svc/Transcript(ID=46761L,Language='DE')","type":"itsystems.Pd.DataServices.DataModel.Transcript"},"Subjects":{"__deferred":{"uri":"https://ws.parlament.ch/OData.svc/Transcript(ID=46761L,Language='DE')/Subjects"}},"MembersCouncil":{"__deferred":{"uri":"https://ws.parlament.ch/OData.svc/Transcript(ID=46761L,Language='DE')/MembersCouncil"}},"Businesses":{"__deferred":{"uri":"https://ws.parlament.ch/OData.svc/Transcript(ID=46761L,Language='DE')/Businesses"}},"ID":"46761","Language":"DE","IdSubject":"7887","VoteId":null,"PersonNumber":280,"Type":1,"Text":"<pd_text><p>Artikel 16 betrifft die Bewilligungspflicht und steht in Zusammenhang mit Artikel 10, den ich kommentiert habe.</p>\n</pd_text>","MeetingCouncilAbbreviation":"S","MeetingDate":"20041006","MeetingVerbalixOid":1238,"IdSession":"4705","SpeakerFirstName":"Christiane","SpeakerLastName":"Langenberger","SpeakerFullName":"Langenberger Christiane","SpeakerFunction":"Mit-F","CouncilId":2,"CouncilName":"St\u00e4nderat","CantonId":22,"CantonName":"Waadt","CantonAbbreviation":"VD","ParlGroupName":"Freisinnig-demokratische Fraktion","ParlGroupAbbreviation":"RL","SortOrder":2,"Start":"\/Date(1097060786473)\/","End":"\/Date(1097060800067)\/","Function":"*","DisplaySpeaker":true,"LanguageOfText":"DE","Modified":"\/Date(1538734968847)\/","StartTimeWithTimezone":"\/Date(1097060786473+0120)\/","EndTimeWithTimezone":"\/Date(1097060800067+0120)\/","VoteBusinessNumber":null,"VoteBusinessShortNumber":null,"VoteBusinessTitle":null},{"__metadata":{"id":"https://ws.parlament.ch/OData.svc/Transcript(ID=46762L,Language='DE')","uri":"https://ws.parlament.ch/OData.svc/Transcript(ID=46762L,Language='DE')","type":"itsystems.Pd.DataServices.DataModel.Transcript"},"Subjects":{"__deferred":{"uri":"https://ws.parlament.ch/OData.svc/Transcript(ID=46762L,Language='DE')/Subjects"}},"MembersCouncil":{"__deferred":{"uri":"https://ws.parlament.ch/OData.svc/Transcript(ID=46762L,Language='DE')/MembersCouncil"}},"Businesses":{"__deferred":{"uri":"https://ws.parlament.ch/OData.svc/Transcript(ID=46762L,Language='DE')/Businesses"}},"ID":"46762","Language":"DE","IdSubject":"7887","VoteId":null,"PersonNumber":85,"Type":1,"Text":"<pd_text><p><b>02.092</b></p>\n<p>[VS]</p>\n<p><b>Tierschutzgesetz </b></p>\n<p><b>Loi f\u00e9d\u00e9rale sur la protection des animaux </b></p>\n<p>[VS]</p>\n<p><b>Art. 15</b></p>\n<p><i>Antrag der Kommission</i></p>\n<p>Zustimmung zum Entwurf des Bundesrates</p>\n<p><i>Proposition de la commission</i></p>\n<p>Adh\u00e9rer au projet du Conseil f\u00e9d\u00e9ral</p>\n<p>[VS]</p>\n<p><i>Angenommen - Adopt\u00e9</i></p>\n<p>[VS]</p>\n<p><b>Art. 16</b></p>\n<p><i>Antrag der Kommission</i></p>\n<p><i>Abs. 1, 3-5</i></p>\n<p>Zustimmung zum Entwurf des Bundesrates</p>\n<p><i>Abs. 2</i></p>\n<p>Handlungen nach Artikel 10 Absatz 1bis sind ....</p>\n<p>[VS]</p>\n<p><b>Art. 16</b></p>\n<p><i>Proposition de la commission</i></p>\n<p><i>Al. 1, 3-5</i></p>\n<p>Adh\u00e9rer au projet du Conseil f\u00e9d\u00e9ral</p>\n<p><i>Al. 2</i></p>\n<p>.... \u00e0 l'article 10 alin\u00e9a 1bis ....</p>\n</pd_text>","MeetingCouncilAbbreviation":"S","MeetingDate":"20041006","MeetingVerbalixOid":1238,"IdSession":"4705","SpeakerFirstName":"Bruno","SpeakerLastName":"Frick","SpeakerFullName":"Frick Bruno","SpeakerFunction":"1VP-M","CouncilId":2,"CouncilName":"St\u00e4nderat","CantonId":5,"CantonName":"Schwyz","CantonAbbreviation":"SZ","ParlGroupName":"Christlichdemokratische Fraktion","ParlGroupAbbreviation":"M-E","SortOrder":1,"Start":"\/Date(1097060771507)\/","End":"\/Date(1097060786473)\/","Function":"1VP-M","DisplaySpeaker":false,"LanguageOfText":null,"Modified":"\/Date(1538734968847)\/","StartTimeWithTimezone":"\/Date(1097060771507+0120)\/","EndTimeWithTimezone":"\/Date(1097060786473+0120)\/","VoteBusinessNumber":null,"VoteBusinessShortNumber":null,"VoteBusinessTitle":null},{"__metadata":{"id":"https://ws.parlament.ch/OData.svc/Transcript(ID=46763L,Language='DE')","uri":"https://ws.parlament.ch/OData.svc/Transcript(ID=46763L,Language='DE')","type":"itsystems.Pd.DataServices.DataModel.Transcript"},"Subjects":{"__deferred":{"uri":"https://ws.parlament.ch/OData.svc/Transcript(ID=46763L,Language='DE')/Subjects"}},"MembersCouncil":{"__deferred":{"uri":"https://ws.parlament.ch/OData.svc/Transcript(ID=46763L,Language='DE')/MembersCouncil"}},"Businesses":{"__deferred":{"uri":"https://ws.parlament.ch/OData.svc/Transcript(ID=46763L,Language='DE')/Businesses"}},"ID":"46763","Language":"DE","IdSubject":"7887","VoteId":null,"PersonNumber":85,"Type":1,"Text":"<pd_text><p><i>Angenommen - Adopt\u00e9</i></p>\n<p>[VS]</p>\n<p><b>Art. 22</b></p>\n<p><i>Antrag der Kommission</i></p>\n<p><i>Abs. 1</i></p>\n<p>Wenn festgestellt ist, dass Tiere vernachl\u00e4ssigt oder ....</p>\n<p><i>Abs. 2</i></p>\n<p>Zustimmung zum Entwurf des Bundesrates</p>\n<p><i>Abs. 3</i></p>\n<p>Bei festgestellten strafbaren vors\u00e4tzlichen Verst\u00f6ssen gegen die Vorschriften dieses Gesetzes erstatten die Beh\u00f6rden, die f\u00fcr den Vollzug von Tierschutzvorschriften zust\u00e4ndig sind, Strafanzeige.</p>\n<p>[VS]</p>\n<p><b>Art. 22</b></p>\n<p><i>Proposition de la commission</i></p>\n<p><i>Al. 1</i></p>\n<p>.... des animaux sont n\u00e9glig\u00e9s ....</p>\n<p><i>Al. 2</i></p>\n<p>Adh\u00e9rer au projet du Conseil f\u00e9d\u00e9ral</p>\n<p><i>Al. 3</i></p>\n<p>Toute constatation d'une violation intentionnelle des dispositions de la pr\u00e9sente loi donne lieu au d\u00e9p\u00f4t d'une plainte p\u00e9nale de la part des autorit\u00e9s charg\u00e9es de leur ex\u00e9cution.</p>\n</pd_text>","MeetingCouncilAbbreviation":"S","MeetingDate":"20041006","MeetingVerbalixOid":1238,"IdSession":"4705","SpeakerFirstName":"Bruno","SpeakerLastName":"Frick","SpeakerFullName":"Frick Bruno","SpeakerFunction":"1VP-M","CouncilId":2,"CouncilName":"St\u00e4nderat","CantonId":5,"CantonName":"Schwyz","CantonAbbreviation":"SZ","ParlGroupName":"Christlichdemokratische Fraktion","ParlGroupAbbreviation":"M-E","SortOrder":13,"Start":"\/Date(1097060959223)\/","End":"\/Date(1097060966800)\/","Function":"1VP-M","DisplaySpeaker":false,"LanguageOfText":null,"Modified":"\/Date(1538734968863)\/","StartTimeWithTimezone":"\/Date(1097060959223+0120)\/","EndTimeWithTimezone":"\/Date(1097060966800+0120)\/","VoteBusinessNumber":null,"VoteBusinessShortNumber":null,"VoteBusinessTitle":null},{"__metadata":{"id":"https://ws.parlament.ch/OData.svc/Transcript(ID=46764L,Language='DE')","uri":"https://ws.parlament.ch/OData.svc/Transcript(ID=46764L,Language='DE')","type":"itsystems.Pd.DataServices.DataModel.Transcript"},"Subjects":{"__deferred":{"uri":"https://ws.parlament.ch/OData.svc/Transcript(ID=46764L,Language='DE')/Subjects"}},"MembersCouncil":{"__deferred":{"uri":"https://ws.parlament.ch/OData.svc/Transcript(ID=46764L,Language='DE')/MembersCouncil"}},"Businesses":{"__deferred":{"uri":"https://ws.parlament.ch/OData.svc/Transcript(ID=46764L,Language='DE')/Businesses"}},"ID":"46764","Language":"DE","IdSubject":"7887","VoteId":null,"PersonNumber":280,"Type":1,"Text":"<pd_text><p>Bei Absatz 1 handelt es sich um strafbare Verst\u00f6sse, die in den Artikeln 25 bis 27 erw\u00e4hnt werden, insbesondere um die Tierqu\u00e4lerei und den verbotenen Tierhandel. Wir haben das Wort \"stark\" gestrichen, um zum Ausdruck zu bringen, dass man gewillt ist, den Tierschutz dort durchzusetzen, wo man effektive M\u00e4ngel feststellt.</p>\n<p>Zu Absatz 3: Wir finden es richtig, dass in diesen F\u00e4llen die Beh\u00f6rde auch pflichtig ist, Strafanzeige zu erstatten. Auch die GPK-SR hatte auf den Vollzugsr\u00fcckstand oder -notstand aufmerksam gemacht. Wenn wir ein Bundesgesetz haben, das die Kompetenzen klar festlegt, k\u00f6nnen die Beh\u00f6rden im Falle von Versuchen politischer Beeinflussung sagen, dass sie verpflichtet sind, Strafanzeige zu erstatten.</p>\n</pd_text>","MeetingCouncilAbbreviation":"S","MeetingDate":"20041006","MeetingVerbalixOid":1238,"IdSession":"4705","SpeakerFirstName":"Christiane","SpeakerLastName":"Langenberger","SpeakerFullName":"Langenberger Christiane","SpeakerFunction":"Mit-F","CouncilId":2,"CouncilName":"St\u00e4nderat","CantonId":22,"CantonName":"Waadt","CantonAbbreviation":"VD","ParlGroupName":"Freisinnig-demokratische Fraktion","ParlGroupAbbreviation":"RL","SortOrder":14,"Start":"\/Date(1097060966800)\/","End":"\/Date(1097061042340)\/","Function":"*","DisplaySpeaker":true,"LanguageOfText":"DE","Modified":"\/Date(1538734968863)\/","StartTimeWithTimezone":"\/Date(1097060966800+0120)\/","EndTimeWithTimezone":"\/Date(1097061042340+0120)\/","VoteBusinessNumber":null,"VoteBusinessShortNumber":null,"VoteBusinessTitle":null},{"__metadata":{"id":"https://ws.parlament.ch/OData.svc/Transcript(ID=46765L,Language='DE')","uri":"https://ws.parlament.ch/OData.svc/Transcript(ID=46765L,Language='DE')","type":"itsystems.Pd.DataServices.DataModel.Transcript"},"Subjects":{"__deferred":{"uri":"https://ws.parlament.ch/OData.svc/Transcript(ID=46765L,Language='DE')/Subjects"}},"MembersCouncil":{"__deferred":{"uri":"https://ws.parlament.ch/OData.svc/Transcript(ID=46765L,Language='DE')/MembersCouncil"}},"Businesses":{"__deferred":{"uri":"https://ws.parlament.ch/OData.svc/Transcript(ID=46765L,Language='DE')/Businesses"}},"ID":"46765","Language":"DE","IdSubject":"7887","VoteId":null,"PersonNumber":85,"Type":1,"Text":"<pd_text><p><i>Angenommen - Adopt\u00e9</i></p>\n<p>[VS]</p>\n<p><b>Art. 23, 24</b></p>\n<p><i>Antrag der Kommission</i></p>\n<p>Zustimmung zum Entwurf des Bundesrates</p>\n<p><i>Proposition de la commission</i></p>\n<p>Adh\u00e9rer au projet du Conseil f\u00e9d\u00e9ral</p>\n<p>[VS]</p>\n<p><i>Angenommen - Adopt\u00e9</i></p>\n<p>[VS]</p>\n<p><b>Art. 24a</b></p>\n<p><i>Antrag der Minderheit</i></p>\n<p>(Fetz, David, Ory)</p>\n<p><i>Titel</i></p>\n<p>Tierschutzanwalt</p>\n<p><i>Text</i></p>\n<p>In Strafverfahren wegen Verst\u00f6ssen gegen dieses Gesetz oder seine Ausf\u00fchrungsbestimmungen vertritt ein Tierschutzanwalt die Interessen der gesch\u00e4digten Tiere.</p>\n<p>[VS]</p>\n<p><b>Art. 24a</b></p>\n<p><i>Proposition de la minorit\u00e9</i></p>\n<p>(Fetz, David, Ory)</p>\n<p><i>Titre</i></p>\n<p>Avocat sp\u00e9cialis\u00e9 dans la protection des animaux</p>\n<p><i>Texte</i></p>\n<p>Dans les proc\u00e8s pour violation de la pr\u00e9sente loi ou de ses dispositions d'ex\u00e9cution, un avocat sp\u00e9cialis\u00e9 dans la protection des animaux d\u00e9fend les int\u00e9r\u00eats des animaux l\u00e9s\u00e9s.</p>\n</pd_text>","MeetingCouncilAbbreviation":"S","MeetingDate":"20041006","MeetingVerbalixOid":1238,"IdSession":"4705","SpeakerFirstName":"Bruno","SpeakerLastName":"Frick","SpeakerFullName":"Frick Bruno","SpeakerFunction":"1VP-M","CouncilId":2,"CouncilName":"St\u00e4nderat","CantonId":5,"CantonName":"Schwyz","CantonAbbreviation":"SZ","ParlGroupName":"Christlichdemokratische Fraktion","ParlGroupAbbreviation":"M-E","SortOrder":15,"Start":"\/Date(1097061042340)\/","End":"\/Date(1097061099070)\/","Function":"1VP-M","DisplaySpeaker":false,"LanguageOfText":null,"Modified":"\/Date(1538734968863)\/","StartTimeWithTimezone":"\/Date(1097061042340+0120)\/","EndTimeWithTimezone":"\/Date(1097061099070+0120)\/","VoteBusinessNumber":null,"VoteBusinessShortNumber":null,"VoteBusinessTitle":null},{"__metadata":{"id":"https://ws.parlament.ch/OData.svc/Transcript(ID=46766L,Language='DE')","uri":"https://ws.parlament.ch/OData.svc/Transcript(ID=46766L,Language='DE')","type":"itsystems.Pd.DataServices.DataModel.Transcript"},"Subjects":{"__deferred":{"uri":"https://ws.parlament.ch/OData.svc/Transcript(ID=46766L,Language='DE')/Subjects"}},"MembersCouncil":{"__deferred":{"uri":"https://ws.parlament.ch/OData.svc/Transcript(ID=46766L,Language='DE')/MembersCouncil"}},"Businesses":{"__deferred":{"uri":"https://ws.parlament.ch/OData.svc/Transcript(ID=46766L,Language='DE')/Businesses"}},"ID":"46766","Language":"DE","IdSubject":"7887","VoteId":null,"PersonNumber":280,"Type":1,"Text":"<pd_text><p>Die Mehrheit ist der Meinung, dass wir mit der Fassung der Minderheit ein Misstrauen gegen\u00fcber den kantonalen Strafvollzugsbeh\u00f6rden, auch gegen\u00fcber dem Staatsanwalt, ausdr\u00fccken w\u00fcrden. Der Kanton Z\u00fcrich hat wohl einen solchen Tierschutzanwalt und ist eigentlich damit zufrieden. Aber in der Vernehmlassung hat selbst der Kanton Z\u00fcrich darauf verzichtet, diesen auch im Bundesgesetz verankern zu wollen. Der Vollzug ist auch eine Frage der Mittel, die man zur Verf\u00fcgung hat. In den Kantonen muss man die Leute nicht mehr davon \u00fcberzeugen, dass sie die Aufsichtsfunktion wahrnehmen sollen. Es ist aber wirklich eine Frage der Ressourcen, ob sie den Anforderungen, die an sie gestellt werden, gerecht werden k\u00f6nnen.</p>\n</pd_text>","MeetingCouncilAbbreviation":"S","MeetingDate":"20041006","MeetingVerbalixOid":1238,"IdSession":"4705","SpeakerFirstName":"Christiane","SpeakerLastName":"Langenberger","SpeakerFullName":"Langenberger Christiane","SpeakerFunction":"Mit-F","CouncilId":2,"CouncilName":"St\u00e4nderat","CantonId":22,"CantonName":"Waadt","CantonAbbreviation":"VD","ParlGroupName":"Freisinnig-demokratische Fraktion","ParlGroupAbbreviation":"RL","SortOrder":16,"Start":"\/Date(1097061099070)\/","End":"\/Date(1097061144893)\/","Function":"*","DisplaySpeaker":true,"LanguageOfText":"DE","Modified":"\/Date(1538734968863)\/","StartTimeWithTimezone":"\/Date(1097061099070+0120)\/","EndTimeWithTimezone":"\/Date(1097061144893+0120)\/","VoteBusinessNumber":null,"VoteBusinessShortNumber":null,"VoteBusinessTitle":null},{"__metadata":{"id":"https://ws.parlament.ch/OData.svc/Transcript(ID=46767L,Language='DE')","uri":"https://ws.parlament.ch/OData.svc/Transcript(ID=46767L,Language='DE')","type":"itsystems.Pd.DataServices.DataModel.Transcript"},"Subjects":{"__deferred":{"uri":"https://ws.parlament.ch/OData.svc/Transcript(ID=46767L,Language='DE')/Subjects"}},"MembersCouncil":{"__deferred":{"uri":"https://ws.parlament.ch/OData.svc/Transcript(ID=46767L,Language='DE')/MembersCouncil"}},"Businesses":{"__deferred":{"uri":"https://ws.parlament.ch/OData.svc/Transcript(ID=46767L,Language='DE')/Businesses"}},"ID":"46767","Language":"DE","IdSubject":"7887","VoteId":null,"PersonNumber":466,"Type":1,"Text":"<pd_text><p>Ich m\u00f6chte Ihnen erkl\u00e4ren, warum ich in diesem Gesetz den Tierschutzanwalt f\u00fcr eine wichtige Sache halte. Die heutige Situation ist ja so, dass wir jetzt im neuen, revidierten Tierschutzgesetz Strafnormen drin haben. Wir haben auch Normen drin, die Beh\u00f6rden oder Personen, die Tierqu\u00e4lereien sehen oder zur Kenntnis bekommen, dazu verpflichten, diese auch anzuzeigen. Das ist gut. Was weniger gut ist, ist der Vollzug, was also nachher mit diesen Anzeigen passiert. Das Problem ist, dass sich in vielen F\u00e4llen niemand um diese Verfahren k\u00fcmmern kann, weil es eben keinen Anwalt gibt, der die Tiere vertritt. Die Beh\u00f6rden sind mit wichtigeren Sachen besch\u00e4ftigt, was ich auch verstehe. Urteile, die Menschen betreffen, sind nun einmal wichtiger als Urteile in Bezug auf Tiere. Also brauchen wir eine Instanz, die sich darum k\u00fcmmert, dass gequ\u00e4lte Tiere auch zu ihrem Recht kommen. [PAGE 615] </p>\n<p>Ich m\u00f6chte Ihnen kurz einen Fall schildern, der vor einem Jahr im Baselbiet passiert ist. Er hat die Bev\u00f6lkerung in der Region total emp\u00f6rt. Eine Tierversuchsfirma ist vor Jahren wegen Tierqu\u00e4lerei angeklagt worden; es ist auch nachgewiesen worden, dass Tierqu\u00e4lereien stattgefunden haben. Es ist \u00fcbrigens eine sehr kleine Firma - das ist das Problem -, die grossen haben gute Regelungen. Auf jeden Fall ist das Verfahren so lange verschleppt worden, bis es verj\u00e4hrt war. Es hat sich niemand darum gek\u00fcmmert, dass die vorhandenen Zeugen effektiv auch eingeladen und angeh\u00f6rt wurden. Das heisst, am Schluss wurden die Leute, die klar tierqu\u00e4lerische Handlungen begangen haben, mangels Beweisen und weil das Verfahren verj\u00e4hrt war, freigesprochen. Das st\u00f6rt das Rechtsempfinden unserer Bev\u00f6lkerung ganz massiv.</p>\n<p>Deshalb m\u00f6chte ich Ihnen beliebt machen, ins Tierschutzgesetz, wenn wir es schon revidieren - und wir sind jetzt auf einem guten Weg -, den Tierschutzanwalt aufzunehmen.</p>\n<p>Ich weiss, in der Kommission ist immer wieder gesagt worden, das sei eine kantonale Aufgabe. Zum Beispiel macht der Kanton Z\u00fcrich seit zehn Jahren sehr gute Erfahrungen mit einem Tierschutzanwalt. Aber es gibt einfach immer noch sehr viele Kantone, die in diesem Bereich nicht vorw\u00e4rts machen. Das heisst, es w\u00e4re sehr gut, wenn wir hier einen Hinweis geben w\u00fcrden. Wenn wir schon legiferieren, wenn der Bundesgesetzgeber schon sagt, die Tiere seien keine Sache, wenn er auch sagt, wir wollen keine Tierqu\u00e4lereien, dann ist die Konsequenz daraus, dass man auch jemanden haben muss, der das Tier in einem Verfahren unterst\u00fctzt. Das scheint mir eine logische Konsequenz zu sein. Wer soll es denn sonst tun? Ein Tier kann sich nicht selber verteidigen.</p>\n<p>Der langen Rede kurzer Sinn: Ein Tierschutzanwalt ist n\u00f6tig. Es gibt Tierqu\u00e4lereien, und zwar am wenigsten dort, wo professionell mit Tieren umgegangen wird, dagegen in vielen anderen Bereichen. Wir hatten z. B. einen Fall, wo Jugendliche eine Katze verbrannt haben - einfach so. Niemand hat sich nachher darum gek\u00fcmmert. Das heisst, um dem Gesetz Nachachtung zu verschaffen, brauchen wir eine Instanz, die f\u00fcr die Rechte der Tiere sorgt. Die einfachste, wirkungsvollste Variante ist ein Tierschutzanwalt. Ein Verbandsklagerecht w\u00e4re die andere Version. Aber das wollen wir in diesem Bereich nicht, sondern wir wollen jemanden, der die Tiere in ihren Rechten unterst\u00fctzt.</p>\n</pd_text>","MeetingCouncilAbbreviation":"S","MeetingDate":"20041006","MeetingVerbalixOid":1238,"IdSession":"4705","SpeakerFirstName":"Anita","SpeakerLastName":"Fetz","SpeakerFullName":"Fetz Anita","SpeakerFunction":"Mit-F","CouncilId":2,"CouncilName":"St\u00e4nderat","CantonId":12,"CantonName":"Basel-Stadt","CantonAbbreviation":"BS","ParlGroupName":"Sozialdemokratische Fraktion","ParlGroupAbbreviation":"S","SortOrder":17,"Start":"\/Date(1097061144893)\/","End":"\/Date(1097061430380)\/","Function":"Mit-F","DisplaySpeaker":true,"LanguageOfText":"DE","Modified":"\/Date(1538734968863)\/","StartTimeWithTimezone":"\/Date(1097061144893+0120)\/","EndTimeWithTimezone":"\/Date(1097061430380+0120)\/","VoteBusinessNumber":null,"VoteBusinessShortNumber":null,"VoteBusinessTitle":null},{"__metadata":{"id":"https://ws.parlament.ch/OData.svc/Transcript(ID=46768L,Language='DE')","uri":"https://ws.parlament.ch/OData.svc/Transcript(ID=46768L,Language='DE')","type":"itsystems.Pd.DataServices.DataModel.Transcript"},"Subjects":{"__deferred":{"uri":"https://ws.parlament.ch/OData.svc/Transcript(ID=46768L,Language='DE')/Subjects"}},"MembersCouncil":{"__deferred":{"uri":"https://ws.parlament.ch/OData.svc/Transcript(ID=46768L,Language='DE')/MembersCouncil"}},"Businesses":{"__deferred":{"uri":"https://ws.parlament.ch/OData.svc/Transcript(ID=46768L,Language='DE')/Businesses"}},"ID":"46768","Language":"DE","IdSubject":"7887","VoteId":null,"PersonNumber":531,"Type":1,"Text":"<pd_text><p>Auch dieser Punkt wurde in unserer Kommission eingehend diskutiert, und es ist unbestritten, dass solche F\u00e4lle, wie Frau Fetz einen geschildert hat, unser Rechtsempfinden st\u00f6ren. Trotzdem kann man eigentlich auch aus grunds\u00e4tzlichen \u00dcberlegungen gegen die Einf\u00fchrung eines Tierschutzanwaltes sein.</p>\n<p>Mit einem solchen Sonderstaatsanwalt w\u00fcrde in die heutige grunds\u00e4tzliche Kompetenzordnung eingegriffen, wonach die Kantone f\u00fcr die Organisation der Gerichte und die Rechtsprechung in Strafsachen zust\u00e4ndig sind. Nat\u00fcrlich kann man gem\u00e4ss Verfassung eingreifen, wenn man will, aber ich zeige ebenfalls auf, dass es grunds\u00e4tzliche \u00dcberlegungen gibt, die gegen einen solchen Eingriff sprechen. Ein solcher Tierschutzanwalt widerspricht n\u00e4mlich auch meinem Rechtsempfinden \u00fcber den Ablauf eines Strafverfahrens in unserem Staat, unabh\u00e4ngig davon, ob es sich um das Tierschutzrecht oder um ein anderes Rechtsgebiet handelt. Es wird damit suggeriert, dass die kantonalen Strafverfolgungsinstanzen ihrer Pflicht grunds\u00e4tzlich nicht nachkommen. Wie meine ich das? </p>\n<p>Das Tierschutzgesetz bezeichnet nun einmal die Rechtsg\u00fcter, die schutzw\u00fcrdig sind. Der Staatsanwalt hat nun einmal die Pflicht und Schuldigkeit, bei einer Rechtsverletzung - nicht nur im Tierschutzbereich, sondern in s\u00e4mtlichen Rechtsgebieten, wo Rechtsg\u00fcter gesch\u00fctzt werden - die Interessen des Staates zu vertreten. Es ist nach meinem Rechtsverst\u00e4ndnis nicht seinem Gutd\u00fcnken \u00fcberlassen, irgendein Gesetz anzuwenden oder nicht. Wenn wir ein Gesetz nicht anwenden wollen, haben wir das entsprechende Gesetz zu \u00e4ndern. Sollte das Verhalten der Strafverfolgungsbeh\u00f6rden trotzdem bem\u00e4ngelt werden m\u00fcssen, so gibt es auch eine entsprechende Aufsichtsbeh\u00f6rde. Man sagt mir vielleicht, dass dies eine idealistische Auffassung von unserem Rechtsstaat ist; ich will sie mir aber erhalten. </p>\n<p>Ich ersuche Sie, dem Antrag der Mehrheit zuzustimmen. </p>\n</pd_text>","MeetingCouncilAbbreviation":"S","MeetingDate":"20041006","MeetingVerbalixOid":1238,"IdSession":"4705","SpeakerFirstName":"Hansruedi","SpeakerLastName":"Stadler","SpeakerFullName":"Stadler Hansruedi","SpeakerFunction":"Mit-M","CouncilId":2,"CouncilName":"St\u00e4nderat","CantonId":4,"CantonName":"Uri","CantonAbbreviation":"UR","ParlGroupName":"Christlichdemokratische Fraktion","ParlGroupAbbreviation":"M-E","SortOrder":18,"Start":"\/Date(1097061430380)\/","End":"\/Date(1097061600700)\/","Function":"Mit-M","DisplaySpeaker":true,"LanguageOfText":"DE","Modified":"\/Date(1538734968863)\/","StartTimeWithTimezone":"\/Date(1097061430380+0120)\/","EndTimeWithTimezone":"\/Date(1097061600700+0120)\/","VoteBusinessNumber":null,"VoteBusinessShortNumber":null,"VoteBusinessTitle":null},{"__metadata":{"id":"https://ws.parlament.ch/OData.svc/Transcript(ID=46769L,Language='DE')","uri":"https://ws.parlament.ch/OData.svc/Transcript(ID=46769L,Language='DE')","type":"itsystems.Pd.DataServices.DataModel.Transcript"},"Subjects":{"__deferred":{"uri":"https://ws.parlament.ch/OData.svc/Transcript(ID=46769L,Language='DE')/Subjects"}},"MembersCouncil":{"__deferred":{"uri":"https://ws.parlament.ch/OData.svc/Transcript(ID=46769L,Language='DE')/MembersCouncil"}},"Businesses":{"__deferred":{"uri":"https://ws.parlament.ch/OData.svc/Transcript(ID=46769L,Language='DE')/Businesses"}},"ID":"46769","Language":"DE","IdSubject":"7887","VoteId":null,"PersonNumber":58,"Type":1,"Text":"<pd_text><p>Mit diesem Antrag soll den Kantonen vorgeschrieben werden, die Institution eines Tieranwaltes oder eines Anwaltes f\u00fcr Tierschutz zu schaffen. Dieser sollte, wie gesagt wurde, in Strafverfahren wegen Verletzung des Tierschutzgesetzes die Interessen der Tiere wahrnehmen.</p>\n<p>Der Bundesrat hat eine solche Institution in diesem Gesetz nicht vorgesehen. Er ist der Meinung, dass wir hier in das kantonale Strafprozessrecht oder in die kantonale Strafprozesshoheit eingreifen w\u00fcrden. Ein Kanton, der Kanton Z\u00fcrich, hat im Jahre 1991 bereits die Funktion eines solchen Tieranwaltes geschaffen. Andere Kantone sind ihm bisher nicht gefolgt, obschon in einigen Kantonen die Diskussion dar\u00fcber aufgenommen worden ist oder gegenw\u00e4rtig gewisse Vorbereitungen getroffen werden.</p>\n<p>Wir w\u00fcrden mit diesem Artikel gegen\u00fcber den Kantonen und auch den Rechtsbeh\u00f6rden sicher das Misstrauen signalisieren, sie behandelten die Straff\u00e4lle in diesem Bereich nicht sach- und pflichtgerecht. Es stimmt, dass es in diesem Bereich F\u00e4lle gegeben hat. Das ist auch in anderen Bereichen m\u00f6glich. Es ist aber Aufgabe der Kantone, den Rechtsvollzug zu garantieren und dazu die notwendigen Institutionen einzusetzen. </p>\n<p>Deshalb vertrete ich im Namen des Bundesrates die Meinung, dass dieser Artikel hier nicht notwendig ist und es den Kantonen \u00fcberlassen werden soll, ob solche Funktionen geschaffen werden sollen.</p>\n</pd_text>","MeetingCouncilAbbreviation":"S","MeetingDate":"20041006","MeetingVerbalixOid":1238,"IdSession":"4705","SpeakerFirstName":"Joseph","SpeakerLastName":"Deiss","SpeakerFullName":"Deiss Joseph","SpeakerFunction":"BPR-M","CouncilId":99,"CouncilName":"Bundesrat","CantonId":10,"CantonName":"Freiburg","CantonAbbreviation":"FR","ParlGroupName":null,"ParlGroupAbbreviation":null,"SortOrder":19,"Start":"\/Date(1097061600700)\/","End":"\/Date(1097061736250)\/","Function":"BPR-M","DisplaySpeaker":true,"LanguageOfText":"DE","Modified":"\/Date(1538734968863)\/","StartTimeWithTimezone":"\/Date(1097061600700+0120)\/","EndTimeWithTimezone":"\/Date(1097061736250+0120)\/","VoteBusinessNumber":null,"VoteBusinessShortNumber":null,"VoteBusinessTitle":null},{"__metadata":{"id":"https://ws.parlament.ch/OData.svc/Transcript(ID=46770L,Language='DE')","uri":"https://ws.parlament.ch/OData.svc/Transcript(ID=46770L,Language='DE')","type":"itsystems.Pd.DataServices.DataModel.Transcript"},"Subjects":{"__deferred":{"uri":"https://ws.parlament.ch/OData.svc/Transcript(ID=46770L,Language='DE')/Subjects"}},"MembersCouncil":{"__deferred":{"uri":"https://ws.parlament.ch/OData.svc/Transcript(ID=46770L,Language='DE')/MembersCouncil"}},"Businesses":{"__deferred":{"uri":"https://ws.parlament.ch/OData.svc/Transcript(ID=46770L,Language='DE')/Businesses"}},"ID":"46770","Language":"DE","IdSubject":"7887","VoteId":null,"PersonNumber":194,"Type":1,"Text":"<pd_text><p><i>Abstimmung - Vote</i></p>\n<p>F\u00fcr den Antrag der Minderheit .... 10 Stimmen</p>\n<p>Dagegen .... 27 Stimmen</p>\n<p>[VS]</p>\n<p><b>Art. 25</b></p>\n<p><i>Antrag der Kommission</i></p>\n<p><i>Abs. 1</i></p>\n<p>....</p>\n<p>a. ein Tier misshandelt, vernachl\u00e4ssigt oder es unn\u00f6tig \u00fcberanstrengt;</p>\n<p>....</p>\n<p>e. ein im Haus oder im Betrieb gehaltenes Tier aussetzt oder zur\u00fcckl\u00e4sst in der Absicht, sich seiner zu entledigen.</p>\n<p><i>Abs. 2</i></p>\n<p>Zustimmung zum Entwurf des Bundesrates</p>\n<p>[VS]</p>\n<p><b>Art. 25</b></p>\n<p><i>Proposition de la commission</i></p>\n<p><i>Al. 1</i></p>\n<p>....</p>\n<p>a. aura maltrait\u00e9 un animal, l'aura n\u00e9glig\u00e9 ou surmen\u00e9 inutilement;</p>\n<p>....</p>\n<p>e. aura abandonn\u00e9 ou l\u00e2ch\u00e9 un animal domestique ou un animal d\u00e9tenu dans une exploitation, dans l'intention de s'en d\u00e9faire.</p>\n<p><i>Al. 2</i></p>\n<p>Adh\u00e9rer au projet du Conseil f\u00e9d\u00e9ral</p>\n</pd_text>","MeetingCouncilAbbreviation":"S","MeetingDate":"20041006","MeetingVerbalixOid":1238,"IdSession":"4705","SpeakerFirstName":"Fritz","SpeakerLastName":"Schiesser","SpeakerFullName":"Schiesser Fritz","SpeakerFunction":"P-M","CouncilId":2,"CouncilName":"St\u00e4nderat","CantonId":8,"CantonName":"Glarus","CantonAbbreviation":"GL","ParlGroupName":"Freisinnig-demokratische Fraktion","ParlGroupAbbreviation":"RL","SortOrder":20,"Start":"\/Date(1097061736250)\/","End":"\/Date(1097061785550)\/","Function":"P-M","DisplaySpeaker":false,"LanguageOfText":null,"Modified":"\/Date(1538734968877)\/","StartTimeWithTimezone":"\/Date(1097061736250+0120)\/","EndTimeWithTimezone":"\/Date(1097061785550+0120)\/","VoteBusinessNumber":null,"VoteBusinessShortNumber":null,"VoteBusinessTitle":null},{"__metadata":{"id":"https://ws.parlament.ch/OData.svc/Transcript(ID=46771L,Language='DE')","uri":"https://ws.parlament.ch/OData.svc/Transcript(ID=46771L,Language='DE')","type":"itsystems.Pd.DataServices.DataModel.Transcript"},"Subjects":{"__deferred":{"uri":"https://ws.parlament.ch/OData.svc/Transcript(ID=46771L,Language='DE')/Subjects"}},"MembersCouncil":{"__deferred":{"uri":"https://ws.parlament.ch/OData.svc/Transcript(ID=46771L,Language='DE')/MembersCouncil"}},"Businesses":{"__deferred":{"uri":"https://ws.parlament.ch/OData.svc/Transcript(ID=46771L,Language='DE')/Businesses"}},"ID":"46771","Language":"DE","IdSubject":"7887","VoteId":null,"PersonNumber":280,"Type":1,"Text":"<pd_text><p>Zu dieser Strafbestimmung muss man vielleicht allgemein bemerken, dass wir im Prinzip die Bestimmung des heutigen Gesetzes wieder aufnehmen. Die Strafnormen sind im \u00dcbrigen z. B. mit dem Umweltschutzgesetz vergleichbar. Auch wenn die Strafen ein wenig hoch erscheinen, besteht das Gleiche im Umweltschutzgesetz.</p>\n<p>In Artikel 25 geht es um Tierqu\u00e4lerei. Diese gibt es leider immer noch, wie es jetzt eben geschildert wurde. Z. B. stellt der sexuelle Umgang mit Tieren eine Misshandlung und eigentlich auch die \u00fcbelste W\u00fcrdeverletzung dar. Dieser [PAGE 616] Straftatbestand w\u00fcrde unter Absatz 1 Buchstabe a fallen. Bei Buchstabe a haben wir erneut das Wort \"stark\" gestrichen. Ich bitte Sie, die deutsche Version zu ber\u00fccksichtigen; im franz\u00f6sischen Text haben wir den Satz mit \"dignit\u00e9\" nicht gestrichen.</p>\n<p>Buchstabe e haben wir eingef\u00fchrt, um es zu erlauben, Leute zu bestrafen, die, wenn sie ihrer Tiere \u00fcberdr\u00fcssig sind, diese z. B. aussetzen, bevor sie in die Ferien reisen. Dieser Tatbestand wurde auch in den Tierschutzgesetzen in den umliegenden Staaten unter Strafandrohung gestellt, also wenigstens in jenen Staaten, die ein Tierschutzgesetz haben. Demnach wurden wir fast gezwungen, dasselbe zu tun.</p>\n</pd_text>","MeetingCouncilAbbreviation":"S","MeetingDate":"20041006","MeetingVerbalixOid":1238,"IdSession":"4705","SpeakerFirstName":"Christiane","SpeakerLastName":"Langenberger","SpeakerFullName":"Langenberger Christiane","SpeakerFunction":"Mit-F","CouncilId":2,"CouncilName":"St\u00e4nderat","CantonId":22,"CantonName":"Waadt","CantonAbbreviation":"VD","ParlGroupName":"Freisinnig-demokratische Fraktion","ParlGroupAbbreviation":"RL","SortOrder":21,"Start":"\/Date(1097061785550)\/","End":"\/Date(1097061854657)\/","Function":"*","DisplaySpeaker":true,"LanguageOfText":"DE","Modified":"\/Date(1538734968877)\/","StartTimeWithTimezone":"\/Date(1097061785550+0120)\/","EndTimeWithTimezone":"\/Date(1097061854657+0120)\/","VoteBusinessNumber":null,"VoteBusinessShortNumber":null,"VoteBusinessTitle":null},{"__metadata":{"id":"https://ws.parlament.ch/OData.svc/Transcript(ID=46772L,Language='DE')","uri":"https://ws.parlament.ch/OData.svc/Transcript(ID=46772L,Language='DE')","type":"itsystems.Pd.DataServices.DataModel.Transcript"},"Subjects":{"__deferred":{"uri":"https://ws.parlament.ch/OData.svc/Transcript(ID=46772L,Language='DE')/Subjects"}},"MembersCouncil":{"__deferred":{"uri":"https://ws.parlament.ch/OData.svc/Transcript(ID=46772L,Language='DE')/MembersCouncil"}},"Businesses":{"__deferred":{"uri":"https://ws.parlament.ch/OData.svc/Transcript(ID=46772L,Language='DE')/Businesses"}},"ID":"46772","Language":"DE","IdSubject":"7887","VoteId":null,"PersonNumber":58,"Type":1,"Text":"<pd_text><p>Le Conseil f\u00e9d\u00e9ral vous propose, dans sa version, de punir aussi l'atteinte \u00e0 la dignit\u00e9 de l'animal. Il part de l'id\u00e9e que l'article 1 de la loi vise deux aspects principaux qui sont, d'une part, le bien-\u00eatre de l'animal - diverses actions qui pourraient nuire \u00e0 son bien-\u00eatre sont mentionn\u00e9es ici -, et d'autre part la dignit\u00e9 de l'animal. Il estime par cons\u00e9quent que des infractions par rapport \u00e0 la dignit\u00e9 sont aussi punissables et doivent \u00eatre mentionn\u00e9es \u00e0 l'article 25 alin\u00e9a 1 lettre a.</p>\n</pd_text>","MeetingCouncilAbbreviation":"S","MeetingDate":"20041006","MeetingVerbalixOid":1238,"IdSession":"4705","SpeakerFirstName":"Joseph","SpeakerLastName":"Deiss","SpeakerFullName":"Deiss Joseph","SpeakerFunction":"BPR-M","CouncilId":99,"CouncilName":"Bundesrat","CantonId":10,"CantonName":"Freiburg","CantonAbbreviation":"FR","ParlGroupName":null,"ParlGroupAbbreviation":null,"SortOrder":22,"Start":"\/Date(1097061854657)\/","End":"\/Date(1097061924310)\/","Function":"BPR-M","DisplaySpeaker":true,"LanguageOfText":"FR","Modified":"\/Date(1538734968877)\/","StartTimeWithTimezone":"\/Date(1097061854657+0120)\/","EndTimeWithTimezone":"\/Date(1097061924310+0120)\/","VoteBusinessNumber":null,"VoteBusinessShortNumber":null,"VoteBusinessTitle":null},{"__metadata":{"id":"https://ws.parlament.ch/OData.svc/Transcript(ID=46773L,Language='DE')","uri":"https://ws.parlament.ch/OData.svc/Transcript(ID=46773L,Language='DE')","type":"itsystems.Pd.DataServices.DataModel.Transcript"},"Subjects":{"__deferred":{"uri":"https://ws.parlament.ch/OData.svc/Transcript(ID=46773L,Language='DE')/Subjects"}},"MembersCouncil":{"__deferred":{"uri":"https://ws.parlament.ch/OData.svc/Transcript(ID=46773L,Language='DE')/MembersCouncil"}},"Businesses":{"__deferred":{"uri":"https://ws.parlament.ch/OData.svc/Transcript(ID=46773L,Language='DE')/Businesses"}},"ID":"46773","Language":"DE","IdSubject":"7887","VoteId":null,"PersonNumber":194,"Type":1,"Text":"<pd_text><p>Der Bundesrat h\u00e4lt an seinem Antrag fest.</p>\n<p>[VS]</p>\n<p><i>Abstimmung - Vote</i></p>\n<p>F\u00fcr den Antrag der Kommission .... 26 Stimmen</p>\n<p>(Einstimmigkeit)</p>\n<p>[VS]</p>\n<p><b>Art. 26-30</b></p>\n<p><i>Antrag der Kommission</i></p>\n<p>Zustimmung zum Entwurf des Bundesrates</p>\n<p><i>Proposition de la commission</i></p>\n<p>Adh\u00e9rer au projet du Conseil f\u00e9d\u00e9ral</p>\n<p>[VS]</p>\n<p><i>Angenommen - Adopt\u00e9</i></p>\n<p>[VS]</p>\n<p><b>Art. 31</b></p>\n<p><i>Antrag der Kommission</i></p>\n<p>Zustimmung zum Entwurf des Bundesrates</p>\n<p><i>Proposition de la commission</i></p>\n<p>Adh\u00e9rer au projet du Conseil f\u00e9d\u00e9ral</p>\n</pd_text>","MeetingCouncilAbbreviation":"S","MeetingDate":"20041006","MeetingVerbalixOid":1238,"IdSession":"4705","SpeakerFirstName":"Fritz","SpeakerLastName":"Schiesser","SpeakerFullName":"Schiesser Fritz","SpeakerFunction":"P-M","CouncilId":2,"CouncilName":"St\u00e4nderat","CantonId":8,"CantonName":"Glarus","CantonAbbreviation":"GL","ParlGroupName":"Freisinnig-demokratische Fraktion","ParlGroupAbbreviation":"RL","SortOrder":23,"Start":"\/Date(1097061924310)\/","End":"\/Date(1097062086877)\/","Function":"P-M","DisplaySpeaker":true,"LanguageOfText":"DE","Modified":"\/Date(1538734968877)\/","StartTimeWithTimezone":"\/Date(1097061924310+0120)\/","EndTimeWithTimezone":"\/Date(1097062086877+0120)\/","VoteBusinessNumber":null,"VoteBusinessShortNumber":null,"VoteBusinessTitle":null},{"__metadata":{"id":"https://ws.parlament.ch/OData.svc/Transcript(ID=46774L,Language='DE')","uri":"https://ws.parlament.ch/OData.svc/Transcript(ID=46774L,Language='DE')","type":"itsystems.Pd.DataServices.DataModel.Transcript"},"Subjects":{"__deferred":{"uri":"https://ws.parlament.ch/OData.svc/Transcript(ID=46774L,Language='DE')/Subjects"}},"MembersCouncil":{"__deferred":{"uri":"https://ws.parlament.ch/OData.svc/Transcript(ID=46774L,Language='DE')/MembersCouncil"}},"Businesses":{"__deferred":{"uri":"https://ws.parlament.ch/OData.svc/Transcript(ID=46774L,Language='DE')/Businesses"}},"ID":"46774","Language":"DE","IdSubject":"7887","VoteId":null,"PersonNumber":280,"Type":1,"Text":"<pd_text><p>Es geht hier um die Regelung des Vollzugs durch Bund und Kantone. Neu k\u00f6nnen die Kantone den Vollzug regionalisieren. Aus Landwirtschaftskreisen ist der Wunsch gekommen, diese Kontrollen h\u00e4tten koordiniert zu erfolgen. Nun wurde bereits im Rahmen der \"Agrarpolitik 2007\" Artikel 181 in das Landwirtschaftsgesetz eingef\u00fcgt. Dieser schreibt vor, dass die beh\u00f6rdlichen Kontrollen in Landwirtschaftsbetrieben koordiniert erfolgen m\u00fcssen. Das ist eine zwingende Bestimmung. Keinen Einfluss haben wir hingegen bei den Label-Kontrollen, denn diese werden durch private Organisationen durchgef\u00fchrt.</p>\n</pd_text>","MeetingCouncilAbbreviation":"S","MeetingDate":"20041006","MeetingVerbalixOid":1238,"IdSession":"4705","SpeakerFirstName":"Christiane","SpeakerLastName":"Langenberger","SpeakerFullName":"Langenberger Christiane","SpeakerFunction":"Mit-F","CouncilId":2,"CouncilName":"St\u00e4nderat","CantonId":22,"CantonName":"Waadt","CantonAbbreviation":"VD","ParlGroupName":"Freisinnig-demokratische Fraktion","ParlGroupAbbreviation":"RL","SortOrder":24,"Start":"\/Date(1097062086877)\/","End":"\/Date(1097062129883)\/","Function":"*","DisplaySpeaker":true,"LanguageOfText":"DE","Modified":"\/Date(1538734968877)\/","StartTimeWithTimezone":"\/Date(1097062086877+0120)\/","EndTimeWithTimezone":"\/Date(1097062129883+0120)\/","VoteBusinessNumber":null,"VoteBusinessShortNumber":null,"VoteBusinessTitle":null}]},"ID":"7887","Language":"DE","IdMeeting":"568","VerbalixOid":112156,"SortOrder":6,"Modified":"\/Date(1538734968847)\/"}}