{"d":{"__metadata":{"id":"https://ws.parlament.ch/OData.svc/Subject(ID=78L,Language='DE')","uri":"https://ws.parlament.ch/OData.svc/Subject(ID=78L,Language='DE')","type":"itsystems.Pd.DataServices.DataModel.Subject"},"Meetings":{"__metadata":{"id":"https://ws.parlament.ch/OData.svc/Meeting(ID=7L,Language='DE')","uri":"https://ws.parlament.ch/OData.svc/Meeting(ID=7L,Language='DE')","type":"itsystems.Pd.DataServices.DataModel.Meeting"},"Sessions":{"__deferred":{"uri":"https://ws.parlament.ch/OData.svc/Meeting(ID=7L,Language='DE')/Sessions"}},"Subjects":{"__deferred":{"uri":"https://ws.parlament.ch/OData.svc/Meeting(ID=7L,Language='DE')/Subjects"}},"ID":"7","Language":"DE","MeetingNumber":7,"IdSession":4601,"SessionNumber":1,"SessionName":"Wintersession 1999","Council":1,"CouncilName":"Nationalrat","CouncilAbbreviation":"NR","Date":"\/Date(945302400000)\/","Begin":"0800","Modified":"\/Date(1490879017803)\/","LegislativePeriodNumber":46,"PublicationStatus":"final","MeetingOrderText":"Siebte Sitzung","SortOrder":7,"Location":"N"},"SubjectsBusiness":{"results":[{"__metadata":{"id":"https://ws.parlament.ch/OData.svc/SubjectBusiness(BusinessNumber=19920437,IdSubject=78L,Language='DE')","uri":"https://ws.parlament.ch/OData.svc/SubjectBusiness(BusinessNumber=19920437,IdSubject=78L,Language='DE')","type":"itsystems.Pd.DataServices.DataModel.SubjectBusiness"},"Subjects":{"__deferred":{"uri":"https://ws.parlament.ch/OData.svc/SubjectBusiness(BusinessNumber=19920437,IdSubject=78L,Language='DE')/Subjects"}},"Businesses":{"__deferred":{"uri":"https://ws.parlament.ch/OData.svc/SubjectBusiness(BusinessNumber=19920437,IdSubject=78L,Language='DE')/Businesses"}},"IdSubject":"78","BusinessNumber":19920437,"Language":"DE","BusinessShortNumber":"92.437","Title":"Tier keine Sache","SortOrder":1,"PublishedNotes":"Ordnungsantrag - Motion d'ordre\n","Modified":"\/Date(1447069078130)\/","TitleDE":"Parlamentarische Initiative\nLoeb Fran\u00e7ois.\n\"Tier keine Sache\"","TitleFR":"Initiative parlementaire\nLoeb Fran\u00e7ois.\n\"L'animal, \u00eatre vivant\"","TitleIT":null},{"__metadata":{"id":"https://ws.parlament.ch/OData.svc/SubjectBusiness(BusinessNumber=19930459,IdSubject=78L,Language='DE')","uri":"https://ws.parlament.ch/OData.svc/SubjectBusiness(BusinessNumber=19930459,IdSubject=78L,Language='DE')","type":"itsystems.Pd.DataServices.DataModel.SubjectBusiness"},"Subjects":{"__deferred":{"uri":"https://ws.parlament.ch/OData.svc/SubjectBusiness(BusinessNumber=19930459,IdSubject=78L,Language='DE')/Subjects"}},"Businesses":{"__deferred":{"uri":"https://ws.parlament.ch/OData.svc/SubjectBusiness(BusinessNumber=19930459,IdSubject=78L,Language='DE')/Businesses"}},"IdSubject":"78","BusinessNumber":19930459,"Language":"DE","BusinessShortNumber":"93.459","Title":"Wirbeltiere. Gesetzliche Bestimmungen","SortOrder":2,"PublishedNotes":"Ordnungsantrag - Motion d'ordre\n","Modified":"\/Date(1447069078390)\/","TitleDE":"Parlamentarische Initiative\nSandoz Suzette.\nWirbeltiere.\nGesetzliche Bestimmungen","TitleFR":"Initiative parlementaire\nSandoz Suzette.\nAnimaux vert\u00e9br\u00e9s.\nDispositions particuli\u00e8res","TitleIT":null}]},"Transcripts":{"results":[{"__metadata":{"id":"https://ws.parlament.ch/OData.svc/Transcript(ID=508L,Language='DE')","uri":"https://ws.parlament.ch/OData.svc/Transcript(ID=508L,Language='DE')","type":"itsystems.Pd.DataServices.DataModel.Transcript"},"Subjects":{"__deferred":{"uri":"https://ws.parlament.ch/OData.svc/Transcript(ID=508L,Language='DE')/Subjects"}},"MembersCouncil":{"__deferred":{"uri":"https://ws.parlament.ch/OData.svc/Transcript(ID=508L,Language='DE')/MembersCouncil"}},"Businesses":{"__deferred":{"uri":"https://ws.parlament.ch/OData.svc/Transcript(ID=508L,Language='DE')/Businesses"}},"ID":"508","Language":"DE","IdSubject":"78","VoteId":"84","PersonNumber":null,"Type":2,"Text":"<pd_text><p><i>Abstimmung - Vote</i></p>\n<p>[NAM]</p>\n<p>F\u00fcr den Ordnungsantrag Suter .... 79 Stimmen</p>\n<p>Dagegen .... 85 Stimmen</p>\n<p>[VS]</p>\n</pd_text>","MeetingCouncilAbbreviation":"N","MeetingDate":"19991216","MeetingVerbalixOid":643,"IdSession":"4601","SpeakerFirstName":null,"SpeakerLastName":null,"SpeakerFullName":"","SpeakerFunction":null,"CouncilId":null,"CouncilName":null,"CantonId":null,"CantonName":null,"CantonAbbreviation":null,"ParlGroupName":null,"ParlGroupAbbreviation":null,"SortOrder":11,"Start":"\/Date(945334923883)\/","End":"\/Date(945335018102)\/","Function":null,"DisplaySpeaker":null,"LanguageOfText":"DE","Modified":"\/Date(1774878282007)\/","StartTimeWithTimezone":"\/Date(945334923883+0060)\/","EndTimeWithTimezone":"\/Date(945335018103+0060)\/","VoteBusinessNumber":19920437,"VoteBusinessShortNumber":"92.437","VoteBusinessTitle":"Parlamentarische Initiative\nLoeb Fran\u00e7ois.\n\"Tier keine Sache\""},{"__metadata":{"id":"https://ws.parlament.ch/OData.svc/Transcript(ID=509L,Language='DE')","uri":"https://ws.parlament.ch/OData.svc/Transcript(ID=509L,Language='DE')","type":"itsystems.Pd.DataServices.DataModel.Transcript"},"Subjects":{"__deferred":{"uri":"https://ws.parlament.ch/OData.svc/Transcript(ID=509L,Language='DE')/Subjects"}},"MembersCouncil":{"__deferred":{"uri":"https://ws.parlament.ch/OData.svc/Transcript(ID=509L,Language='DE')/MembersCouncil"}},"Businesses":{"__deferred":{"uri":"https://ws.parlament.ch/OData.svc/Transcript(ID=509L,Language='DE')/Businesses"}},"ID":"509","Language":"DE","IdSubject":"78","VoteId":null,"PersonNumber":501,"Type":1,"Text":"<pd_text><p>Vous vous souvenez que le groupe lib\u00e9ral a vot\u00e9 l'entr\u00e9e en mati\u00e8re sur les deux initiatives parlementaires, notamment du fait que l'un des deux projets avait \u00e9t\u00e9 d\u00e9pos\u00e9 par notre ancienne coll\u00e8gue, Suzette Sandoz. N\u00e9anmoins, la majorit\u00e9 de notre Conseil a tr\u00e8s clairement refus\u00e9 d'entrer en mati\u00e8re. M\u00eame si cette d\u00e9cision ne va pas dans notre sens, nous estimons qu'il n'est absolument pas justifi\u00e9 de revenir en arri\u00e8re sur un vote aussi clair de notre Chambre, et nous nous plierons donc \u00e0 cette [PAGE 2540] d\u00e9cision. Nous ne pouvons pas imaginer que, chaque fois que notre Conseil vote quelque chose qui ne convient pas \u00e0 une minorit\u00e9, on revienne sur le vote qui a eu lieu.</p>\n</pd_text>","MeetingCouncilAbbreviation":"N","MeetingDate":"19991216","MeetingVerbalixOid":643,"IdSession":"4601","SpeakerFirstName":"Barbara","SpeakerLastName":"Polla","SpeakerFullName":"Polla Barbara","SpeakerFunction":"","CouncilId":1,"CouncilName":"Nationalrat","CantonId":25,"CantonName":"Genf","CantonAbbreviation":"GE","ParlGroupName":"Liberale Fraktion","ParlGroupAbbreviation":"L","SortOrder":10,"Start":"\/Date(945334878461)\/","End":"\/Date(945334923883)\/","Function":"","DisplaySpeaker":true,"LanguageOfText":"FR","Modified":"\/Date(1774878282003)\/","StartTimeWithTimezone":"\/Date(945334878460+0060)\/","EndTimeWithTimezone":"\/Date(945334923883+0060)\/","VoteBusinessNumber":null,"VoteBusinessShortNumber":null,"VoteBusinessTitle":null},{"__metadata":{"id":"https://ws.parlament.ch/OData.svc/Transcript(ID=510L,Language='DE')","uri":"https://ws.parlament.ch/OData.svc/Transcript(ID=510L,Language='DE')","type":"itsystems.Pd.DataServices.DataModel.Transcript"},"Subjects":{"__deferred":{"uri":"https://ws.parlament.ch/OData.svc/Transcript(ID=510L,Language='DE')/Subjects"}},"MembersCouncil":{"__deferred":{"uri":"https://ws.parlament.ch/OData.svc/Transcript(ID=510L,Language='DE')/MembersCouncil"}},"Businesses":{"__deferred":{"uri":"https://ws.parlament.ch/OData.svc/Transcript(ID=510L,Language='DE')/Businesses"}},"ID":"510","Language":"DE","IdSubject":"78","VoteId":null,"PersonNumber":205,"Type":1,"Text":"<pd_text><p><b>Pr\u00e4sident </b>(Seiler Hanspeter, Pr\u00e4sident): Die evangelische und unabh\u00e4ngige Fraktion l\u00e4sst mitteilen, dass sie den Ordnungsantrag Suter unterst\u00fctzt. </p>\n</pd_text>","MeetingCouncilAbbreviation":"N","MeetingDate":"19991216","MeetingVerbalixOid":643,"IdSession":"4601","SpeakerFirstName":"Hanspeter","SpeakerLastName":"Seiler","SpeakerFullName":"Seiler Hanspeter","SpeakerFunction":"P-M","CouncilId":1,"CouncilName":"Nationalrat","CantonId":2,"CantonName":"Bern","CantonAbbreviation":"BE","ParlGroupName":"Fraktion der Schweizerischen Volkspartei","ParlGroupAbbreviation":"V","SortOrder":9,"Start":"\/Date(945334859539)\/","End":"\/Date(945334878461)\/","Function":"P-M","DisplaySpeaker":false,"LanguageOfText":null,"Modified":"\/Date(1774878282002)\/","StartTimeWithTimezone":"\/Date(945334859540+0060)\/","EndTimeWithTimezone":"\/Date(945334878460+0060)\/","VoteBusinessNumber":null,"VoteBusinessShortNumber":null,"VoteBusinessTitle":null},{"__metadata":{"id":"https://ws.parlament.ch/OData.svc/Transcript(ID=511L,Language='DE')","uri":"https://ws.parlament.ch/OData.svc/Transcript(ID=511L,Language='DE')","type":"itsystems.Pd.DataServices.DataModel.Transcript"},"Subjects":{"__deferred":{"uri":"https://ws.parlament.ch/OData.svc/Transcript(ID=511L,Language='DE')/Subjects"}},"MembersCouncil":{"__deferred":{"uri":"https://ws.parlament.ch/OData.svc/Transcript(ID=511L,Language='DE')/MembersCouncil"}},"Businesses":{"__deferred":{"uri":"https://ws.parlament.ch/OData.svc/Transcript(ID=511L,Language='DE')/Businesses"}},"ID":"511","Language":"DE","IdSubject":"78","VoteId":null,"PersonNumber":334,"Type":1,"Text":"<pd_text><p>Das Problem lag doch darin, dass weder in der Kommission f\u00fcr Rechtsfragen noch im B\u00fcro Opposition angemeldet wurde. Man konnte davon ausgehen, dass dieses Gesch\u00e4ft unbestritten ist. Darum war es seitens des B\u00fcros vern\u00fcnftig, dass man keine lange Eintretensdebatte halten sollte, um Zeit zu sparen. Darum ist es, in Dialekt gesprochen, \"fies\", wenn Herr Baader kommt und hierzu - gleichsam \u00fcber Nacht - einen Nichteintretensantrag stellt.</p>\n<p>In diesem Sinne ist die Frage, ob es eine Verweigerung war, falsch gestellt. Es ist schlechter politischer Stil, die Opposition nicht vorher anzumelden, sondern damit erst hier zu kommen und sowohl das B\u00fcro als auch die Kommission f\u00fcr Rechtsfragen zu t\u00e4uschen!</p>\n</pd_text>","MeetingCouncilAbbreviation":"N","MeetingDate":"19991216","MeetingVerbalixOid":643,"IdSession":"4601","SpeakerFirstName":"Erwin","SpeakerLastName":"Jutzet","SpeakerFullName":"Jutzet Erwin","SpeakerFunction":"","CouncilId":1,"CouncilName":"Nationalrat","CantonId":10,"CantonName":"Freiburg","CantonAbbreviation":"FR","ParlGroupName":"Sozialdemokratische Fraktion","ParlGroupAbbreviation":"S","SortOrder":8,"Start":"\/Date(945334807633)\/","End":"\/Date(945334859539)\/","Function":"","DisplaySpeaker":true,"LanguageOfText":"DE","Modified":"\/Date(1774878282000)\/","StartTimeWithTimezone":"\/Date(945334807633+0060)\/","EndTimeWithTimezone":"\/Date(945334859540+0060)\/","VoteBusinessNumber":null,"VoteBusinessShortNumber":null,"VoteBusinessTitle":null},{"__metadata":{"id":"https://ws.parlament.ch/OData.svc/Transcript(ID=512L,Language='DE')","uri":"https://ws.parlament.ch/OData.svc/Transcript(ID=512L,Language='DE')","type":"itsystems.Pd.DataServices.DataModel.Transcript"},"Subjects":{"__deferred":{"uri":"https://ws.parlament.ch/OData.svc/Transcript(ID=512L,Language='DE')/Subjects"}},"MembersCouncil":{"__deferred":{"uri":"https://ws.parlament.ch/OData.svc/Transcript(ID=512L,Language='DE')/MembersCouncil"}},"Businesses":{"__deferred":{"uri":"https://ws.parlament.ch/OData.svc/Transcript(ID=512L,Language='DE')/Businesses"}},"ID":"512","Language":"DE","IdSubject":"78","VoteId":null,"PersonNumber":361,"Type":1,"Text":"<pd_text><p>Herr Jutzet, Sie haben nun die Behauptung aufgestellt, das Parlament h\u00e4tte in dieser Frage das Gespr\u00e4ch nicht gewollt und die Diskussion nicht f\u00fchren wollen. Ich stelle fest, dass das B\u00fcro f\u00fcr das Gesch\u00e4ft Kategorie IV beschlossen hat und dass niemand in diesem Saal dagegen opponiert hat. Finden Sie nun wirklich, das Parlament habe die Diskussion verweigert, wenn alle in diesem Saal der Kategorie IV zugestimmt haben?</p>\n</pd_text>","MeetingCouncilAbbreviation":"N","MeetingDate":"19991216","MeetingVerbalixOid":643,"IdSession":"4601","SpeakerFirstName":"Georges","SpeakerLastName":"Theiler","SpeakerFullName":"Theiler Georges","SpeakerFunction":"","CouncilId":1,"CouncilName":"Nationalrat","CantonId":3,"CantonName":"Luzern","CantonAbbreviation":"LU","ParlGroupName":"Freisinnig-demokratische Fraktion","ParlGroupAbbreviation":"RL","SortOrder":7,"Start":"\/Date(945334772602)\/","End":"\/Date(945334807633)\/","Function":"","DisplaySpeaker":true,"LanguageOfText":"DE","Modified":"\/Date(1774878281999)\/","StartTimeWithTimezone":"\/Date(945334772603+0060)\/","EndTimeWithTimezone":"\/Date(945334807633+0060)\/","VoteBusinessNumber":null,"VoteBusinessShortNumber":null,"VoteBusinessTitle":null},{"__metadata":{"id":"https://ws.parlament.ch/OData.svc/Transcript(ID=513L,Language='DE')","uri":"https://ws.parlament.ch/OData.svc/Transcript(ID=513L,Language='DE')","type":"itsystems.Pd.DataServices.DataModel.Transcript"},"Subjects":{"__deferred":{"uri":"https://ws.parlament.ch/OData.svc/Transcript(ID=513L,Language='DE')/Subjects"}},"MembersCouncil":{"__deferred":{"uri":"https://ws.parlament.ch/OData.svc/Transcript(ID=513L,Language='DE')/MembersCouncil"}},"Businesses":{"__deferred":{"uri":"https://ws.parlament.ch/OData.svc/Transcript(ID=513L,Language='DE')/Businesses"}},"ID":"513","Language":"DE","IdSubject":"78","VoteId":null,"PersonNumber":334,"Type":1,"Text":"<pd_text><p>Herr Baader hat bereits eine Eintretensdebatte lanciert. Er hat sehr materiell diskutiert. Geben Sie uns doch diese M\u00f6glichkeit bitte auch, damit wir ihm antworten k\u00f6nnen, und verweigern Sie diese Diskussion nicht.</p>\n<p>Zur Frage, ob das ein Betriebsunfall war oder nicht: Ich erinnere daran, dass wir die Vorlage in der ersten Woche dieser Wintersession behandelt haben, als viele Parlamentarierinnen und Parlamentarier neu waren und mit dem Piepser vielleicht noch nicht so gut umgehen konnten. Ich selber war zu diesem Zeitpunkt in der Wandelhalle, und es hat nur ein einziges Mal gel\u00e4utet. Geben Sie uns die M\u00f6glichkeit zu diskutieren.</p>\n<p>Ich erinnere daran, dass diese Parlamentarische Initiative von einem Freisinnigen, Herrn Kollege Loeb, eingereicht worden war und dass sich Frau Sandoz dagegen ausgesprochen hatte. Es gab dann w\u00e4hrend Jahren Diskussionen. W\u00e4hrend Dutzenden von Stunden wurde in Subkommissionen diskutiert, und es kam zu einem tragbaren Kompromiss, der in der Kommission f\u00fcr Rechtsfragen \u00fcberhaupt nicht bestritten war. Diese Diskussion k\u00f6nnen Sie nicht einfach abklemmen, indem Sie sagen, man wolle sich \u00fcber dieses Thema nicht streiten. Wenn Sie nach der Diskussion zum Ergebnis kommen, dass das keine gute Vorlage ist, k\u00f6nnen Sie immer noch nein sagen.</p>\n<p>Aber es ist kein guter Stil, Herr Baader, in der Kommission keine Opposition anzumelden, nicht gegen die Vorlage zu stimmen und uns dann hier in den R\u00fccken zu fallen und Nichteintreten zu beantragen. Wo f\u00fchrt das hin? Die Leute sollen ihre Opposition doch in der Kommission ausdr\u00fccken und nicht im Rat einen \"Staatsstreich\" ver\u00fcben.</p>\n<p>Ich bitte Sie also, die Diskussion nicht zu verweigern, die Vorlage wirklich zu diskutieren und dann zu entscheiden.</p>\n</pd_text>","MeetingCouncilAbbreviation":"N","MeetingDate":"19991216","MeetingVerbalixOid":643,"IdSession":"4601","SpeakerFirstName":"Erwin","SpeakerLastName":"Jutzet","SpeakerFullName":"Jutzet Erwin","SpeakerFunction":"","CouncilId":1,"CouncilName":"Nationalrat","CantonId":10,"CantonName":"Freiburg","CantonAbbreviation":"FR","ParlGroupName":"Sozialdemokratische Fraktion","ParlGroupAbbreviation":"S","SortOrder":6,"Start":"\/Date(945334649883)\/","End":"\/Date(945334772602)\/","Function":"","DisplaySpeaker":true,"LanguageOfText":"DE","Modified":"\/Date(1774878281997)\/","StartTimeWithTimezone":"\/Date(945334649883+0060)\/","EndTimeWithTimezone":"\/Date(945334772603+0060)\/","VoteBusinessNumber":null,"VoteBusinessShortNumber":null,"VoteBusinessTitle":null},{"__metadata":{"id":"https://ws.parlament.ch/OData.svc/Transcript(ID=514L,Language='DE')","uri":"https://ws.parlament.ch/OData.svc/Transcript(ID=514L,Language='DE')","type":"itsystems.Pd.DataServices.DataModel.Transcript"},"Subjects":{"__deferred":{"uri":"https://ws.parlament.ch/OData.svc/Transcript(ID=514L,Language='DE')/Subjects"}},"MembersCouncil":{"__deferred":{"uri":"https://ws.parlament.ch/OData.svc/Transcript(ID=514L,Language='DE')/MembersCouncil"}},"Businesses":{"__deferred":{"uri":"https://ws.parlament.ch/OData.svc/Transcript(ID=514L,Language='DE')/Businesses"}},"ID":"514","Language":"DE","IdSubject":"78","VoteId":null,"PersonNumber":113,"Type":1,"Text":"<pd_text><p>Als Mitglied der Subkommission, die f\u00fcnf Jahre an diesem Entwurf gearbeitet hat, und im Namen der Gr\u00fcnen bitte ich Sie, den Ordnungsantrag Suter anzunehmen und auf die Diskussion einzutreten.</p>\n<p>Ich m\u00f6chte auf einen Punkt hinweisen, der jetzt noch nicht genannt wurde: Es ist in dieser Sache eine Volksinitiative angek\u00fcndigt. Eines kann ich Ihnen versichern: Wenn wir nicht eintreten, die Diskussion nicht f\u00fchren, dann wird die Volksinitiative m\u00f6glicherweise einen strengeren, nicht so liberalen Entwurf bringen, und die Volksinitiative wird dann von der Bev\u00f6lkerung angenommen werden.</p>\n<p>Wenn Sie also mitbestimmen wollen, dass Sie eine nicht allzu strenge Formulierung haben, dann treten Sie besser auf die Diskussion ein. Die einzelnen Formulierungen k\u00f6nnen Sie ja abschw\u00e4chen. Sie k\u00f6nnen z. B. dem schw\u00e4cheren Antrag der Kommissionsmehrheit zustimmen und m\u00fcssen nicht die Minderheitsantr\u00e4ge annehmen.</p>\n<p>Ich bitte Sie in diesem Sinne, die Diskussion nicht zu verweigern. Es geht einfach nicht, nach so vielen Jahren Arbeit - eine grosse Vernehmlassung wurde schweizweit gemacht! - jetzt nicht einmal auf die Diskussion einzutreten.</p>\n</pd_text>","MeetingCouncilAbbreviation":"N","MeetingDate":"19991216","MeetingVerbalixOid":643,"IdSession":"4601","SpeakerFirstName":"Pia","SpeakerLastName":"Hollenstein","SpeakerFullName":"Hollenstein Pia","SpeakerFunction":"","CouncilId":1,"CouncilName":"Nationalrat","CantonId":17,"CantonName":"St. Gallen","CantonAbbreviation":"SG","ParlGroupName":"Gr\u00fcne Fraktion","ParlGroupAbbreviation":"G","SortOrder":5,"Start":"\/Date(945334555211)\/","End":"\/Date(945334649883)\/","Function":"","DisplaySpeaker":true,"LanguageOfText":"DE","Modified":"\/Date(1774878281996)\/","StartTimeWithTimezone":"\/Date(945334555210+0060)\/","EndTimeWithTimezone":"\/Date(945334649883+0060)\/","VoteBusinessNumber":null,"VoteBusinessShortNumber":null,"VoteBusinessTitle":null},{"__metadata":{"id":"https://ws.parlament.ch/OData.svc/Transcript(ID=515L,Language='DE')","uri":"https://ws.parlament.ch/OData.svc/Transcript(ID=515L,Language='DE')","type":"itsystems.Pd.DataServices.DataModel.Transcript"},"Subjects":{"__deferred":{"uri":"https://ws.parlament.ch/OData.svc/Transcript(ID=515L,Language='DE')/Subjects"}},"MembersCouncil":{"__deferred":{"uri":"https://ws.parlament.ch/OData.svc/Transcript(ID=515L,Language='DE')/MembersCouncil"}},"Businesses":{"__deferred":{"uri":"https://ws.parlament.ch/OData.svc/Transcript(ID=515L,Language='DE')/Businesses"}},"ID":"515","Language":"DE","IdSubject":"78","VoteId":null,"PersonNumber":404,"Type":1,"Text":"<pd_text><p>Ich bitte Sie, den Ordnungsantrag Suter abzulehnen.</p>\n<p>Zum Ersten wollen Sie ber\u00fccksichtigen, dass der Rat am letzten Montag mit 73 zu 58 Stimmen in dieser Sache klar Nichteintreten beschlossen hat.</p>\n<p>Zum Zweiten muss ich festhalten, dass der Rat hier ordnungsgem\u00e4ss befunden hat. Da die Eintretensdebatte in Kategorie IV stattfand, musste ich meinen Antrag schriftlich - mit Begr\u00fcndung - einreichen. Zu Beginn der Verhandlung, um 14.30 Uhr, lag der Antrag auf Ihrem Pult. Der Rat hatte also bis zur Abstimmung gen\u00fcgend Zeit, meine kurze Begr\u00fcndung und die Fahne zu studieren. Anscheinend hat er dies auch getan, sonst h\u00e4tte er bei diesem Gesch\u00e4ft, das [PAGE 2539] sich in Kategorie IV befand, meinem Nichteintretensantrag nicht Folge geleistet, obschon sich beide Kommissionssprecher gegen meinen Antrag ausgesprochen hatten. Von einem Betriebsunfall kann meiner Meinung nach keine Rede sein.</p>\n<p>Zum Dritten: Herr Kollege Suter, ich bin der Meinung, dass Sie mit dem Ordnungsantrag ein falsches Zeichen setzen. Es kann nicht angehen, dass in diesem Parlament nun in Zukunft immer wieder, wenn jemand bei einem Gesch\u00e4ft abwesend oder unterlegen war, ein R\u00fcckkommensantrag gestellt wird; dies m\u00fcssten wir sonst auch bei anderen Gesch\u00e4ften tun.</p>\n<p>Inhaltlich ging es mir bei meinem Nichteintretensantrag aber um zwei Grundsatzfragen: um eine ethische und eine rechtspolitische.</p>\n<p>Zur ethischen Grundsatzfrage: Als Agronom und begeisterter Halter von Haustieren - einer Katze, drei Ziegen, zwanzig Kaninchen und zwei Bienenv\u00f6lkern - bin ich als Erster der Auffassung, dass alle Tiere artgerecht und mit W\u00fcrde zu behandeln sind. Damit dies gew\u00e4hrleistet ist, geniessen die Tiere ja den speziellen Schutz des Tierschutzgesetzes. Daneben braucht es keine neuen gesetzlichen Bestimmungen. Ich wehre mich entschieden dagegen, dass Tiere mit denselben Massst\u00e4ben wie Menschen gemessen werden.</p>\n<p>Weiter gibt es keinen ethischen Grund daf\u00fcr, f\u00fcr Tiere im h\u00e4uslichen Bereich - dazu geh\u00f6ren nicht nur Hunde und Katzen, sondern auch Fische, Reptilien, V\u00f6gel und Kaninchen - andere Massst\u00e4be anzusetzen als f\u00fcr Nutztiere. Deshalb ist auch nicht einzusehen, weshalb f\u00fcr solche Tiere andere Rechtsgrundlagen zu schaffen sind.</p>\n<p>Zum Rechtlichen: Als praktizierender Anwalt erlaube ich mir, Sie darauf hinzuweisen, dass wir mit dieser Vorlage nur neue Probleme schaffen und keine bisherigen l\u00f6sen. Heute unterscheidet unser Recht zwischen Personen (Rechtssubjekten) und Sachen (Rechtsobjekten) - dazu geh\u00f6ren auch die Tiere. Nun soll eine dritte Kategorie, eine Zwischenkategorie, geschaffen werden: Tiere sollen zwar keine Sachen sein, rechtlich aber - dort, wo nichts anderes bestimmt ist - eben doch wie Sachen zu behandeln sein.</p>\n<p>Dies ist ein eigenartiges Anliegen. Gestatten Sie mir, das an zwei Beispielen darzulegen:</p>\n<p>1. Neu soll es m\u00f6glich sein, einem Tier direkt etwas zu vermachen. Dies weist auf das Tier als Rechtssubjekt hin. Das Verm\u00e4chtnis wird nun aber in eine Auflage umgedeutet - hier zeigt sich wieder, dass dies in Richtung Objekt geht. Dazu brauchen wir keine neue Bestimmung. Schon heute ist es m\u00f6glich, mit einem Testament etwas einer Person zuzuwenden, damit diese f\u00fcr ein Tier sorgt.</p>\n<p>2. Auch beim Scheidungsrecht ist es bereits heute so, dass Tiere im Rahmen des G\u00fcterrechtes zugewiesen werden. Hier muss nicht noch eine spezielle Bestimmung geschaffen werden. </p>\n<p>Diese Beispiele zeigen, dass diese Vorlage nichts zu einer Kl\u00e4rung, vielmehr zur Verunsicherung im Rechtsleben beitr\u00e4gt.</p>\n<p>Ich bitte Sie, den Ordnungsantrag abzulehnen.</p>\n</pd_text>","MeetingCouncilAbbreviation":"N","MeetingDate":"19991216","MeetingVerbalixOid":643,"IdSession":"4601","SpeakerFirstName":"Caspar","SpeakerLastName":"Baader","SpeakerFullName":"Baader Caspar","SpeakerFunction":"","CouncilId":1,"CouncilName":"Nationalrat","CantonId":13,"CantonName":"Basel-Landschaft","CantonAbbreviation":"BL","ParlGroupName":"Fraktion der Schweizerischen Volkspartei","ParlGroupAbbreviation":"V","SortOrder":4,"Start":"\/Date(945334292602)\/","End":"\/Date(945334555211)\/","Function":"","DisplaySpeaker":true,"LanguageOfText":"DE","Modified":"\/Date(1774878281994)\/","StartTimeWithTimezone":"\/Date(945334292603+0060)\/","EndTimeWithTimezone":"\/Date(945334555210+0060)\/","VoteBusinessNumber":null,"VoteBusinessShortNumber":null,"VoteBusinessTitle":null},{"__metadata":{"id":"https://ws.parlament.ch/OData.svc/Transcript(ID=516L,Language='DE')","uri":"https://ws.parlament.ch/OData.svc/Transcript(ID=516L,Language='DE')","type":"itsystems.Pd.DataServices.DataModel.Transcript"},"Subjects":{"__deferred":{"uri":"https://ws.parlament.ch/OData.svc/Transcript(ID=516L,Language='DE')/Subjects"}},"MembersCouncil":{"__deferred":{"uri":"https://ws.parlament.ch/OData.svc/Transcript(ID=516L,Language='DE')/MembersCouncil"}},"Businesses":{"__deferred":{"uri":"https://ws.parlament.ch/OData.svc/Transcript(ID=516L,Language='DE')/Businesses"}},"ID":"516","Language":"DE","IdSubject":"78","VoteId":null,"PersonNumber":345,"Type":1,"Text":"<pd_text><p>A la suite de la motion d'ordre Suter, le groupe radical-d\u00e9mocratique a discut\u00e9 une deuxi\u00e8me fois des deux initiatives parlementaires. Il est arriv\u00e9 \u00e0 la conclusion que le r\u00e9sultat de la votation de lundi dernier n'est pas d\u00fb au hasard, mais est le r\u00e9sultat d'une volont\u00e9 qui s'\u00e9tait form\u00e9e entre-temps. Ce n'\u00e9tait pas une erreur, car la volont\u00e9 de la grande majorit\u00e9 des radicaux \u00e9tait de soutenir la proposition Baader Caspar de non-entr\u00e9e en mati\u00e8re. Le groupe radical-d\u00e9mocratique a des doutes concernant les deux initiatives, bien qu'elles \u00e9manent des rangs radicaux et lib\u00e9raux. Surtout, les cons\u00e9quences \u00e0 long terme des deux initiatives ne sont pas tr\u00e8s claires, et la division des animaux en deux cat\u00e9gories reste probl\u00e9matique.</p>\n<p>C'est pour cette raison que le groupe radical-d\u00e9mocratique, dans sa grande majorit\u00e9, ne votera pas la motion d'ordre Suter.</p>\n</pd_text>","MeetingCouncilAbbreviation":"N","MeetingDate":"19991216","MeetingVerbalixOid":643,"IdSession":"4601","SpeakerFirstName":"Fulvio","SpeakerLastName":"Pelli","SpeakerFullName":"Pelli Fulvio","SpeakerFunction":"","CouncilId":1,"CouncilName":"Nationalrat","CantonId":27,"CantonName":"Tessin","CantonAbbreviation":"TI","ParlGroupName":"Freisinnig-demokratische Fraktion","ParlGroupAbbreviation":"RL","SortOrder":3,"Start":"\/Date(945334185227)\/","End":"\/Date(945334292602)\/","Function":"","DisplaySpeaker":true,"LanguageOfText":"FR","Modified":"\/Date(1774878281993)\/","StartTimeWithTimezone":"\/Date(945334185227+0060)\/","EndTimeWithTimezone":"\/Date(945334292603+0060)\/","VoteBusinessNumber":null,"VoteBusinessShortNumber":null,"VoteBusinessTitle":null},{"__metadata":{"id":"https://ws.parlament.ch/OData.svc/Transcript(ID=517L,Language='DE')","uri":"https://ws.parlament.ch/OData.svc/Transcript(ID=517L,Language='DE')","type":"itsystems.Pd.DataServices.DataModel.Transcript"},"Subjects":{"__deferred":{"uri":"https://ws.parlament.ch/OData.svc/Transcript(ID=517L,Language='DE')/Subjects"}},"MembersCouncil":{"__deferred":{"uri":"https://ws.parlament.ch/OData.svc/Transcript(ID=517L,Language='DE')/MembersCouncil"}},"Businesses":{"__deferred":{"uri":"https://ws.parlament.ch/OData.svc/Transcript(ID=517L,Language='DE')/Businesses"}},"ID":"517","Language":"DE","IdSubject":"78","VoteId":null,"PersonNumber":221,"Type":1,"Text":"<pd_text><p>Bei der Abstimmung \u00fcber das Eintreten auf die Parlamentarische Initiative \"Tier keine Sache\", die ja in der zweiten Phase in unseren Rat kam, ist uns ein Betriebsunfall passiert, der wohl von den meisten gar nicht beabsichtigt war. Warum ein Betriebsunfall? Vielleicht haben viele gedacht, das Thema sei f\u00fcr uns nicht sehr weltbewegend, weshalb man darauf nicht eintreten m\u00fcsse. Ich kann das verstehen. Es gibt aber viele Leute ausserhalb des Bundeshauses, f\u00fcr die dieses Anliegen wichtig ist und die eine Kl\u00e4rung durch das Parlament erwartet haben.</p>\n<p>In der Kommission ist kein Widerstand entstanden; es ist namentlich kein Nichteintretensantrag gestellt worden, zumal nicht von Kollege Baader, der der Kommission f\u00fcr Rechtsfragen angeh\u00f6rt. Auch die Fraktionen haben nicht grunds\u00e4tzlich Widerstand signalisiert in der Art: Von dieser ganzen Geschichte wollen wir gar nichts wissen, wir k\u00f6nnen sie ohne Pr\u00fcfung zur\u00fcckweisen.</p>\n<p>In der Kommission ist acht Jahre lang seri\u00f6se Arbeit geleistet worden. Wir haben eine Subkommission eingesetzt. Dies alles im Auftrag des Parlamentes, das die Parlamentarische Initiative Loeb mit \u00fcberw\u00e4ltigendem Mehr seinerzeit unterst\u00fctzt und damit diese Arbeiten ausgel\u00f6st hatte. Herr Professor Karl Sp\u00fchler von der SVP, ehemaliger Bundesrichter, hat diese Vorschl\u00e4ge, die Ihnen zugeleitet worden sind, als Experte bearbeitet.</p>\n<p>Dies alles h\u00e4tten wir bei der Abstimmung \u00fcber das Eintreten bedenken sollen. Bedenken sollen h\u00e4tten wir auch, dass das Nichteintreten ohne Diskussion beschlossen worden ist. Ich finde das bedenklich bei einem Anliegen, f\u00fcr das eine Volksinitiative sehr rasch zustande kommen wird. Es ist falsch, wenn wir als Parlament nicht auch hier einen \"Dienst am Kunden\" leisten wollen und uns ohne Diskussion einfach \u00fcber dieses berechtigte Anliegen hinwegsetzen. Den Bedenken von Herrn Baader kann man in der Detailberatung durchaus Rechnung tragen. Das ist \u00fcberhaupt kein Problem. Unsere Fraktion beispielsweise ist gegen den Affektionswert. Aber dar\u00fcber kann und sollte man diskutieren.</p>\n<p>Es ist falsch, vom Bundeshaus das Signal auszusenden: Wir sind gar nicht interessiert; wir wischen das vom Tisch, ohne Diskussion, nicht einmal in der Kategorie III, nicht einmal mit Voten der Fraktionssprecher. Das ist nicht elegant, das ist kein guter Stil. Wir als neues Parlament haben gegen\u00fcber dem alten eine gewisse Verpflichtung. Das Gesch\u00e4ft ist vorgespurt worden. F\u00fchren Sie bitte die Diskussion. Sie k\u00f6nnen ja mit Fug und Recht gegen die Initiative sein. Aber verweigern Sie nicht einer jahrelangen Arbeit einfach die Auseinandersetzung.</p>\n<p>Nehmen sie die Sache ernst, und treten Sie auf die Vorlage ein.</p>\n</pd_text>","MeetingCouncilAbbreviation":"N","MeetingDate":"19991216","MeetingVerbalixOid":643,"IdSession":"4601","SpeakerFirstName":"Marc F.","SpeakerLastName":"Suter","SpeakerFullName":"Suter Marc F.","SpeakerFunction":"","CouncilId":1,"CouncilName":"Nationalrat","CantonId":2,"CantonName":"Bern","CantonAbbreviation":"BE","ParlGroupName":"Freisinnig-demokratische Fraktion","ParlGroupAbbreviation":"RL","SortOrder":2,"Start":"\/Date(945333956461)\/","End":"\/Date(945334185227)\/","Function":"","DisplaySpeaker":true,"LanguageOfText":"DE","Modified":"\/Date(1774878281991)\/","StartTimeWithTimezone":"\/Date(945333956460+0060)\/","EndTimeWithTimezone":"\/Date(945334185227+0060)\/","VoteBusinessNumber":null,"VoteBusinessShortNumber":null,"VoteBusinessTitle":null},{"__metadata":{"id":"https://ws.parlament.ch/OData.svc/Transcript(ID=518L,Language='DE')","uri":"https://ws.parlament.ch/OData.svc/Transcript(ID=518L,Language='DE')","type":"itsystems.Pd.DataServices.DataModel.Transcript"},"Subjects":{"__deferred":{"uri":"https://ws.parlament.ch/OData.svc/Transcript(ID=518L,Language='DE')/Subjects"}},"MembersCouncil":{"__deferred":{"uri":"https://ws.parlament.ch/OData.svc/Transcript(ID=518L,Language='DE')/MembersCouncil"}},"Businesses":{"__deferred":{"uri":"https://ws.parlament.ch/OData.svc/Transcript(ID=518L,Language='DE')/Businesses"}},"ID":"518","Language":"DE","IdSubject":"78","VoteId":null,"PersonNumber":null,"Type":3,"Text":"<pd_text><p><i>Ordnungsantrag Suter</i></p>\n<p>Die Abstimmung \u00fcber den Nichteintretensantrag Baader Caspar zu den Parlamentarischen Initiativen</p>\n<p>- 92.437 Loeb Fran\u00e7ois, \"Tier keine Sache\", und </p>\n<p>- 93.459 Sandoz Suzette, \"Wirbeltiere. Gesetzliche Bestimmungen\",</p>\n<p>ist zu wiederholen. </p>\n<p>[VS]</p>\n<p><i>Motion d'ordre Suter</i></p>\n<p>Le Conseil se prononce une nouvelle fois sur la proposition de non-entr\u00e9e en mati\u00e8re Baader Caspar relative aux initiatives parlementaires</p>\n<p>- 92.437 Loeb Fran\u00e7ois, \"L'animal, \u00eatre vivant\", et</p>\n<p>- 93.459 Sandoz Suzette, \"Animaux vert\u00e9br\u00e9s. Dispositions particuli\u00e8res\".</p>\n</pd_text>","MeetingCouncilAbbreviation":"N","MeetingDate":"19991216","MeetingVerbalixOid":643,"IdSession":"4601","SpeakerFirstName":null,"SpeakerLastName":null,"SpeakerFullName":"","SpeakerFunction":null,"CouncilId":null,"CouncilName":null,"CantonId":null,"CantonName":null,"CantonAbbreviation":null,"ParlGroupName":null,"ParlGroupAbbreviation":null,"SortOrder":1,"Start":null,"End":null,"Function":null,"DisplaySpeaker":null,"LanguageOfText":"DE","Modified":"\/Date(1774878281990)\/","StartTimeWithTimezone":null,"EndTimeWithTimezone":null,"VoteBusinessNumber":null,"VoteBusinessShortNumber":null,"VoteBusinessTitle":null}]},"ID":"78","Language":"DE","IdMeeting":"7","VerbalixOid":5352,"SortOrder":4,"Modified":"\/Date(1774878281988)\/"}}