{"d":{"__metadata":{"id":"https://ws.parlament.ch/OData.svc/Subject(ID=8021L,Language='DE')","uri":"https://ws.parlament.ch/OData.svc/Subject(ID=8021L,Language='DE')","type":"itsystems.Pd.DataServices.DataModel.Subject"},"Meetings":{"__metadata":{"id":"https://ws.parlament.ch/OData.svc/Meeting(ID=583L,Language='DE')","uri":"https://ws.parlament.ch/OData.svc/Meeting(ID=583L,Language='DE')","type":"itsystems.Pd.DataServices.DataModel.Meeting"},"Sessions":{"__deferred":{"uri":"https://ws.parlament.ch/OData.svc/Meeting(ID=583L,Language='DE')/Sessions"}},"Subjects":{"__deferred":{"uri":"https://ws.parlament.ch/OData.svc/Meeting(ID=583L,Language='DE')/Subjects"}},"ID":"583","Language":"DE","MeetingNumber":12,"IdSession":4706,"SessionNumber":6,"SessionName":"Wintersession 2004","Council":1,"CouncilName":"Nationalrat","CouncilAbbreviation":"NR","Date":"\/Date(1103155200000)\/","Begin":"0800","Modified":"\/Date(1447069900350)\/","LegislativePeriodNumber":47,"PublicationStatus":"final","MeetingOrderText":"Zw\u00f6lfte Sitzung","SortOrder":12,"Location":"N"},"SubjectsBusiness":{"results":[{"__metadata":{"id":"https://ws.parlament.ch/OData.svc/SubjectBusiness(BusinessNumber=20043438,IdSubject=8021L,Language='DE')","uri":"https://ws.parlament.ch/OData.svc/SubjectBusiness(BusinessNumber=20043438,IdSubject=8021L,Language='DE')","type":"itsystems.Pd.DataServices.DataModel.SubjectBusiness"},"Subjects":{"__deferred":{"uri":"https://ws.parlament.ch/OData.svc/SubjectBusiness(BusinessNumber=20043438,IdSubject=8021L,Language='DE')/Subjects"}},"Businesses":{"__deferred":{"uri":"https://ws.parlament.ch/OData.svc/SubjectBusiness(BusinessNumber=20043438,IdSubject=8021L,Language='DE')/Businesses"}},"IdSubject":"8021","BusinessNumber":20043438,"Language":"DE","BusinessShortNumber":"04.3438","Title":"Armee XXI. Umfang der Mittelausstattung der Aufwuchskerne Verteidigung","SortOrder":1,"PublishedNotes":null,"Modified":"\/Date(1447069250370)\/","TitleDE":"Motion SiK-SR (04.036).\nArmee XXI.\nUmfang der Mittelausstattung\nder Aufwuchskerne Verteidigung","TitleFR":"Motion CPS-CE (04.036).\nArm\u00e9e XXI. Etendue des moyens\nallou\u00e9s aux \u00e9l\u00e9ments\ncharg\u00e9s de la mont\u00e9e en puissance","TitleIT":null}]},"Transcripts":{"results":[{"__metadata":{"id":"https://ws.parlament.ch/OData.svc/Transcript(ID=48320L,Language='DE')","uri":"https://ws.parlament.ch/OData.svc/Transcript(ID=48320L,Language='DE')","type":"itsystems.Pd.DataServices.DataModel.Transcript"},"Subjects":{"__deferred":{"uri":"https://ws.parlament.ch/OData.svc/Transcript(ID=48320L,Language='DE')/Subjects"}},"MembersCouncil":{"__deferred":{"uri":"https://ws.parlament.ch/OData.svc/Transcript(ID=48320L,Language='DE')/MembersCouncil"}},"Businesses":{"__deferred":{"uri":"https://ws.parlament.ch/OData.svc/Transcript(ID=48320L,Language='DE')/Businesses"}},"ID":"48320","Language":"DE","IdSubject":"8021","VoteId":null,"PersonNumber":138,"Type":1,"Text":"<pd_text><p>Monsieur G\u00fcnter retire la proposition de minorit\u00e9. La majorit\u00e9 de la commission propose de rejeter la motion. Il n'est pas fait d'autre proposition.</p>\n<p>[VS]</p>\n<p><i>Abgelehnt - Rejet\u00e9</i></p>\n</pd_text>","MeetingCouncilAbbreviation":"N","MeetingDate":"20041216","MeetingVerbalixOid":1253,"IdSession":"4706","SpeakerFirstName":"Jean-Philippe","SpeakerLastName":"Maitre","SpeakerFullName":"Maitre Jean-Philippe","SpeakerFunction":"1VP-M","CouncilId":1,"CouncilName":"Nationalrat","CantonId":25,"CantonName":"Genf","CantonAbbreviation":"GE","ParlGroupName":"Christlichdemokratische Fraktion","ParlGroupAbbreviation":"M-E","SortOrder":2,"Start":"\/Date(1103201161300)\/","End":"\/Date(1103201221711)\/","Function":"P-M","DisplaySpeaker":true,"LanguageOfText":"FR","Modified":"\/Date(1774878062388)\/","StartTimeWithTimezone":"\/Date(1103201161300+0060)\/","EndTimeWithTimezone":"\/Date(1103201221710+0060)\/","VoteBusinessNumber":null,"VoteBusinessShortNumber":null,"VoteBusinessTitle":null},{"__metadata":{"id":"https://ws.parlament.ch/OData.svc/Transcript(ID=48321L,Language='DE')","uri":"https://ws.parlament.ch/OData.svc/Transcript(ID=48321L,Language='DE')","type":"itsystems.Pd.DataServices.DataModel.Transcript"},"Subjects":{"__deferred":{"uri":"https://ws.parlament.ch/OData.svc/Transcript(ID=48321L,Language='DE')/Subjects"}},"MembersCouncil":{"__deferred":{"uri":"https://ws.parlament.ch/OData.svc/Transcript(ID=48321L,Language='DE')/MembersCouncil"}},"Businesses":{"__deferred":{"uri":"https://ws.parlament.ch/OData.svc/Transcript(ID=48321L,Language='DE')/Businesses"}},"ID":"48321","Language":"DE","IdSubject":"8021","VoteId":null,"PersonNumber":null,"Type":3,"Text":"<pd_text><p><i>Antrag der Mehrheit</i></p>\n<p>Ablehnung der Motion</p>\n<p>[VS]</p>\n<p><i>Antrag der Minderheit</i></p>\n<p>(G\u00fcnter, Banga, Garbani, Gyr, Lang, Salvi, Widmer)</p>\n<p>Annahme der Motion</p>\n<p>[VS]</p>\n<p><i>Proposition de la majorit\u00e9</i></p>\n<p>Rejeter la motion</p>\n<p>[VS]</p>\n<p><i>Proposition de la minorit\u00e9</i></p>\n<p>(G\u00fcnter, Banga, Garbani, Gyr, Lang, Salvi, Widmer)</p>\n<p>Adopter la motion</p>\n</pd_text>","MeetingCouncilAbbreviation":"N","MeetingDate":"20041216","MeetingVerbalixOid":1253,"IdSession":"4706","SpeakerFirstName":null,"SpeakerLastName":null,"SpeakerFullName":"","SpeakerFunction":null,"CouncilId":null,"CouncilName":null,"CantonId":null,"CantonName":null,"CantonAbbreviation":null,"ParlGroupName":null,"ParlGroupAbbreviation":null,"SortOrder":1,"Start":null,"End":null,"Function":null,"DisplaySpeaker":null,"LanguageOfText":"DE","Modified":"\/Date(1774878062386)\/","StartTimeWithTimezone":null,"EndTimeWithTimezone":null,"VoteBusinessNumber":null,"VoteBusinessShortNumber":null,"VoteBusinessTitle":null}]},"ID":"8021","Language":"DE","IdMeeting":"583","VerbalixOid":117528,"SortOrder":5,"Modified":"\/Date(1774878062384)\/"}}