{"d":{"__metadata":{"id":"https://ws.parlament.ch/OData.svc/Subject(ID=8159L,Language='DE')","uri":"https://ws.parlament.ch/OData.svc/Subject(ID=8159L,Language='DE')","type":"itsystems.Pd.DataServices.DataModel.Subject"},"Meetings":{"__metadata":{"id":"https://ws.parlament.ch/OData.svc/Meeting(ID=585L,Language='DE')","uri":"https://ws.parlament.ch/OData.svc/Meeting(ID=585L,Language='DE')","type":"itsystems.Pd.DataServices.DataModel.Meeting"},"Sessions":{"__deferred":{"uri":"https://ws.parlament.ch/OData.svc/Meeting(ID=585L,Language='DE')/Sessions"}},"Subjects":{"__deferred":{"uri":"https://ws.parlament.ch/OData.svc/Meeting(ID=585L,Language='DE')/Subjects"}},"ID":"585","Language":"DE","MeetingNumber":14,"IdSession":4706,"SessionNumber":6,"SessionName":"Wintersession 2004","Council":1,"CouncilName":"Nationalrat","CouncilAbbreviation":"NR","Date":"\/Date(1103241600000)\/","Begin":"0800","Modified":"\/Date(1447069901140)\/","LegislativePeriodNumber":47,"PublicationStatus":"final","MeetingOrderText":"Vierzehnte Sitzung","SortOrder":14,"Location":"N"},"SubjectsBusiness":{"results":[{"__metadata":{"id":"https://ws.parlament.ch/OData.svc/SubjectBusiness(BusinessNumber=20040066,IdSubject=8159L,Language='DE')","uri":"https://ws.parlament.ch/OData.svc/SubjectBusiness(BusinessNumber=20040066,IdSubject=8159L,Language='DE')","type":"itsystems.Pd.DataServices.DataModel.SubjectBusiness"},"Subjects":{"__deferred":{"uri":"https://ws.parlament.ch/OData.svc/SubjectBusiness(BusinessNumber=20040066,IdSubject=8159L,Language='DE')/Subjects"}},"Businesses":{"__deferred":{"uri":"https://ws.parlament.ch/OData.svc/SubjectBusiness(BusinessNumber=20040066,IdSubject=8159L,Language='DE')/Businesses"}},"IdSubject":"8159","BusinessNumber":20040066,"Language":"DE","BusinessShortNumber":"04.066","Title":"Freiz\u00fcgigkeitsabkommen. Zusatzprotokoll","SortOrder":1,"PublishedNotes":"Schlussabstimmung - Vote final\n","Modified":"\/Date(1447069234553)\/","TitleDE":"Freiz\u00fcgigkeitsabkommen.\nZusatzprotokoll","TitleFR":"Libre circulation des personnes.\nProtocole additionnel","TitleIT":null}]},"Transcripts":{"results":[{"__metadata":{"id":"https://ws.parlament.ch/OData.svc/Transcript(ID=48634L,Language='DE')","uri":"https://ws.parlament.ch/OData.svc/Transcript(ID=48634L,Language='DE')","type":"itsystems.Pd.DataServices.DataModel.Transcript"},"Subjects":{"__deferred":{"uri":"https://ws.parlament.ch/OData.svc/Transcript(ID=48634L,Language='DE')/Subjects"}},"MembersCouncil":{"__deferred":{"uri":"https://ws.parlament.ch/OData.svc/Transcript(ID=48634L,Language='DE')/MembersCouncil"}},"Businesses":{"__deferred":{"uri":"https://ws.parlament.ch/OData.svc/Transcript(ID=48634L,Language='DE')/Businesses"}},"ID":"48634","Language":"DE","IdSubject":"8159","VoteId":"1745","PersonNumber":null,"Type":2,"Text":"<pd_text><p><i>Abstimmung - Vote</i></p>\n<p>[NAM]</p>\n<p>F\u00fcr Annahme des Entwurfes .... 142 Stimmen</p>\n<p>Dagegen .... 40 Stimmen</p>\n<p>[PAGE 2194] </p>\n</pd_text>","MeetingCouncilAbbreviation":"N","MeetingDate":"20041217","MeetingVerbalixOid":1255,"IdSession":"4706","SpeakerFirstName":null,"SpeakerLastName":null,"SpeakerFullName":"","SpeakerFunction":null,"CouncilId":null,"CouncilName":null,"CantonId":null,"CantonName":null,"CantonAbbreviation":null,"ParlGroupName":null,"ParlGroupAbbreviation":null,"SortOrder":8,"Start":"\/Date(1103275205616)\/","End":"\/Date(1103275205616)\/","Function":null,"DisplaySpeaker":null,"LanguageOfText":"DE","Modified":"\/Date(1774878064191)\/","StartTimeWithTimezone":"\/Date(1103275205617+0060)\/","EndTimeWithTimezone":"\/Date(1103275205617+0060)\/","VoteBusinessNumber":20040066,"VoteBusinessShortNumber":"04.066","VoteBusinessTitle":"Freiz\u00fcgigkeitsabkommen.\nZusatzprotokoll"},{"__metadata":{"id":"https://ws.parlament.ch/OData.svc/Transcript(ID=48635L,Language='DE')","uri":"https://ws.parlament.ch/OData.svc/Transcript(ID=48635L,Language='DE')","type":"itsystems.Pd.DataServices.DataModel.Transcript"},"Subjects":{"__deferred":{"uri":"https://ws.parlament.ch/OData.svc/Transcript(ID=48635L,Language='DE')/Subjects"}},"MembersCouncil":{"__deferred":{"uri":"https://ws.parlament.ch/OData.svc/Transcript(ID=48635L,Language='DE')/MembersCouncil"}},"Businesses":{"__deferred":{"uri":"https://ws.parlament.ch/OData.svc/Transcript(ID=48635L,Language='DE')/Businesses"}},"ID":"48635","Language":"DE","IdSubject":"8159","VoteId":null,"PersonNumber":138,"Type":1,"Text":"<pd_text><p><b>Bundesbeschluss \u00fcber die Genehmigung und Umsetzung des Protokolls zur Ausdehnung des Freiz\u00fcgigkeitsabkommens auf die neuen EG-Mitgliedstaaten zwischen der Schweizerischen Eidgenossenschaft einerseits und der Europ\u00e4ischen Gemeinschaft und ihren Mitgliedstaaten andererseits sowie \u00fcber die Genehmigung der Revision der flankierenden Massnahmen zur Personenfreiz\u00fcgigkeit</b></p>\n<p><b>Arr\u00eat\u00e9 f\u00e9d\u00e9ral portant approbation et mise en oeuvre du protocole relatif \u00e0 l'extension de l'accord entre la Conf\u00e9d\u00e9ration suisse, d'une part, et la Communaut\u00e9 europ\u00e9enne et ses Etats membres, d'autre part, sur la libre circulation des personnes aux nouveaux Etats membres de la CE et portant approbation de la r\u00e9vision des mesures d'accompagnement concernant la libre circulation des personnes</b></p>\n</pd_text>","MeetingCouncilAbbreviation":"N","MeetingDate":"20041217","MeetingVerbalixOid":1255,"IdSession":"4706","SpeakerFirstName":"Jean-Philippe","SpeakerLastName":"Maitre","SpeakerFullName":"Maitre Jean-Philippe","SpeakerFunction":"1VP-M","CouncilId":1,"CouncilName":"Nationalrat","CantonId":25,"CantonName":"Genf","CantonAbbreviation":"GE","ParlGroupName":"Christlichdemokratische Fraktion","ParlGroupAbbreviation":"M-E","SortOrder":7,"Start":"\/Date(1103275127414)\/","End":"\/Date(1103275205616)\/","Function":"P-M","DisplaySpeaker":false,"LanguageOfText":null,"Modified":"\/Date(1774878064186)\/","StartTimeWithTimezone":"\/Date(1103275127413+0060)\/","EndTimeWithTimezone":"\/Date(1103275205617+0060)\/","VoteBusinessNumber":null,"VoteBusinessShortNumber":null,"VoteBusinessTitle":null},{"__metadata":{"id":"https://ws.parlament.ch/OData.svc/Transcript(ID=48636L,Language='DE')","uri":"https://ws.parlament.ch/OData.svc/Transcript(ID=48636L,Language='DE')","type":"itsystems.Pd.DataServices.DataModel.Transcript"},"Subjects":{"__deferred":{"uri":"https://ws.parlament.ch/OData.svc/Transcript(ID=48636L,Language='DE')/Subjects"}},"MembersCouncil":{"__deferred":{"uri":"https://ws.parlament.ch/OData.svc/Transcript(ID=48636L,Language='DE')/MembersCouncil"}},"Businesses":{"__deferred":{"uri":"https://ws.parlament.ch/OData.svc/Transcript(ID=48636L,Language='DE')/Businesses"}},"ID":"48636","Language":"DE","IdSubject":"8159","VoteId":null,"PersonNumber":345,"Type":1,"Text":"<pd_text><p>Permettete anche a una voce che viene da una regione di frontiera di segnalare l'appoggio a questo passaggio, a questa estensione della libera circolazione al di l\u00e0 delle frontiere della \"piccola\" Europa verso l'Europa pi\u00f9 grande. Per le regioni di frontiera questo accordo rappresenta un passo importante, ma anche un sacrificio importante. Sono le regioni di frontiera quelle che pi\u00f9 delle altre hanno bisogno di periodi di adattamento per accettare il nuovo sistema, che \u00e8 stato scelto alcuni anni or sono e che viene oggi confermato. \u00c8 un sistema che si basa sulla libert\u00e0 e non pi\u00f9 su regole di polizia; \u00e8 un sistema dal quale la Svizzera trarr\u00e0 benefici a medio e lungo termine anche se dovr\u00e0 iniziare con un periodo difficile.</p>\n<p>Questo accordo rappresenta anche un ritorno ad una collaborazione intensa ed intelligente fra i partner sociali, fra gli imprenditori e i sindacati. Il gruppo radicale-liberale apprezza gli sforzi che sono stati fatti dal mondo imprenditoriale e dal mondo sindacale per tornare ad una collaborazione, che ha garantito il successo della Svizzera nel passato e che garantir\u00e0 il successo della Svizzera del futuro.</p>\n</pd_text>","MeetingCouncilAbbreviation":"N","MeetingDate":"20041217","MeetingVerbalixOid":1255,"IdSession":"4706","SpeakerFirstName":"Fulvio","SpeakerLastName":"Pelli","SpeakerFullName":"Pelli Fulvio","SpeakerFunction":"Mit-M","CouncilId":1,"CouncilName":"Nationalrat","CantonId":27,"CantonName":"Tessin","CantonAbbreviation":"TI","ParlGroupName":"Freisinnig-demokratische Fraktion","ParlGroupAbbreviation":"RL","SortOrder":6,"Start":"\/Date(1103275027744)\/","End":"\/Date(1103275127414)\/","Function":"Mit-M","DisplaySpeaker":true,"LanguageOfText":"IT","Modified":"\/Date(1774878064184)\/","StartTimeWithTimezone":"\/Date(1103275027743+0060)\/","EndTimeWithTimezone":"\/Date(1103275127413+0060)\/","VoteBusinessNumber":null,"VoteBusinessShortNumber":null,"VoteBusinessTitle":null},{"__metadata":{"id":"https://ws.parlament.ch/OData.svc/Transcript(ID=48637L,Language='DE')","uri":"https://ws.parlament.ch/OData.svc/Transcript(ID=48637L,Language='DE')","type":"itsystems.Pd.DataServices.DataModel.Transcript"},"Subjects":{"__deferred":{"uri":"https://ws.parlament.ch/OData.svc/Transcript(ID=48637L,Language='DE')/Subjects"}},"MembersCouncil":{"__deferred":{"uri":"https://ws.parlament.ch/OData.svc/Transcript(ID=48637L,Language='DE')/MembersCouncil"}},"Businesses":{"__deferred":{"uri":"https://ws.parlament.ch/OData.svc/Transcript(ID=48637L,Language='DE')/Businesses"}},"ID":"48637","Language":"DE","IdSubject":"8159","VoteId":null,"PersonNumber":1134,"Type":1,"Text":"<pd_text><p>Cet accord sur l'extension \u00e0 l'Est de la libre circulation des personnes a une port\u00e9e symbolique toute particuli\u00e8re pour notre pays, probablement davantage que l'accord bilat\u00e9ral II. En effet, il est tout \u00e0 fait important pour un pays, d'autant plus qu'il ne fait pas partie de l'Europe, de donner un signe positif \u00e0 cette oeuvre de paix qu'est la construction europ\u00e9enne, au-del\u00e0 m\u00eame de ce qu'avaient esp\u00e9r\u00e9 pendant longtemps ses promoteurs, c'est-\u00e0-dire aux confins de l'Europe traditionnelle, touchant par exemple le monde slave et le monde balte. Nous nous y associons aujourd'hui et, \u00e0 ce titre-l\u00e0, nous montrons que nous sommes v\u00e9ritablement partie largement prenante de ce travail de construction.</p>\n<p>Par ailleurs, il est clair que, sur les crit\u00e8res sp\u00e9cifiques du d\u00e9veloppement durable, ce travail est m\u00e9ritoire. Toute oeuvre de paix a sa valeur environnementale, il est \u00e0 peine besoin de le d\u00e9montrer, puisqu'il \u00e9vite \u00e0 terme d'immenses destructions, d'immenses gaspillages de ressources. Le r\u00e9sultat \u00e9conomique est lui aussi extr\u00eamement clair: des march\u00e9s vont s'ouvrir pour nous, comme pour nos pays partenaires et, sur le plan culturel - parlons ici pendant cette session une fois de culture sur un autre plan! -, nous nous engageons \u00e9galement vers une forme d'ouverture, notamment des esprits, dont nous avons montr\u00e9 que nous avions bien besoin!</p>\n<p>Sur le plan social, enfin, cette ouverture \u00e0 l'Est s'accompagne d'un progr\u00e8s qui d\u00e9passe largement le seul caract\u00e8re d'accompagnement des mesures que nous avons vot\u00e9es. En effet, notamment en mati\u00e8re de conventions collectives de travail, mais aussi de r\u00e9glementation sur les travailleurs d\u00e9tach\u00e9s et d'engagement d'inspecteurs destin\u00e9s \u00e0 faire appliquer les r\u00e8gles du droit du travail, nous avons fait oeuvre en faveur de la paix sociale. Je crois que c'est un travail qui doit aussi \u00eatre salu\u00e9.</p>\n<p>C'est donc avec \u00e9norm\u00e9ment de d\u00e9termination et de satisfaction - une fois n'est pas coutume! - que le groupe des Verts prend acte de ce qu'a fait le Parlement sur ce dossier. Nous nous en f\u00e9licitons. Nous le voterons avec beaucoup de conviction et vous invitons \u00e0 faire de m\u00eame.</p>\n</pd_text>","MeetingCouncilAbbreviation":"N","MeetingDate":"20041217","MeetingVerbalixOid":1255,"IdSession":"4706","SpeakerFirstName":"Luc","SpeakerLastName":"Recordon","SpeakerFullName":"Recordon Luc","SpeakerFunction":"Mit-M","CouncilId":1,"CouncilName":"Nationalrat","CantonId":22,"CantonName":"Waadt","CantonAbbreviation":"VD","ParlGroupName":"Gr\u00fcne Fraktion","ParlGroupAbbreviation":"G","SortOrder":5,"Start":"\/Date(1103274862169)\/","End":"\/Date(1103275027744)\/","Function":"Mit-M","DisplaySpeaker":true,"LanguageOfText":"FR","Modified":"\/Date(1774878064181)\/","StartTimeWithTimezone":"\/Date(1103274862170+0060)\/","EndTimeWithTimezone":"\/Date(1103275027743+0060)\/","VoteBusinessNumber":null,"VoteBusinessShortNumber":null,"VoteBusinessTitle":null},{"__metadata":{"id":"https://ws.parlament.ch/OData.svc/Transcript(ID=48638L,Language='DE')","uri":"https://ws.parlament.ch/OData.svc/Transcript(ID=48638L,Language='DE')","type":"itsystems.Pd.DataServices.DataModel.Transcript"},"Subjects":{"__deferred":{"uri":"https://ws.parlament.ch/OData.svc/Transcript(ID=48638L,Language='DE')/Subjects"}},"MembersCouncil":{"__deferred":{"uri":"https://ws.parlament.ch/OData.svc/Transcript(ID=48638L,Language='DE')/MembersCouncil"}},"Businesses":{"__deferred":{"uri":"https://ws.parlament.ch/OData.svc/Transcript(ID=48638L,Language='DE')/Businesses"}},"ID":"48638","Language":"DE","IdSubject":"8159","VoteId":null,"PersonNumber":349,"Type":1,"Text":"<pd_text><p>Je ne pensais pas prendre la parole aujourd'hui, mais je ne peux pas laisser passer n'importe quoi.</p>\n<p>Monsieur Schl\u00fcer, ces mesures d'accompagnement sont d'abord \u00e9videmment dans l'int\u00e9r\u00eat des salari\u00e9s, parce qu'elles permettront de lutter contre les dumpings salarial et social et les pr\u00e9venir; elles sont dans l'int\u00e9r\u00eat des entreprises, parce qu'elles contribueront \u00e0 \u00e9viter une concurrence d\u00e9loyale; et enfin, elles sont dans l'int\u00e9r\u00eat du pays, parce que toute pression \u00e0 la baisse sur les salaires se r\u00e9percute n\u00e9gativement sur les rentr\u00e9es fiscales.</p>\n<p>Je vous prie d'en prendre bonne note.</p>\n</pd_text>","MeetingCouncilAbbreviation":"N","MeetingDate":"20041217","MeetingVerbalixOid":1255,"IdSession":"4706","SpeakerFirstName":"Jean-Claude","SpeakerLastName":"Rennwald","SpeakerFullName":"Rennwald Jean-Claude","SpeakerFunction":"Mit-M","CouncilId":1,"CouncilName":"Nationalrat","CantonId":26,"CantonName":"Jura","CantonAbbreviation":"JU","ParlGroupName":"Sozialdemokratische Fraktion","ParlGroupAbbreviation":"S","SortOrder":4,"Start":"\/Date(1103274807342)\/","End":"\/Date(1103274862169)\/","Function":"Mit-M","DisplaySpeaker":true,"LanguageOfText":"FR","Modified":"\/Date(1774878064179)\/","StartTimeWithTimezone":"\/Date(1103274807343+0060)\/","EndTimeWithTimezone":"\/Date(1103274862170+0060)\/","VoteBusinessNumber":null,"VoteBusinessShortNumber":null,"VoteBusinessTitle":null},{"__metadata":{"id":"https://ws.parlament.ch/OData.svc/Transcript(ID=48639L,Language='DE')","uri":"https://ws.parlament.ch/OData.svc/Transcript(ID=48639L,Language='DE')","type":"itsystems.Pd.DataServices.DataModel.Transcript"},"Subjects":{"__deferred":{"uri":"https://ws.parlament.ch/OData.svc/Transcript(ID=48639L,Language='DE')/Subjects"}},"MembersCouncil":{"__deferred":{"uri":"https://ws.parlament.ch/OData.svc/Transcript(ID=48639L,Language='DE')/MembersCouncil"}},"Businesses":{"__deferred":{"uri":"https://ws.parlament.ch/OData.svc/Transcript(ID=48639L,Language='DE')/Businesses"}},"ID":"48639","Language":"DE","IdSubject":"8159","VoteId":null,"PersonNumber":352,"Type":1,"Text":"<pd_text><p>Als die SVP-Fraktion auf die Personenfreiz\u00fcgigkeit eingetreten ist, hat sie klar gesagt, sie sei unter der Bedingung bereit, diese Vorlage mitzutragen, dass die flankierenden Massnahmen nicht zum Schaden des Arbeitsplatzes Schweiz ausgedehnt w\u00fcrden. Wir haben Ihnen zus\u00e4tzlich vorgeschlagen, den definitiven Entscheid so zu treffen, wie er einst der Bev\u00f6lkerung versprochen worden ist: So, dass die definitive Entscheidung zur Personenfreiz\u00fcgigkeit 2009 (Antrag Maurer) getroffen werden kann. Die SVP brachte in Vorschlag, mit Kontingentsfestlegungen Zwischenl\u00f6sungen zu treffen, die keines der Partnerl\u00e4nder, mit denen verhandelt worden ist, in irgendeiner Weise benachteiligt h\u00e4tten. Wir haben Ihnen diese \u00dcberlegungspause in der Hoffnung vorgeschlagen, Sie w\u00fcrden sie nutzen. Sie haben dazu pauschal Nein gesagt.</p>\n<p>Sie haben - und da meine ich vor allem die Arbeitgeberseite und die Exponenten der Arbeitgeber im Parlament - mit einer Kopflosigkeit ohnegleichen in den sozialpartnerschaftlichen Verh\u00e4ltnissen eine Machtverschiebung zugunsten der Gewerkschaften bewerkstelligt, die unseren Arbeitsplatz Schweiz schwer benachteiligt. Wir wurden dabei mit der grotesken Situation konfrontiert, dass Gewerkschafter ihre Antr\u00e4ge zur\u00fcckziehen konnten, weil jene des Freisinnigen Gysin weiter gingen als diejenigen der Gewerkschaften.</p>\n<p>Es gibt zwar flankierende Massnahmen, die dem Schweizer Arbeitsplatz helfen, die ihn beg\u00fcnstigen w\u00fcrden - sofern dieses Parlament geschlossen, in einer Front daf\u00fcr eintreten w\u00fcrde -: erstens tiefere Steuern, also Beschr\u00e4nkung der Ausgaben; zweitens verbesserte Arbeitsbedingungen durch Realisierung aller Massnahmen, die den Arbeitsmarkt flexibler gestalten. Auf diese Weise w\u00fcrden wir Arbeit bei uns in der Schweiz behalten.</p>\n<p>Sie haben anders entschieden. Sie geben vor, die Utopie zu bewahren, dass man gleichzeitig L\u00f6hne hochhalten und hohe Preise bek\u00e4mpfen k\u00f6nne. Wer das tut, vertreibt die Arbeit aus der Schweiz! Diesen Weg gehen wir, geht die SVP nicht mit; wir wollen die Arbeitspl\u00e4tze hier behalten und die daf\u00fcr erforderlichen Bedingungen schaffen. Wir bedauern, dass Sie diesen Weg nicht gegangen sind, er h\u00e4tte die Schweiz gest\u00e4rkt. Jetzt wird der Arbeitsplatz Schweiz geschw\u00e4cht.</p>\n</pd_text>","MeetingCouncilAbbreviation":"N","MeetingDate":"20041217","MeetingVerbalixOid":1255,"IdSession":"4706","SpeakerFirstName":"Ulrich","SpeakerLastName":"Schl\u00fcer","SpeakerFullName":"Schl\u00fcer Ulrich","SpeakerFunction":"Mit-M","CouncilId":1,"CouncilName":"Nationalrat","CantonId":1,"CantonName":"Z\u00fcrich","CantonAbbreviation":"ZH","ParlGroupName":"Fraktion der Schweizerischen Volkspartei","ParlGroupAbbreviation":"V","SortOrder":3,"Start":"\/Date(1103274623611)\/","End":"\/Date(1103274807342)\/","Function":"Mit-M","DisplaySpeaker":true,"LanguageOfText":"DE","Modified":"\/Date(1774878064176)\/","StartTimeWithTimezone":"\/Date(1103274623610+0060)\/","EndTimeWithTimezone":"\/Date(1103274807343+0060)\/","VoteBusinessNumber":null,"VoteBusinessShortNumber":null,"VoteBusinessTitle":null},{"__metadata":{"id":"https://ws.parlament.ch/OData.svc/Transcript(ID=48640L,Language='DE')","uri":"https://ws.parlament.ch/OData.svc/Transcript(ID=48640L,Language='DE')","type":"itsystems.Pd.DataServices.DataModel.Transcript"},"Subjects":{"__deferred":{"uri":"https://ws.parlament.ch/OData.svc/Transcript(ID=48640L,Language='DE')/Subjects"}},"MembersCouncil":{"__deferred":{"uri":"https://ws.parlament.ch/OData.svc/Transcript(ID=48640L,Language='DE')/MembersCouncil"}},"Businesses":{"__deferred":{"uri":"https://ws.parlament.ch/OData.svc/Transcript(ID=48640L,Language='DE')/Businesses"}},"ID":"48640","Language":"DE","IdSubject":"8159","VoteId":null,"PersonNumber":456,"Type":1,"Text":"<pd_text><p>Die CVP sagt Ja zur Ausdehnung der Personenfreiz\u00fcgigkeit auf die neuen EU-Mitgliedl\u00e4nder. Wir sind \u00fcberzeugt, dass diese Ausdehnung insgesamt positive Auswirkungen auf die Schweiz haben wird. Mit dem Bundesratskollegium und mit Bundesrat Blocher empfehlen wir unserer Bev\u00f6lkerung: Wagen wir es, packen wir die Chancen, die darin liegen, einen privilegierten Zugang zu schnell wachsenden osteurop\u00e4ischen M\u00e4rkten zu erhalten! Absatzchancen f\u00fcr Schweizer Unternehmen werden dadurch erh\u00f6ht, die Rekrutierung von spezialisierten ausl\u00e4ndischen Arbeitskr\u00e4ften wird erleichtert. M\u00f6gliche Nachteile sind auf dem Verhandlungsweg ausger\u00e4umt und mit flankierenden Massnahmen reduziert worden. Davon zeugen die ausgehandelten \u00dcbergangsfristen, die eine unerwartete Immigration in Grenzen halten werden. Eine Ablehnung der [PAGE 2193] Ausdehnung w\u00fcrde den Bilateralismus gef\u00e4hrden. Europa w\u00fcrde eine Zweiklassengesellschaft nicht akzeptieren und wohl nicht davor zur\u00fcckschrecken, die Bilateralen I mit der Schweiz zu k\u00fcndigen, was verheerende Folgen f\u00fcr unser Land haben w\u00fcrde. Diese Gefahr darf nicht einfach negiert werden. Die CVP sagt deshalb Ja zur Ausdehnung der Personenfreiz\u00fcgigkeit auf die neuen EU-Mitgliedl\u00e4nder, sagt Ja zum Bilateralismus und Ja zur Zukunft. Tun Sie dasselbe!</p>\n</pd_text>","MeetingCouncilAbbreviation":"N","MeetingDate":"20041217","MeetingVerbalixOid":1255,"IdSession":"4706","SpeakerFirstName":"Jean-Michel","SpeakerLastName":"Cina","SpeakerFullName":"Cina Jean-Michel","SpeakerFunction":"Mit-M","CouncilId":1,"CouncilName":"Nationalrat","CantonId":23,"CantonName":"Wallis","CantonAbbreviation":"VS","ParlGroupName":"Christlichdemokratische Fraktion","ParlGroupAbbreviation":"M-E","SortOrder":2,"Start":"\/Date(1103274510332)\/","End":"\/Date(1103274623611)\/","Function":"Mit-M","DisplaySpeaker":true,"LanguageOfText":"DE","Modified":"\/Date(1774878064171)\/","StartTimeWithTimezone":"\/Date(1103274510333+0060)\/","EndTimeWithTimezone":"\/Date(1103274623610+0060)\/","VoteBusinessNumber":null,"VoteBusinessShortNumber":null,"VoteBusinessTitle":null},{"__metadata":{"id":"https://ws.parlament.ch/OData.svc/Transcript(ID=48641L,Language='DE')","uri":"https://ws.parlament.ch/OData.svc/Transcript(ID=48641L,Language='DE')","type":"itsystems.Pd.DataServices.DataModel.Transcript"},"Subjects":{"__deferred":{"uri":"https://ws.parlament.ch/OData.svc/Transcript(ID=48641L,Language='DE')/Subjects"}},"MembersCouncil":{"__deferred":{"uri":"https://ws.parlament.ch/OData.svc/Transcript(ID=48641L,Language='DE')/MembersCouncil"}},"Businesses":{"__deferred":{"uri":"https://ws.parlament.ch/OData.svc/Transcript(ID=48641L,Language='DE')/Businesses"}},"ID":"48641","Language":"DE","IdSubject":"8159","VoteId":null,"PersonNumber":395,"Type":1,"Text":"<pd_text><p>Wir beschliessen jetzt eine Vorlage von enormer Bedeutung f\u00fcr unser Land. Sie beinhaltet eine \u00d6ffnung gegen\u00fcber unseren wichtigsten Handelspartnern, eine \u00d6ffnung auch gegen\u00fcber L\u00e4ndern, die wir nicht nur als neuen Markt erkennen, sondern auch als Teil unserer europ\u00e4ischen Kultur und Gesellschaft. Es liegt nun an unserer Wirtschaft, die neuen M\u00f6glichkeiten f\u00fcr unser Land nutzbringend auszusch\u00f6pfen.</p>\n<p>Die Mehrheit unseres Parlamentes hat ihre Verantwortung wahrgenommen und hat den von den Sozialpartnern erarbeiteten Kompromiss bez\u00fcglich der flankierenden Massnahmen in die Gesetzgebung aufgenommen. Es ist auch gelungen, der heute real existierenden Arbeitssituation vor Ort, auf den Baustellen, im Gastgewerbe, beim Reinigungsdienst usw., Rechnung zu tragen und griffige Instrumente gegen Lohndumping und die Verschlechterung der Arbeitsbedingungen zu fixieren. Diese Massnahmen braucht es heute und nicht erst im Jahr 2011. Nun liegt es an den Kontrollorganen, den beschlossenen Massnahmen auch zum Durchbruch zu verhelfen. Dabei sind die Kantone aufgefordert, die gesetzlich vorgeschriebenen Inspektoren anzustellen und deren Aufgabenerf\u00fcllung zu unterst\u00fctzen.</p>\n<p>Wer heute Nein sagt zur Erweiterung der Personenfreiz\u00fcgigkeit und zu den flankierenden Massnahmen, schadet den Arbeitnehmerinnen und Arbeitnehmern in unserem Land, aber auch den Gewerbebetrieben, dessen m\u00fcssen Sie sich bewusst sein. Sie sind dann verantwortlich f\u00fcr Lohndr\u00fcckerei und daf\u00fcr, dass unsere anst\u00e4ndigen KMU in diesem Land k\u00fcrzere Spiesse und damit Wettbewerbsnachteile haben.</p>\n<p>Die SP-Fraktion sagt Ja zu dieser Vorlage, auch deshalb, weil sie f\u00fcr die EU eine verl\u00e4ssliche Partnerin sein will und weil sie auf keinen Fall die bilateralen Abkommen I mit den wichtigsten Handels- und Gesellschaftspartnern gef\u00e4hrden will.</p>\n</pd_text>","MeetingCouncilAbbreviation":"N","MeetingDate":"20041217","MeetingVerbalixOid":1255,"IdSession":"4706","SpeakerFirstName":"Hildegard","SpeakerLastName":"F\u00e4ssler-Osterwalder","SpeakerFullName":"F\u00e4ssler-Osterwalder Hildegard","SpeakerFunction":"Mit-F","CouncilId":1,"CouncilName":"Nationalrat","CantonId":17,"CantonName":"St. Gallen","CantonAbbreviation":"SG","ParlGroupName":"Sozialdemokratische Fraktion","ParlGroupAbbreviation":"S","SortOrder":1,"Start":"\/Date(1103274387491)\/","End":"\/Date(1103274510332)\/","Function":"Mit-F","DisplaySpeaker":true,"LanguageOfText":"DE","Modified":"\/Date(1774878064168)\/","StartTimeWithTimezone":"\/Date(1103274387490+0060)\/","EndTimeWithTimezone":"\/Date(1103274510333+0060)\/","VoteBusinessNumber":null,"VoteBusinessShortNumber":null,"VoteBusinessTitle":null}]},"ID":"8159","Language":"DE","IdMeeting":"585","VerbalixOid":117893,"SortOrder":111,"Modified":"\/Date(1774878064166)\/"}}