{"d":{"__metadata":{"id":"https://ws.parlament.ch/OData.svc/Subject(ID=8242L,Language='DE')","uri":"https://ws.parlament.ch/OData.svc/Subject(ID=8242L,Language='DE')","type":"itsystems.Pd.DataServices.DataModel.Subject"},"Meetings":{"__metadata":{"id":"https://ws.parlament.ch/OData.svc/Meeting(ID=597L,Language='DE')","uri":"https://ws.parlament.ch/OData.svc/Meeting(ID=597L,Language='DE')","type":"itsystems.Pd.DataServices.DataModel.Meeting"},"Sessions":{"__deferred":{"uri":"https://ws.parlament.ch/OData.svc/Meeting(ID=597L,Language='DE')/Sessions"}},"Subjects":{"__deferred":{"uri":"https://ws.parlament.ch/OData.svc/Meeting(ID=597L,Language='DE')/Subjects"}},"ID":"597","Language":"DE","MeetingNumber":12,"IdSession":4706,"SessionNumber":6,"SessionName":"Wintersession 2004","Council":2,"CouncilName":"St\u00e4nderat","CouncilAbbreviation":"SR","Date":"\/Date(1103068800000)\/","Begin":"0815","Modified":"\/Date(1447069905247)\/","LegislativePeriodNumber":47,"PublicationStatus":"final","MeetingOrderText":"Zw\u00f6lfte Sitzung","SortOrder":12,"Location":"S"},"SubjectsBusiness":{"results":[{"__metadata":{"id":"https://ws.parlament.ch/OData.svc/SubjectBusiness(BusinessNumber=20040047,IdSubject=8242L,Language='DE')","uri":"https://ws.parlament.ch/OData.svc/SubjectBusiness(BusinessNumber=20040047,IdSubject=8242L,Language='DE')","type":"itsystems.Pd.DataServices.DataModel.SubjectBusiness"},"Subjects":{"__deferred":{"uri":"https://ws.parlament.ch/OData.svc/SubjectBusiness(BusinessNumber=20040047,IdSubject=8242L,Language='DE')/Subjects"}},"Businesses":{"__deferred":{"uri":"https://ws.parlament.ch/OData.svc/SubjectBusiness(BusinessNumber=20040047,IdSubject=8242L,Language='DE')/Businesses"}},"IdSubject":"8242","BusinessNumber":20040047,"Language":"DE","BusinessShortNumber":"04.047","Title":"Voranschlag 2005","SortOrder":1,"PublishedNotes":"Differenzen - Divergences\n","Modified":"\/Date(1447069233783)\/","TitleDE":"Voranschlag der Eidgenossenschaft 2005","TitleFR":"Budget de la Conf\u00e9d\u00e9ration 2005","TitleIT":null}]},"Transcripts":{"results":[{"__metadata":{"id":"https://ws.parlament.ch/OData.svc/Transcript(ID=49399L,Language='DE')","uri":"https://ws.parlament.ch/OData.svc/Transcript(ID=49399L,Language='DE')","type":"itsystems.Pd.DataServices.DataModel.Transcript"},"Subjects":{"__deferred":{"uri":"https://ws.parlament.ch/OData.svc/Transcript(ID=49399L,Language='DE')/Subjects"}},"MembersCouncil":{"__deferred":{"uri":"https://ws.parlament.ch/OData.svc/Transcript(ID=49399L,Language='DE')/MembersCouncil"}},"Businesses":{"__deferred":{"uri":"https://ws.parlament.ch/OData.svc/Transcript(ID=49399L,Language='DE')/Businesses"}},"ID":"49399","Language":"DE","IdSubject":"8242","VoteId":null,"PersonNumber":85,"Type":1,"Text":"<pd_text><p><i>Angenommen - Adopt\u00e9</i></p>\n<p>[VS]</p>\n<p>[VS]</p>\n<p>[VS]</p>\n<p><i>Schluss der Sitzung um 11.10 Uhr</i></p>\n<p><i>La s\u00e9ance est lev\u00e9e \u00e0 11 h 10</i></p>\n<p>[PAGE 907] </p>\n<p>[VS]</p>\n<p>[VS]</p>\n<p>[VS]</p>\n</pd_text>","MeetingCouncilAbbreviation":"S","MeetingDate":"20041215","MeetingVerbalixOid":1267,"IdSession":"4706","SpeakerFirstName":"Bruno","SpeakerLastName":"Frick","SpeakerFullName":"Frick Bruno","SpeakerFunction":"1VP-M","CouncilId":2,"CouncilName":"St\u00e4nderat","CantonId":5,"CantonName":"Schwyz","CantonAbbreviation":"SZ","ParlGroupName":"Christlichdemokratische Fraktion","ParlGroupAbbreviation":"M-E","SortOrder":17,"Start":"\/Date(1103109025863)\/","End":"\/Date(1103109103753)\/","Function":"P-M","DisplaySpeaker":false,"LanguageOfText":null,"Modified":"\/Date(1510849580213)\/","StartTimeWithTimezone":"\/Date(1103109025863+0060)\/","EndTimeWithTimezone":"\/Date(1103109103753+0060)\/","VoteBusinessNumber":null,"VoteBusinessShortNumber":null,"VoteBusinessTitle":null},{"__metadata":{"id":"https://ws.parlament.ch/OData.svc/Transcript(ID=49400L,Language='DE')","uri":"https://ws.parlament.ch/OData.svc/Transcript(ID=49400L,Language='DE')","type":"itsystems.Pd.DataServices.DataModel.Transcript"},"Subjects":{"__deferred":{"uri":"https://ws.parlament.ch/OData.svc/Transcript(ID=49400L,Language='DE')/Subjects"}},"MembersCouncil":{"__deferred":{"uri":"https://ws.parlament.ch/OData.svc/Transcript(ID=49400L,Language='DE')/MembersCouncil"}},"Businesses":{"__deferred":{"uri":"https://ws.parlament.ch/OData.svc/Transcript(ID=49400L,Language='DE')/Businesses"}},"ID":"49400","Language":"DE","IdSubject":"8242","VoteId":null,"PersonNumber":805,"Type":1,"Text":"<pd_text><p>Hier haben wir gestern argumentiert, weshalb wir uns dem Nationalrat nicht anschliessen k\u00f6nnen. Daran hat sich nichts ge\u00e4ndert. [PAGE 906] </p>\n<p>Deshalb beantragen wir Ihnen auch mit der bisherigen Argumentation, an Ihrem Beschluss festzuhalten.</p>\n</pd_text>","MeetingCouncilAbbreviation":"S","MeetingDate":"20041215","MeetingVerbalixOid":1267,"IdSession":"4706","SpeakerFirstName":"Hans","SpeakerLastName":"Lauri","SpeakerFullName":"Lauri Hans","SpeakerFunction":"Mit-M","CouncilId":2,"CouncilName":"St\u00e4nderat","CantonId":2,"CantonName":"Bern","CantonAbbreviation":"BE","ParlGroupName":"Fraktion der Schweizerischen Volkspartei","ParlGroupAbbreviation":"V","SortOrder":16,"Start":"\/Date(1103109011363)\/","End":"\/Date(1103109025863)\/","Function":"*","DisplaySpeaker":true,"LanguageOfText":"DE","Modified":"\/Date(1510849580213)\/","StartTimeWithTimezone":"\/Date(1103109011363+0060)\/","EndTimeWithTimezone":"\/Date(1103109025863+0060)\/","VoteBusinessNumber":null,"VoteBusinessShortNumber":null,"VoteBusinessTitle":null},{"__metadata":{"id":"https://ws.parlament.ch/OData.svc/Transcript(ID=49401L,Language='DE')","uri":"https://ws.parlament.ch/OData.svc/Transcript(ID=49401L,Language='DE')","type":"itsystems.Pd.DataServices.DataModel.Transcript"},"Subjects":{"__deferred":{"uri":"https://ws.parlament.ch/OData.svc/Transcript(ID=49401L,Language='DE')/Subjects"}},"MembersCouncil":{"__deferred":{"uri":"https://ws.parlament.ch/OData.svc/Transcript(ID=49401L,Language='DE')/MembersCouncil"}},"Businesses":{"__deferred":{"uri":"https://ws.parlament.ch/OData.svc/Transcript(ID=49401L,Language='DE')/Businesses"}},"ID":"49401","Language":"DE","IdSubject":"8242","VoteId":null,"PersonNumber":85,"Type":1,"Text":"<pd_text><p><i>Angenommen - Adopt\u00e9</i></p>\n<p>[VS]</p>\n<p><i>Ausgaben nach Sachgruppen</i></p>\n<p><i>D\u00e9penses selon les groupes par nature</i></p>\n<p>[VS]</p>\n<p><i>3 Laufende Ausgaben</i></p>\n<p><i>3 D\u00e9penses courantes</i></p>\n<p>[VS]</p>\n<p><i>Antrag der Kommission</i></p>\n<p>31 Sachausgaben (IT)</p>\n<p>40 Investitionsg\u00fcter (IT)</p>\n<p>Festhalten </p>\n<p>[VS]</p>\n<p><i>Proposition de la commission</i></p>\n<p>31 Biens et services (TI)</p>\n<p>40 Biens d'investissement (TI)</p>\n<p>Maintenir</p>\n</pd_text>","MeetingCouncilAbbreviation":"S","MeetingDate":"20041215","MeetingVerbalixOid":1267,"IdSession":"4706","SpeakerFirstName":"Bruno","SpeakerLastName":"Frick","SpeakerFullName":"Frick Bruno","SpeakerFunction":"1VP-M","CouncilId":2,"CouncilName":"St\u00e4nderat","CantonId":5,"CantonName":"Schwyz","CantonAbbreviation":"SZ","ParlGroupName":"Christlichdemokratische Fraktion","ParlGroupAbbreviation":"M-E","SortOrder":15,"Start":"\/Date(1103108977067)\/","End":"\/Date(1103108988597)\/","Function":"P-M","DisplaySpeaker":false,"LanguageOfText":null,"Modified":"\/Date(1510849580213)\/","StartTimeWithTimezone":"\/Date(1103108977067+0060)\/","EndTimeWithTimezone":"\/Date(1103108988597+0060)\/","VoteBusinessNumber":null,"VoteBusinessShortNumber":null,"VoteBusinessTitle":null},{"__metadata":{"id":"https://ws.parlament.ch/OData.svc/Transcript(ID=49402L,Language='DE')","uri":"https://ws.parlament.ch/OData.svc/Transcript(ID=49402L,Language='DE')","type":"itsystems.Pd.DataServices.DataModel.Transcript"},"Subjects":{"__deferred":{"uri":"https://ws.parlament.ch/OData.svc/Transcript(ID=49402L,Language='DE')/Subjects"}},"MembersCouncil":{"__deferred":{"uri":"https://ws.parlament.ch/OData.svc/Transcript(ID=49402L,Language='DE')/MembersCouncil"}},"Businesses":{"__deferred":{"uri":"https://ws.parlament.ch/OData.svc/Transcript(ID=49402L,Language='DE')/Businesses"}},"ID":"49402","Language":"DE","IdSubject":"8242","VoteId":null,"PersonNumber":541,"Type":1,"Text":"<pd_text><p>Sie gestatten eine Bemerkung aus der Subkommission: Hier geht es darum - das k\u00f6nnen Sie gar nicht wissen -, die Lawinensicherheit, die Schutzw\u00e4lder sicherzustellen. Das ist im Rahmen dieser Gespr\u00e4che so zustande gekommen. Wenn Sie hier zustimmen, dann erm\u00f6glichen Sie also diesen Transfer zu den Schutzwaldungen, andernfalls gef\u00e4hrden Sie ihn. Diese Information ist im Nationalrat vermutlich nicht vorhanden gewesen.</p>\n<p>Ich bitte Sie, an Ihrem Beschluss festzuhalten.</p>\n</pd_text>","MeetingCouncilAbbreviation":"S","MeetingDate":"20041215","MeetingVerbalixOid":1267,"IdSession":"4706","SpeakerFirstName":"Thomas","SpeakerLastName":"Pfisterer","SpeakerFullName":"Pfisterer Thomas","SpeakerFunction":"Mit-M","CouncilId":2,"CouncilName":"St\u00e4nderat","CantonId":19,"CantonName":"Aargau","CantonAbbreviation":"AG","ParlGroupName":"Freisinnig-demokratische Fraktion","ParlGroupAbbreviation":"RL","SortOrder":14,"Start":"\/Date(1103108938757)\/","End":"\/Date(1103108977067)\/","Function":"Mit-M","DisplaySpeaker":true,"LanguageOfText":"DE","Modified":"\/Date(1510849580213)\/","StartTimeWithTimezone":"\/Date(1103108938757+0060)\/","EndTimeWithTimezone":"\/Date(1103108977067+0060)\/","VoteBusinessNumber":null,"VoteBusinessShortNumber":null,"VoteBusinessTitle":null},{"__metadata":{"id":"https://ws.parlament.ch/OData.svc/Transcript(ID=49403L,Language='DE')","uri":"https://ws.parlament.ch/OData.svc/Transcript(ID=49403L,Language='DE')","type":"itsystems.Pd.DataServices.DataModel.Transcript"},"Subjects":{"__deferred":{"uri":"https://ws.parlament.ch/OData.svc/Transcript(ID=49403L,Language='DE')/Subjects"}},"MembersCouncil":{"__deferred":{"uri":"https://ws.parlament.ch/OData.svc/Transcript(ID=49403L,Language='DE')/MembersCouncil"}},"Businesses":{"__deferred":{"uri":"https://ws.parlament.ch/OData.svc/Transcript(ID=49403L,Language='DE')/Businesses"}},"ID":"49403","Language":"DE","IdSubject":"8242","VoteId":null,"PersonNumber":805,"Type":1,"Text":"<pd_text><p>Hier will die Kommission einmal mehr darauf hinweisen, dass sie zum Buwal und zum Bundesamt f\u00fcr Raumentwicklung, zusammen mit dem Bundesrat und der Verwaltung, bei der Vorbereitung unserer Verhandlungen eine wirklich differenzierte L\u00f6sung ausgearbeitet hat. Wir wollen nicht davon abweichen, und wir beantragen Ihnen deshalb, an Ihrem Beschluss festzuhalten.</p>\n</pd_text>","MeetingCouncilAbbreviation":"S","MeetingDate":"20041215","MeetingVerbalixOid":1267,"IdSession":"4706","SpeakerFirstName":"Hans","SpeakerLastName":"Lauri","SpeakerFullName":"Lauri Hans","SpeakerFunction":"Mit-M","CouncilId":2,"CouncilName":"St\u00e4nderat","CantonId":2,"CantonName":"Bern","CantonAbbreviation":"BE","ParlGroupName":"Fraktion der Schweizerischen Volkspartei","ParlGroupAbbreviation":"V","SortOrder":13,"Start":"\/Date(1103108914583)\/","End":"\/Date(1103108938757)\/","Function":"*","DisplaySpeaker":true,"LanguageOfText":"DE","Modified":"\/Date(1510849580213)\/","StartTimeWithTimezone":"\/Date(1103108914583+0060)\/","EndTimeWithTimezone":"\/Date(1103108938757+0060)\/","VoteBusinessNumber":null,"VoteBusinessShortNumber":null,"VoteBusinessTitle":null},{"__metadata":{"id":"https://ws.parlament.ch/OData.svc/Transcript(ID=49404L,Language='DE')","uri":"https://ws.parlament.ch/OData.svc/Transcript(ID=49404L,Language='DE')","type":"itsystems.Pd.DataServices.DataModel.Transcript"},"Subjects":{"__deferred":{"uri":"https://ws.parlament.ch/OData.svc/Transcript(ID=49404L,Language='DE')/Subjects"}},"MembersCouncil":{"__deferred":{"uri":"https://ws.parlament.ch/OData.svc/Transcript(ID=49404L,Language='DE')/MembersCouncil"}},"Businesses":{"__deferred":{"uri":"https://ws.parlament.ch/OData.svc/Transcript(ID=49404L,Language='DE')/Businesses"}},"ID":"49404","Language":"DE","IdSubject":"8242","VoteId":null,"PersonNumber":85,"Type":1,"Text":"<pd_text><p><b>1. Finanzrechnung </b></p>\n<p><b>1. Compte financier </b></p>\n<p>[VS]</p>\n<p><b>Departement des Innern - D\u00e9partement de l'int\u00e9rieur</b></p>\n<p>[VS]</p>\n<p><i>306 Bundesamt f\u00fcr Kultur</i></p>\n<p><i>306 Office f\u00e9d\u00e9ral de la culture</i></p>\n<p>[VS]</p>\n<p><i>Antrag der Mehrheit</i></p>\n<p>3600.001 Stiftung Pro Helvetia</p>\n<p>Festhalten</p>\n<p>[VS]</p>\n<p><i>Antrag der Minderheit</i></p>\n<p>(Gentil, Brunner Christiane, Leuenberger-Solothurn)</p>\n<p>3600.001 Stiftung Pro Helvetia</p>\n<p>Zustimmung zum Beschluss des Nationalrates</p>\n<p>[VS]</p>\n<p><i>Proposition de la majorit\u00e9</i></p>\n<p>3600.001 Fondation Pro Helvetia</p>\n<p>Maintenir</p>\n<p>[VS]</p>\n<p><i>Proposition de la minorit\u00e9</i></p>\n<p>(Gentil, Brunner Christiane, Leuenberger-Solothurn)</p>\n<p>3600.001 Fondation Pro Helvetia</p>\n<p>Adh\u00e9rer \u00e0 la d\u00e9cision du Conseil national</p>\n</pd_text>","MeetingCouncilAbbreviation":"S","MeetingDate":"20041215","MeetingVerbalixOid":1267,"IdSession":"4706","SpeakerFirstName":"Bruno","SpeakerLastName":"Frick","SpeakerFullName":"Frick Bruno","SpeakerFunction":"1VP-M","CouncilId":2,"CouncilName":"St\u00e4nderat","CantonId":5,"CantonName":"Schwyz","CantonAbbreviation":"SZ","ParlGroupName":"Christlichdemokratische Fraktion","ParlGroupAbbreviation":"M-E","SortOrder":1,"Start":"\/Date(1103107907173)\/","End":"\/Date(1103108254420)\/","Function":"P-M","DisplaySpeaker":false,"LanguageOfText":null,"Modified":"\/Date(1510849580197)\/","StartTimeWithTimezone":"\/Date(1103107907173+0060)\/","EndTimeWithTimezone":"\/Date(1103108254420+0060)\/","VoteBusinessNumber":null,"VoteBusinessShortNumber":null,"VoteBusinessTitle":null},{"__metadata":{"id":"https://ws.parlament.ch/OData.svc/Transcript(ID=49405L,Language='DE')","uri":"https://ws.parlament.ch/OData.svc/Transcript(ID=49405L,Language='DE')","type":"itsystems.Pd.DataServices.DataModel.Transcript"},"Subjects":{"__deferred":{"uri":"https://ws.parlament.ch/OData.svc/Transcript(ID=49405L,Language='DE')/Subjects"}},"MembersCouncil":{"__deferred":{"uri":"https://ws.parlament.ch/OData.svc/Transcript(ID=49405L,Language='DE')/MembersCouncil"}},"Businesses":{"__deferred":{"uri":"https://ws.parlament.ch/OData.svc/Transcript(ID=49405L,Language='DE')/Businesses"}},"ID":"49405","Language":"DE","IdSubject":"8242","VoteId":null,"PersonNumber":805,"Type":1,"Text":"<pd_text><p>Die Finanzkommission hat, w\u00e4hrenddem der Rat hier tagte, eine Kommissionssitzung zu den Beschl\u00fcssen des Nationalrates von heute Morgen durchgef\u00fchrt. Bei der Position Pro Helvetia hat sie festgestellt, dass es um eine betont allgemeinpolitische und nicht vorab finanzpolitische Frage geht, die hier zur Diskussion steht. Sie gab sich auch Rechenschaft \u00fcber den gestrigen Entscheid des St\u00e4nderates, welcher auf Festhalten am tieferen Betrag von 33 Millionen Franken lautete. Sie hat diesen Entscheid des Plenums von gestern heute zu ihrer Mehrheitsentscheidung gemacht und stellt Ihnen hiermit entsprechend Antrag. Daneben gibt es aber noch den Antrag der Minderheit Gentil.</p>\n</pd_text>","MeetingCouncilAbbreviation":"S","MeetingDate":"20041215","MeetingVerbalixOid":1267,"IdSession":"4706","SpeakerFirstName":"Hans","SpeakerLastName":"Lauri","SpeakerFullName":"Lauri Hans","SpeakerFunction":"Mit-M","CouncilId":2,"CouncilName":"St\u00e4nderat","CantonId":2,"CantonName":"Bern","CantonAbbreviation":"BE","ParlGroupName":"Fraktion der Schweizerischen Volkspartei","ParlGroupAbbreviation":"V","SortOrder":2,"Start":"\/Date(1103108254420)\/","End":"\/Date(1103108309887)\/","Function":"*","DisplaySpeaker":true,"LanguageOfText":"DE","Modified":"\/Date(1510849580197)\/","StartTimeWithTimezone":"\/Date(1103108254420+0060)\/","EndTimeWithTimezone":"\/Date(1103108309887+0060)\/","VoteBusinessNumber":null,"VoteBusinessShortNumber":null,"VoteBusinessTitle":null},{"__metadata":{"id":"https://ws.parlament.ch/OData.svc/Transcript(ID=49406L,Language='DE')","uri":"https://ws.parlament.ch/OData.svc/Transcript(ID=49406L,Language='DE')","type":"itsystems.Pd.DataServices.DataModel.Transcript"},"Subjects":{"__deferred":{"uri":"https://ws.parlament.ch/OData.svc/Transcript(ID=49406L,Language='DE')/Subjects"}},"MembersCouncil":{"__deferred":{"uri":"https://ws.parlament.ch/OData.svc/Transcript(ID=49406L,Language='DE')/MembersCouncil"}},"Businesses":{"__deferred":{"uri":"https://ws.parlament.ch/OData.svc/Transcript(ID=49406L,Language='DE')/Businesses"}},"ID":"49406","Language":"DE","IdSubject":"8242","VoteId":null,"PersonNumber":371,"Type":1,"Text":"<pd_text><p>Comme vient de le dire Monsieur Lauri, tous les arguments ont \u00e9t\u00e9 expos\u00e9s dans cette affaire. Je n'ai rien \u00e0 ajouter \u00e0 la proposition de la minorit\u00e9, si ce n'est pour vous dire qu'il serait naturellement souhaitable que vous la transformiez en d\u00e9cision de la majorit\u00e9 des membres de ce conseil.</p>\n</pd_text>","MeetingCouncilAbbreviation":"S","MeetingDate":"20041215","MeetingVerbalixOid":1267,"IdSession":"4706","SpeakerFirstName":"Pierre-Alain","SpeakerLastName":"Gentil","SpeakerFullName":"Gentil Pierre-Alain","SpeakerFunction":"Mit-M","CouncilId":2,"CouncilName":"St\u00e4nderat","CantonId":26,"CantonName":"Jura","CantonAbbreviation":"JU","ParlGroupName":"Sozialdemokratische Fraktion","ParlGroupAbbreviation":"S","SortOrder":3,"Start":"\/Date(1103108309887)\/","End":"\/Date(1103108333013)\/","Function":"Mit-M","DisplaySpeaker":true,"LanguageOfText":"FR","Modified":"\/Date(1510849580197)\/","StartTimeWithTimezone":"\/Date(1103108309887+0060)\/","EndTimeWithTimezone":"\/Date(1103108333013+0060)\/","VoteBusinessNumber":null,"VoteBusinessShortNumber":null,"VoteBusinessTitle":null},{"__metadata":{"id":"https://ws.parlament.ch/OData.svc/Transcript(ID=49407L,Language='DE')","uri":"https://ws.parlament.ch/OData.svc/Transcript(ID=49407L,Language='DE')","type":"itsystems.Pd.DataServices.DataModel.Transcript"},"Subjects":{"__deferred":{"uri":"https://ws.parlament.ch/OData.svc/Transcript(ID=49407L,Language='DE')/Subjects"}},"MembersCouncil":{"__deferred":{"uri":"https://ws.parlament.ch/OData.svc/Transcript(ID=49407L,Language='DE')/MembersCouncil"}},"Businesses":{"__deferred":{"uri":"https://ws.parlament.ch/OData.svc/Transcript(ID=49407L,Language='DE')/Businesses"}},"ID":"49407","Language":"DE","IdSubject":"8242","VoteId":null,"PersonNumber":133,"Type":1,"Text":"<pd_text><p>Beerdigungen haben schicklich zu sein, die Argumentation hat aber w\u00fcrdig zu bleiben. Sie erlauben mir, hier eine kulturpolitische Bemerkung zu machen: Der Entscheid, der hier in wenigen Momenten gef\u00e4llt werden wird, ist eine eklatante Niederlage der Liberalen in diesem Saal, und es ist eine Niederlage jener, denen Liberalit\u00e4t - auch \"Ferne vom Staat\" - etwas bedeutet. Es ist ein Sieg jener politischen Milieus, die der Zuger Schriftsteller Thomas H\u00fcrlimann in seinem Roman \"Der grosse Kater\" beschrieben hat. Es ist eine Mentalit\u00e4t, die auch Zeichen einer reaktion\u00e4ren Mentalit\u00e4t enth\u00e4lt.</p>\n<p>Ich muss Ihnen sagen, das ist der schwierigste Moment, den ich durchlebe, seit ich diesem Parlament angeh\u00f6re. Ich bin das Verlieren gewohnt. Es geht auch nicht um diese Million; es geht um die Argumentation, die hier vorgetragen worden ist. Ich will damit schliessen, dass ich sage: W\u00e4re Herr Schweiger nicht krank geworden, er h\u00e4tte in dieser Sache einige Dinge gesagt, die vermutlich zu einem anderen Resultat gef\u00fchrt h\u00e4tten. </p>\n<p>Ich stimme \u00fcberzeugt mit der Minderheit, und ich weiss, dass wir nun mit wehenden Fahnen untergehen werden. Aber es geht mehr als diese Million unter - glauben Sie mir.</p>\n</pd_text>","MeetingCouncilAbbreviation":"S","MeetingDate":"20041215","MeetingVerbalixOid":1267,"IdSession":"4706","SpeakerFirstName":"Ernst","SpeakerLastName":"Leuenberger","SpeakerFullName":"Leuenberger Ernst","SpeakerFunction":"Mit-M","CouncilId":2,"CouncilName":"St\u00e4nderat","CantonId":11,"CantonName":"Solothurn","CantonAbbreviation":"SO","ParlGroupName":"Sozialdemokratische Fraktion","ParlGroupAbbreviation":"S","SortOrder":4,"Start":"\/Date(1103108344277)\/","End":"\/Date(1103108462607)\/","Function":"Mit-M","DisplaySpeaker":true,"LanguageOfText":"DE","Modified":"\/Date(1510849580197)\/","StartTimeWithTimezone":"\/Date(1103108344277+0060)\/","EndTimeWithTimezone":"\/Date(1103108462607+0060)\/","VoteBusinessNumber":null,"VoteBusinessShortNumber":null,"VoteBusinessTitle":null},{"__metadata":{"id":"https://ws.parlament.ch/OData.svc/Transcript(ID=49408L,Language='DE')","uri":"https://ws.parlament.ch/OData.svc/Transcript(ID=49408L,Language='DE')","type":"itsystems.Pd.DataServices.DataModel.Transcript"},"Subjects":{"__deferred":{"uri":"https://ws.parlament.ch/OData.svc/Transcript(ID=49408L,Language='DE')/Subjects"}},"MembersCouncil":{"__deferred":{"uri":"https://ws.parlament.ch/OData.svc/Transcript(ID=49408L,Language='DE')/MembersCouncil"}},"Businesses":{"__deferred":{"uri":"https://ws.parlament.ch/OData.svc/Transcript(ID=49408L,Language='DE')/Businesses"}},"ID":"49408","Language":"DE","IdSubject":"8242","VoteId":null,"PersonNumber":466,"Type":1,"Text":"<pd_text><p>Ich habe Sie vor einer Woche eindringlich darum gebeten, sich nicht provozieren zu lassen, sondern in dieser Aff\u00e4re gelassen zu bleiben. Ich habe darauf gez\u00e4hlt, dass die Chambre de R\u00e9flexion ihrem Unmut Ausdruck gibt - das ist in Ordnung -, aber dann wieder reflektiert. Sie sind daran, auf dem Buckel einer Kulturinstitution eine Machtfrage auszutragen. Was bringt das? Sie sind daran, eine durch die Medien skandalisierte Ausstellung zu qualifizieren. Sie sind daran, einen K\u00fcnstler, \u00fcber dessen Ausstellung man tats\u00e4chlich streiten kann, schweizweit bekannt zu machen. Sie sind daran, Artikel 21 der Bundesverfassung, die Kulturfreiheit, zu tangieren. Statt eine Kulturdebatte zu f\u00fchren, sind Sie daran, eine Strafaktion durchzuf\u00fchren, eine Machtfrage zu zementieren.</p>\n<p>Ich wundere mich, wie schnell hier eine Mehrheit bereit ist, liberale Grundwerte aufzugeben. Das entt\u00e4uscht mich.</p>\n</pd_text>","MeetingCouncilAbbreviation":"S","MeetingDate":"20041215","MeetingVerbalixOid":1267,"IdSession":"4706","SpeakerFirstName":"Anita","SpeakerLastName":"Fetz","SpeakerFullName":"Fetz Anita","SpeakerFunction":"Mit-F","CouncilId":2,"CouncilName":"St\u00e4nderat","CantonId":12,"CantonName":"Basel-Stadt","CantonAbbreviation":"BS","ParlGroupName":"Sozialdemokratische Fraktion","ParlGroupAbbreviation":"S","SortOrder":5,"Start":"\/Date(1103108474697)\/","End":"\/Date(1103108561227)\/","Function":"Mit-F","DisplaySpeaker":true,"LanguageOfText":"DE","Modified":"\/Date(1510849580197)\/","StartTimeWithTimezone":"\/Date(1103108474697+0060)\/","EndTimeWithTimezone":"\/Date(1103108561227+0060)\/","VoteBusinessNumber":null,"VoteBusinessShortNumber":null,"VoteBusinessTitle":null},{"__metadata":{"id":"https://ws.parlament.ch/OData.svc/Transcript(ID=49409L,Language='DE')","uri":"https://ws.parlament.ch/OData.svc/Transcript(ID=49409L,Language='DE')","type":"itsystems.Pd.DataServices.DataModel.Transcript"},"Subjects":{"__deferred":{"uri":"https://ws.parlament.ch/OData.svc/Transcript(ID=49409L,Language='DE')/Subjects"}},"MembersCouncil":{"__deferred":{"uri":"https://ws.parlament.ch/OData.svc/Transcript(ID=49409L,Language='DE')/MembersCouncil"}},"Businesses":{"__deferred":{"uri":"https://ws.parlament.ch/OData.svc/Transcript(ID=49409L,Language='DE')/Businesses"}},"ID":"49409","Language":"DE","IdSubject":"8242","VoteId":null,"PersonNumber":538,"Type":1,"Text":"<pd_text><p>Gestatten Sie mir, im Sinne einer pers\u00f6nlichen Erkl\u00e4rung Folgendes festzustellen. Ich mache diese pers\u00f6nliche Erkl\u00e4rung, glaube ich, auch im Namen vieler hier. Das, was Herr Leuenberger uns vorgeworfen hat, weise ich in aller Form zur\u00fcck und bin auch legitimiert dazu. Ich habe in einem Kanton ein Kulturf\u00f6rderungsgesetz geschaffen, das seinesgleichen sucht. Ich habe eine Kulturstiftung zu gr\u00fcnden mitgeholfen, und meine Beziehung - und die Beziehung vieler von uns - in Bezug auf die Kulturschaffenden steht nicht zur Diskussion.</p>\n<p>Wenn man nun hingeht und das gleichsam als einen Affront und eine reaktion\u00e4re Haltung und die Aufgabe liberalen Gedankengutes betrachtet, dann verwahre ich mich gegen diesen Vorwurf in aller Form.</p>\n</pd_text>","MeetingCouncilAbbreviation":"S","MeetingDate":"20041215","MeetingVerbalixOid":1267,"IdSession":"4706","SpeakerFirstName":"Hermann","SpeakerLastName":"B\u00fcrgi","SpeakerFullName":"B\u00fcrgi Hermann","SpeakerFunction":"Mit-M","CouncilId":2,"CouncilName":"St\u00e4nderat","CantonId":20,"CantonName":"Thurgau","CantonAbbreviation":"TG","ParlGroupName":"Fraktion der Schweizerischen Volkspartei","ParlGroupAbbreviation":"V","SortOrder":6,"Start":"\/Date(1103108561227)\/","End":"\/Date(1103108627260)\/","Function":"Mit-M","DisplaySpeaker":true,"LanguageOfText":"DE","Modified":"\/Date(1510849580197)\/","StartTimeWithTimezone":"\/Date(1103108561227+0060)\/","EndTimeWithTimezone":"\/Date(1103108627260+0060)\/","VoteBusinessNumber":null,"VoteBusinessShortNumber":null,"VoteBusinessTitle":null},{"__metadata":{"id":"https://ws.parlament.ch/OData.svc/Transcript(ID=49410L,Language='DE')","uri":"https://ws.parlament.ch/OData.svc/Transcript(ID=49410L,Language='DE')","type":"itsystems.Pd.DataServices.DataModel.Transcript"},"Subjects":{"__deferred":{"uri":"https://ws.parlament.ch/OData.svc/Transcript(ID=49410L,Language='DE')/Subjects"}},"MembersCouncil":{"__deferred":{"uri":"https://ws.parlament.ch/OData.svc/Transcript(ID=49410L,Language='DE')/MembersCouncil"}},"Businesses":{"__deferred":{"uri":"https://ws.parlament.ch/OData.svc/Transcript(ID=49410L,Language='DE')/Businesses"}},"ID":"49410","Language":"DE","IdSubject":"8242","VoteId":null,"PersonNumber":37,"Type":1,"Text":"<pd_text><p>Ich lasse mir in dieser Frage und in dieser Sache nicht das Pr\u00e4dikat \"reaktion\u00e4r\" anh\u00e4ngen; das geht zu weit! Und \"liberal\" zu definieren, das lassen Sie uns Liberale selber machen! Ich w\u00fcrde etwa so sagen: Liberal sein heisst, den st\u00e4ndigen Verdacht zu haben, dass auch der andere Recht haben k\u00f6nnte. </p>\n<p>Ich bitte Sie, uns eben diese Liberalit\u00e4t zu lassen, in dieser Frage nach unserem Gewissen zu entscheiden, und das nicht als reaktion\u00e4r auszulegen.</p>\n</pd_text>","MeetingCouncilAbbreviation":"S","MeetingDate":"20041215","MeetingVerbalixOid":1267,"IdSession":"4706","SpeakerFirstName":"Rolf","SpeakerLastName":"B\u00fcttiker","SpeakerFullName":"B\u00fcttiker Rolf","SpeakerFunction":"2VP-M","CouncilId":2,"CouncilName":"St\u00e4nderat","CantonId":11,"CantonName":"Solothurn","CantonAbbreviation":"SO","ParlGroupName":"Freisinnig-demokratische Fraktion","ParlGroupAbbreviation":"RL","SortOrder":7,"Start":"\/Date(1103108627260)\/","End":"\/Date(1103108674960)\/","Function":"Mit-M","DisplaySpeaker":true,"LanguageOfText":"DE","Modified":"\/Date(1510849580197)\/","StartTimeWithTimezone":"\/Date(1103108627260+0060)\/","EndTimeWithTimezone":"\/Date(1103108674960+0060)\/","VoteBusinessNumber":null,"VoteBusinessShortNumber":null,"VoteBusinessTitle":null},{"__metadata":{"id":"https://ws.parlament.ch/OData.svc/Transcript(ID=49411L,Language='DE')","uri":"https://ws.parlament.ch/OData.svc/Transcript(ID=49411L,Language='DE')","type":"itsystems.Pd.DataServices.DataModel.Transcript"},"Subjects":{"__deferred":{"uri":"https://ws.parlament.ch/OData.svc/Transcript(ID=49411L,Language='DE')/Subjects"}},"MembersCouncil":{"__deferred":{"uri":"https://ws.parlament.ch/OData.svc/Transcript(ID=49411L,Language='DE')/MembersCouncil"}},"Businesses":{"__deferred":{"uri":"https://ws.parlament.ch/OData.svc/Transcript(ID=49411L,Language='DE')/Businesses"}},"ID":"49411","Language":"DE","IdSubject":"8242","VoteId":null,"PersonNumber":85,"Type":1,"Text":"<pd_text><p><i>Abstimmung - Vote</i></p>\n<p>F\u00fcr den Antrag der Mehrheit .... 23 Stimmen</p>\n<p>F\u00fcr den Antrag der Minderheit .... 10 Stimmen</p>\n<p>[VS]</p>\n<p>[VS] [PAGE 905] </p>\n<p><b>Departement f\u00fcr Verteidigung, Bev\u00f6lkerungsschutz und Sport</b></p>\n<p><b>D\u00e9partement de la d\u00e9fense, de la protection de la population et des sports</b></p>\n<p>[VS]</p>\n<p><i>504 Bundesamt f\u00fcr Sport</i></p>\n<p><i>504 Office f\u00e9d\u00e9ral du sport</i></p>\n<p>[VS]</p>\n<p><i>Antrag der Kommission</i></p>\n<p>3600.006 Entsch\u00e4digungen f\u00fcr Jugend+Sport-Aktivit\u00e4ten</p>\n<p>Festhalten</p>\n<p>[VS]</p>\n<p><i>Proposition de la commission</i></p>\n<p>3600.006 Indemnit\u00e9s vers\u00e9es pour les activit\u00e9s de Jeunesse+Sport</p>\n<p>Maintenir</p>\n</pd_text>","MeetingCouncilAbbreviation":"S","MeetingDate":"20041215","MeetingVerbalixOid":1267,"IdSession":"4706","SpeakerFirstName":"Bruno","SpeakerLastName":"Frick","SpeakerFullName":"Frick Bruno","SpeakerFunction":"1VP-M","CouncilId":2,"CouncilName":"St\u00e4nderat","CantonId":5,"CantonName":"Schwyz","CantonAbbreviation":"SZ","ParlGroupName":"Christlichdemokratische Fraktion","ParlGroupAbbreviation":"M-E","SortOrder":8,"Start":"\/Date(1103108674960)\/","End":"\/Date(1103108743587)\/","Function":"P-M","DisplaySpeaker":false,"LanguageOfText":null,"Modified":"\/Date(1510849580197)\/","StartTimeWithTimezone":"\/Date(1103108674960+0060)\/","EndTimeWithTimezone":"\/Date(1103108743587+0060)\/","VoteBusinessNumber":null,"VoteBusinessShortNumber":null,"VoteBusinessTitle":null},{"__metadata":{"id":"https://ws.parlament.ch/OData.svc/Transcript(ID=49412L,Language='DE')","uri":"https://ws.parlament.ch/OData.svc/Transcript(ID=49412L,Language='DE')","type":"itsystems.Pd.DataServices.DataModel.Transcript"},"Subjects":{"__deferred":{"uri":"https://ws.parlament.ch/OData.svc/Transcript(ID=49412L,Language='DE')/Subjects"}},"MembersCouncil":{"__deferred":{"uri":"https://ws.parlament.ch/OData.svc/Transcript(ID=49412L,Language='DE')/MembersCouncil"}},"Businesses":{"__deferred":{"uri":"https://ws.parlament.ch/OData.svc/Transcript(ID=49412L,Language='DE')/Businesses"}},"ID":"49412","Language":"DE","IdSubject":"8242","VoteId":null,"PersonNumber":805,"Type":1,"Text":"<pd_text><p>Die Kommission ist der Auffassung, die Argumente seien hier ausreichend pr\u00e4sentiert worden, sodass wir uns weitere Bemerkungen ersparen. Wir bitten Sie, an Ihrem Beschluss festzuhalten.</p>\n</pd_text>","MeetingCouncilAbbreviation":"S","MeetingDate":"20041215","MeetingVerbalixOid":1267,"IdSession":"4706","SpeakerFirstName":"Hans","SpeakerLastName":"Lauri","SpeakerFullName":"Lauri Hans","SpeakerFunction":"Mit-M","CouncilId":2,"CouncilName":"St\u00e4nderat","CantonId":2,"CantonName":"Bern","CantonAbbreviation":"BE","ParlGroupName":"Fraktion der Schweizerischen Volkspartei","ParlGroupAbbreviation":"V","SortOrder":9,"Start":"\/Date(1103108743587)\/","End":"\/Date(1103108757287)\/","Function":"*","DisplaySpeaker":true,"LanguageOfText":"DE","Modified":"\/Date(1510849580197)\/","StartTimeWithTimezone":"\/Date(1103108743587+0060)\/","EndTimeWithTimezone":"\/Date(1103108757287+0060)\/","VoteBusinessNumber":null,"VoteBusinessShortNumber":null,"VoteBusinessTitle":null},{"__metadata":{"id":"https://ws.parlament.ch/OData.svc/Transcript(ID=49413L,Language='DE')","uri":"https://ws.parlament.ch/OData.svc/Transcript(ID=49413L,Language='DE')","type":"itsystems.Pd.DataServices.DataModel.Transcript"},"Subjects":{"__deferred":{"uri":"https://ws.parlament.ch/OData.svc/Transcript(ID=49413L,Language='DE')/Subjects"}},"MembersCouncil":{"__deferred":{"uri":"https://ws.parlament.ch/OData.svc/Transcript(ID=49413L,Language='DE')/MembersCouncil"}},"Businesses":{"__deferred":{"uri":"https://ws.parlament.ch/OData.svc/Transcript(ID=49413L,Language='DE')/Businesses"}},"ID":"49413","Language":"DE","IdSubject":"8242","VoteId":null,"PersonNumber":85,"Type":1,"Text":"<pd_text><p><i>Angenommen - Adopt\u00e9</i></p>\n<p>[VS]</p>\n<p>[VS]</p>\n<p><b>Departement f\u00fcr Umwelt, Verkehr, Energie und Kommunikation</b></p>\n<p><b>D\u00e9partement de l'environnement, des transports, de l'\u00e9nergie et de la communication</b></p>\n<p>[VS]</p>\n<p><i>802 Bundesamt f\u00fcr Verkehr</i></p>\n<p><i>802 Office f\u00e9d\u00e9ral des transports</i></p>\n<p>[VS]</p>\n<p><i>Antrag der Kommission</i></p>\n<p>3600.003 LV SBB Betriebsbeitrag Infrastruktur</p>\n<p>3600.204 Trassenpreisverbilligung Wagenladungsverkehr</p>\n<p>Zustimmung zum Beschluss des Nationalrates</p>\n<p>[VS]</p>\n<p><i>Proposition de la commission</i></p>\n<p>3600.003 CP des CFF, contribution d'exploitation pour l'infrastructure</p>\n<p>3600.204 R\u00e9duction sur le prix du sillon ferroviaire, trafic combin\u00e9</p>\n<p>Adh\u00e9rer \u00e0 la d\u00e9cision du Conseil national</p>\n<p>[VS]</p>\n<p><i>803 Bundesamt f\u00fcr Zivilluftfahrt</i></p>\n<p><i>803 Office f\u00e9d\u00e9ral de l'aviation civile</i></p>\n<p>[VS]</p>\n<p><i>Antrag der Kommission</i></p>\n<p>5310.001 Geb\u00fchren</p>\n<p>Zustimmung zum Beschluss des Nationalrates</p>\n<p>[VS]</p>\n<p><i>Proposition de la commission</i></p>\n<p>5310.001 Emoluments</p>\n<p>Adh\u00e9rer \u00e0 la d\u00e9cision du Conseil national</p>\n</pd_text>","MeetingCouncilAbbreviation":"S","MeetingDate":"20041215","MeetingVerbalixOid":1267,"IdSession":"4706","SpeakerFirstName":"Bruno","SpeakerLastName":"Frick","SpeakerFullName":"Frick Bruno","SpeakerFunction":"1VP-M","CouncilId":2,"CouncilName":"St\u00e4nderat","CantonId":5,"CantonName":"Schwyz","CantonAbbreviation":"SZ","ParlGroupName":"Christlichdemokratische Fraktion","ParlGroupAbbreviation":"M-E","SortOrder":10,"Start":"\/Date(1103108757287)\/","End":"\/Date(1103108785240)\/","Function":"P-M","DisplaySpeaker":false,"LanguageOfText":null,"Modified":"\/Date(1510849580197)\/","StartTimeWithTimezone":"\/Date(1103108757287+0060)\/","EndTimeWithTimezone":"\/Date(1103108785240+0060)\/","VoteBusinessNumber":null,"VoteBusinessShortNumber":null,"VoteBusinessTitle":null},{"__metadata":{"id":"https://ws.parlament.ch/OData.svc/Transcript(ID=49414L,Language='DE')","uri":"https://ws.parlament.ch/OData.svc/Transcript(ID=49414L,Language='DE')","type":"itsystems.Pd.DataServices.DataModel.Transcript"},"Subjects":{"__deferred":{"uri":"https://ws.parlament.ch/OData.svc/Transcript(ID=49414L,Language='DE')/Subjects"}},"MembersCouncil":{"__deferred":{"uri":"https://ws.parlament.ch/OData.svc/Transcript(ID=49414L,Language='DE')/MembersCouncil"}},"Businesses":{"__deferred":{"uri":"https://ws.parlament.ch/OData.svc/Transcript(ID=49414L,Language='DE')/Businesses"}},"ID":"49414","Language":"DE","IdSubject":"8242","VoteId":null,"PersonNumber":541,"Type":1,"Text":"<pd_text><p>Die Kommission beantragt Ihnen, bei den Positionen Leistungsvereinbarung SBB und Trassenpreisverbilligung dem Nationalrat zu folgen. Es geht hier quantitativ um die wichtigste Frage der Differenzbereinigung. Die beiden Positionen sind wegen der Schuldenbremse miteinander verkn\u00fcpft, sie sind es nicht von der Sache her. Schliesslich wird Wert darauf gelegt, dass wir auf das Problem der Trassenpreisverbilligung im Rahmen des Entlastungsprogramms 2004 zur\u00fcckkommen. Es wird sich dort die Frage stellen, wie man trotz des Budgetbeschlusses f\u00fcr 2005 auf dem Abbaupfad bleibt.</p>\n<p>Schliesslich darf ich noch eine Bemerkung zum Bereich Zivilluftfahrt machen, damit ich nicht ein weiteres Mal das Wort verlangen muss. Wir beantragen auch dort, dem Nationalrat zuzustimmen. Darin liegt selbstverst\u00e4ndlich einmal mehr keine Aussage zur Frage, ob diese Aufsichtsabgaben erhoben werden d\u00fcrfen oder sollen.</p>\n</pd_text>","MeetingCouncilAbbreviation":"S","MeetingDate":"20041215","MeetingVerbalixOid":1267,"IdSession":"4706","SpeakerFirstName":"Thomas","SpeakerLastName":"Pfisterer","SpeakerFullName":"Pfisterer Thomas","SpeakerFunction":"Mit-M","CouncilId":2,"CouncilName":"St\u00e4nderat","CantonId":19,"CantonName":"Aargau","CantonAbbreviation":"AG","ParlGroupName":"Freisinnig-demokratische Fraktion","ParlGroupAbbreviation":"RL","SortOrder":11,"Start":"\/Date(1103108785240)\/","End":"\/Date(1103108862367)\/","Function":"*","DisplaySpeaker":true,"LanguageOfText":"DE","Modified":"\/Date(1510849580197)\/","StartTimeWithTimezone":"\/Date(1103108785240+0060)\/","EndTimeWithTimezone":"\/Date(1103108862367+0060)\/","VoteBusinessNumber":null,"VoteBusinessShortNumber":null,"VoteBusinessTitle":null},{"__metadata":{"id":"https://ws.parlament.ch/OData.svc/Transcript(ID=49415L,Language='DE')","uri":"https://ws.parlament.ch/OData.svc/Transcript(ID=49415L,Language='DE')","type":"itsystems.Pd.DataServices.DataModel.Transcript"},"Subjects":{"__deferred":{"uri":"https://ws.parlament.ch/OData.svc/Transcript(ID=49415L,Language='DE')/Subjects"}},"MembersCouncil":{"__deferred":{"uri":"https://ws.parlament.ch/OData.svc/Transcript(ID=49415L,Language='DE')/MembersCouncil"}},"Businesses":{"__deferred":{"uri":"https://ws.parlament.ch/OData.svc/Transcript(ID=49415L,Language='DE')/Businesses"}},"ID":"49415","Language":"DE","IdSubject":"8242","VoteId":null,"PersonNumber":85,"Type":1,"Text":"<pd_text><p>Auf der Fahne liegt ein Fehler vor. Die Kommission beantragt bei Position 803.5310.001 ebenfalls Zustimmung zum Beschluss des Nationalrates.</p>\n<p>[VS]</p>\n<p><i>Angenommen - Adopt\u00e9</i></p>\n<p>[VS]</p>\n<p><i>810 Bundesamt f\u00fcr Umwelt, Wald und Landschaft</i></p>\n<p><i>810 Office f\u00e9d\u00e9ral de l'environnement, des for\u00eats et du paysage</i></p>\n<p>[VS]</p>\n<p><i>Antrag der Kommission</i></p>\n<p>3180.000 Dienstleistungen Dritter</p>\n<p>3180.001 Vollzug</p>\n<p>Festhalten</p>\n<p>[VS]</p>\n<p><i>Proposition de la commission</i></p>\n<p>3180.000 Prestations de service de tiers</p>\n<p>3180.001 Ex\u00e9cution</p>\n<p>Maintenir</p>\n<p>[VS]</p>\n<p><i>812 Bundesamt f\u00fcr Raumentwicklung</i></p>\n<p><i>812 Office f\u00e9d\u00e9ral du d\u00e9veloppement territorial</i></p>\n<p>[VS]</p>\n<p><i>Antrag der Kommission</i></p>\n<p>3180.000 Dienstleistungen Dritter</p>\n<p>Festhalten</p>\n<p>[VS]</p>\n<p><i>Proposition de la commission</i></p>\n<p>3180.000 Prestations de service de tiers</p>\n<p>Maintenir</p>\n</pd_text>","MeetingCouncilAbbreviation":"S","MeetingDate":"20041215","MeetingVerbalixOid":1267,"IdSession":"4706","SpeakerFirstName":"Bruno","SpeakerLastName":"Frick","SpeakerFullName":"Frick Bruno","SpeakerFunction":"1VP-M","CouncilId":2,"CouncilName":"St\u00e4nderat","CantonId":5,"CantonName":"Schwyz","CantonAbbreviation":"SZ","ParlGroupName":"Christlichdemokratische Fraktion","ParlGroupAbbreviation":"M-E","SortOrder":12,"Start":"\/Date(1103108862367)\/","End":"\/Date(1103108914583)\/","Function":"P-M","DisplaySpeaker":true,"LanguageOfText":"DE","Modified":"\/Date(1510849580197)\/","StartTimeWithTimezone":"\/Date(1103108862367+0060)\/","EndTimeWithTimezone":"\/Date(1103108914583+0060)\/","VoteBusinessNumber":null,"VoteBusinessShortNumber":null,"VoteBusinessTitle":null}]},"ID":"8242","Language":"DE","IdMeeting":"597","VerbalixOid":117112,"SortOrder":13,"Modified":"\/Date(1510849580197)\/"}}