{"d":{"__metadata":{"id":"https://ws.parlament.ch/OData.svc/Subject(ID=8246L,Language='DE')","uri":"https://ws.parlament.ch/OData.svc/Subject(ID=8246L,Language='DE')","type":"itsystems.Pd.DataServices.DataModel.Subject"},"Meetings":{"__metadata":{"id":"https://ws.parlament.ch/OData.svc/Meeting(ID=597L,Language='DE')","uri":"https://ws.parlament.ch/OData.svc/Meeting(ID=597L,Language='DE')","type":"itsystems.Pd.DataServices.DataModel.Meeting"},"Sessions":{"__deferred":{"uri":"https://ws.parlament.ch/OData.svc/Meeting(ID=597L,Language='DE')/Sessions"}},"Subjects":{"__deferred":{"uri":"https://ws.parlament.ch/OData.svc/Meeting(ID=597L,Language='DE')/Subjects"}},"ID":"597","Language":"DE","MeetingNumber":12,"IdSession":4706,"SessionNumber":6,"SessionName":"Wintersession 2004","Council":2,"CouncilName":"St\u00e4nderat","CouncilAbbreviation":"SR","Date":"\/Date(1103068800000)\/","Begin":"0815","Modified":"\/Date(1447069905247)\/","LegislativePeriodNumber":47,"PublicationStatus":"final","MeetingOrderText":"Zw\u00f6lfte Sitzung","SortOrder":12,"Location":"S"},"SubjectsBusiness":{"results":[{"__metadata":{"id":"https://ws.parlament.ch/OData.svc/SubjectBusiness(BusinessNumber=20023786,IdSubject=8246L,Language='DE')","uri":"https://ws.parlament.ch/OData.svc/SubjectBusiness(BusinessNumber=20023786,IdSubject=8246L,Language='DE')","type":"itsystems.Pd.DataServices.DataModel.SubjectBusiness"},"Subjects":{"__deferred":{"uri":"https://ws.parlament.ch/OData.svc/SubjectBusiness(BusinessNumber=20023786,IdSubject=8246L,Language='DE')/Subjects"}},"Businesses":{"__deferred":{"uri":"https://ws.parlament.ch/OData.svc/SubjectBusiness(BusinessNumber=20023786,IdSubject=8246L,Language='DE')/Businesses"}},"IdSubject":"8246","BusinessNumber":20023786,"Language":"DE","BusinessShortNumber":"02.3786","Title":"Unverz\u00fcgliche Ratifikation der Internationalen Seerechtskonvention","SortOrder":1,"PublishedNotes":null,"Modified":"\/Date(1447069197153)\/","TitleDE":"Motion Wyss Ursula.\nUnverz\u00fcgliche Ratifikation\nder Internationalen\nSeerechtskonvention","TitleFR":"Motion Wyss Ursula.\nRatification imm\u00e9diate\nde la Convention internationale\ndu droit de la mer","TitleIT":null}]},"Transcripts":{"results":[{"__metadata":{"id":"https://ws.parlament.ch/OData.svc/Transcript(ID=49424L,Language='DE')","uri":"https://ws.parlament.ch/OData.svc/Transcript(ID=49424L,Language='DE')","type":"itsystems.Pd.DataServices.DataModel.Transcript"},"Subjects":{"__deferred":{"uri":"https://ws.parlament.ch/OData.svc/Transcript(ID=49424L,Language='DE')/Subjects"}},"MembersCouncil":{"__deferred":{"uri":"https://ws.parlament.ch/OData.svc/Transcript(ID=49424L,Language='DE')/MembersCouncil"}},"Businesses":{"__deferred":{"uri":"https://ws.parlament.ch/OData.svc/Transcript(ID=49424L,Language='DE')/Businesses"}},"ID":"49424","Language":"DE","IdSubject":"8246","VoteId":null,"PersonNumber":85,"Type":1,"Text":"<pd_text><p><i>Angenommen - Adopt\u00e9</i></p>\n</pd_text>","MeetingCouncilAbbreviation":"S","MeetingDate":"20041215","MeetingVerbalixOid":1267,"IdSession":"4706","SpeakerFirstName":"Bruno","SpeakerLastName":"Frick","SpeakerFullName":"Frick Bruno","SpeakerFunction":"1VP-M","CouncilId":2,"CouncilName":"St\u00e4nderat","CantonId":5,"CantonName":"Schwyz","CantonAbbreviation":"SZ","ParlGroupName":"Christlichdemokratische Fraktion","ParlGroupAbbreviation":"M-E","SortOrder":5,"Start":"\/Date(1103106389460)\/","End":"\/Date(1103106395990)\/","Function":"P-M","DisplaySpeaker":false,"LanguageOfText":null,"Modified":"\/Date(1510849580167)\/","StartTimeWithTimezone":"\/Date(1103106389460+0060)\/","EndTimeWithTimezone":"\/Date(1103106395990+0060)\/","VoteBusinessNumber":null,"VoteBusinessShortNumber":null,"VoteBusinessTitle":null},{"__metadata":{"id":"https://ws.parlament.ch/OData.svc/Transcript(ID=49425L,Language='DE')","uri":"https://ws.parlament.ch/OData.svc/Transcript(ID=49425L,Language='DE')","type":"itsystems.Pd.DataServices.DataModel.Transcript"},"Subjects":{"__deferred":{"uri":"https://ws.parlament.ch/OData.svc/Transcript(ID=49425L,Language='DE')/Subjects"}},"MembersCouncil":{"__deferred":{"uri":"https://ws.parlament.ch/OData.svc/Transcript(ID=49425L,Language='DE')/MembersCouncil"}},"Businesses":{"__deferred":{"uri":"https://ws.parlament.ch/OData.svc/Transcript(ID=49425L,Language='DE')/Businesses"}},"ID":"49425","Language":"DE","IdSubject":"8246","VoteId":null,"PersonNumber":827,"Type":1,"Text":"<pd_text><p>Je dirai un mot par rapport \u00e0 la question soulev\u00e9e par Monsieur Bieri. La responsabilit\u00e9 civile pour le type d'accident qui a \u00e9t\u00e9 \u00e9voqu\u00e9 n'est pas r\u00e9gl\u00e9e dans la Convention internationale sur le droit de la mer, mais dans d'autres conventions internationales auxquelles la Suisse est d\u00e9j\u00e0 partie. Cela dit, la Convention internationale sur le droit de la mer \u00e9nonce des principes g\u00e9n\u00e9raux sur la protection de l'environnement maritime.</p>\n<p>Le message que le Conseil f\u00e9d\u00e9ral doit pr\u00e9senter au Parlement en vue de la ratification de cette convention est en train d'\u00eatre \u00e9labor\u00e9. C'est la raison pour laquelle le Conseil f\u00e9d\u00e9ral s'est d\u00e9clar\u00e9 pr\u00eat \u00e0 accepter cette motion. Mais la ratification imm\u00e9diate est un terme qui est peut-\u00eatre surfait et trop exag\u00e9r\u00e9. Le DFAE soumettra prochainement ce projet de message au Conseil f\u00e9d\u00e9ral et les Chambres f\u00e9d\u00e9rales pourront s'en saisir d\u00e8s l'ann\u00e9e prochaine.</p>\n</pd_text>","MeetingCouncilAbbreviation":"S","MeetingDate":"20041215","MeetingVerbalixOid":1267,"IdSession":"4706","SpeakerFirstName":"Micheline","SpeakerLastName":"Calmy-Rey","SpeakerFullName":"Calmy-Rey Micheline","SpeakerFunction":"BR-F","CouncilId":99,"CouncilName":"Bundesrat","CantonId":25,"CantonName":"Genf","CantonAbbreviation":"GE","ParlGroupName":null,"ParlGroupAbbreviation":null,"SortOrder":4,"Start":"\/Date(1103106323023)\/","End":"\/Date(1103106389460)\/","Function":"BR-F","DisplaySpeaker":true,"LanguageOfText":"FR","Modified":"\/Date(1510849580167)\/","StartTimeWithTimezone":"\/Date(1103106323023+0060)\/","EndTimeWithTimezone":"\/Date(1103106389460+0060)\/","VoteBusinessNumber":null,"VoteBusinessShortNumber":null,"VoteBusinessTitle":null},{"__metadata":{"id":"https://ws.parlament.ch/OData.svc/Transcript(ID=49426L,Language='DE')","uri":"https://ws.parlament.ch/OData.svc/Transcript(ID=49426L,Language='DE')","type":"itsystems.Pd.DataServices.DataModel.Transcript"},"Subjects":{"__deferred":{"uri":"https://ws.parlament.ch/OData.svc/Transcript(ID=49426L,Language='DE')/Subjects"}},"MembersCouncil":{"__deferred":{"uri":"https://ws.parlament.ch/OData.svc/Transcript(ID=49426L,Language='DE')/MembersCouncil"}},"Businesses":{"__deferred":{"uri":"https://ws.parlament.ch/OData.svc/Transcript(ID=49426L,Language='DE')/Businesses"}},"ID":"49426","Language":"DE","IdSubject":"8246","VoteId":null,"PersonNumber":537,"Type":1,"Text":"<pd_text><p>Ihre Kommission hat den von Kollege Bieri dargelegten Sachverhalt ebenfalls beraten. Sie ist zu den gleichen Schl\u00fcssen gekommen. Sie sehen, dass wir mit dem Kanton Zug praktisch in allen Fragen ein Herz und eine Seele sind, vielleicht mit Ausnahme des neuen Finanzausgleichs. Da waren wir aber mit den Herren Bieri und Schweiger ebenfalls einig. Doch diese waren praktisch die Einzigen, die in Zug dem neuen Finanzausgleich zugestimmt haben. <i>(Heiterkeit)</i></p>\n</pd_text>","MeetingCouncilAbbreviation":"S","MeetingDate":"20041215","MeetingVerbalixOid":1267,"IdSession":"4706","SpeakerFirstName":"Rolf","SpeakerLastName":"Escher","SpeakerFullName":"Escher Rolf","SpeakerFunction":"Mit-M","CouncilId":2,"CouncilName":"St\u00e4nderat","CantonId":23,"CantonName":"Wallis","CantonAbbreviation":"VS","ParlGroupName":"Christlichdemokratische Fraktion","ParlGroupAbbreviation":"M-E","SortOrder":3,"Start":"\/Date(1103106276837)\/","End":"\/Date(1103106323023)\/","Function":"*","DisplaySpeaker":true,"LanguageOfText":"DE","Modified":"\/Date(1510849580167)\/","StartTimeWithTimezone":"\/Date(1103106276837+0060)\/","EndTimeWithTimezone":"\/Date(1103106323023+0060)\/","VoteBusinessNumber":null,"VoteBusinessShortNumber":null,"VoteBusinessTitle":null},{"__metadata":{"id":"https://ws.parlament.ch/OData.svc/Transcript(ID=49427L,Language='DE')","uri":"https://ws.parlament.ch/OData.svc/Transcript(ID=49427L,Language='DE')","type":"itsystems.Pd.DataServices.DataModel.Transcript"},"Subjects":{"__deferred":{"uri":"https://ws.parlament.ch/OData.svc/Transcript(ID=49427L,Language='DE')/Subjects"}},"MembersCouncil":{"__deferred":{"uri":"https://ws.parlament.ch/OData.svc/Transcript(ID=49427L,Language='DE')/MembersCouncil"}},"Businesses":{"__deferred":{"uri":"https://ws.parlament.ch/OData.svc/Transcript(ID=49427L,Language='DE')/Businesses"}},"ID":"49427","Language":"DE","IdSubject":"8246","VoteId":null,"PersonNumber":277,"Type":1,"Text":"<pd_text><p>Ich m\u00f6chte mich nicht zur Seerechtskonvention \u00e4ussern, sondern zur Begr\u00fcndung dieser Motion, und dies als Zuger Standesvertreter. Ich tue dies, weil die Motion\u00e4rin in ihrem Vorstoss Bezug auf das Tankerungl\u00fcck vor der spanischen K\u00fcste nimmt. Sie spricht die Tatsache an, dass das gekenterte Schiff von einer schweizerischen \u00d6lhandelsfirma gechartert wurde, welche ihren Firmensitz in Zug hatte. In der Formulierung wird auf indirekte Art dieser Firma eine Mitschuld am Ungl\u00fcck angelastet.</p>\n<p>Ich habe mich als Kommissionsmitglied beim zust\u00e4ndigen Amt erkundigt, welcher Zusammenhang zwischen der Ratifizierung respektive der damaligen Nichtratifizierung dieser Seerechtskonvention und dem Schiffsungl\u00fcck bestehe. Ich habe darauf die Antwort erhalten, dass die bestehenden internationalen Haftpflichtbestimmungen klar festlegen, dass der Schiffseigent\u00fcmer und nicht der Auftraggeber oder der Eigent\u00fcmer der Schiffsladung f\u00fcr Tankerunf\u00e4lle haftet. Die Schweiz, so hat man mir versichert, habe sich sowohl in schifffahrtsrechtlicher als auch in schifffahrtspolitischer Hinsicht bei diesem Unfall des Schiffes \"Prestige\" keine Vorw\u00fcrfe zu machen, handle es sich doch in diesem Fall weder um ein Schiff unter Schweizer Flagge noch sei eine Schweizer Reederei respektive ein Schweizer Schiffseigent\u00fcmer involviert gewesen.</p>\n<p>Der Umstand, dass in der kommerziellen Kette eine ausl\u00e4ndisch beherrschte Handelsgesellschaft mit Sitz in meinem Kanton erschienen ist, vermag an diesem Sachverhalt nichts zu \u00e4ndern. Es trifft deshalb weder die in Zug stationierte Eigent\u00fcmerin noch unser Land irgendeine Mitschuld an dieser Katastrophe. Deshalb waren auch die Demonstrationen gegen die betroffene Firma in der Stadt Zug nicht angebracht. Das gilt ebenso f\u00fcr die Attacken auf unseren Kanton, wo in Anlehnung an den Begriff \"Blutspuren\" von \"\u00d6lspuren\" gesprochen wurde, welche in unseren Kanton f\u00fchren w\u00fcrden. Auch die Bezugnahme der Motion\u00e4rin auf die bisherige Nichtratifikation der internationalen Seerechtskonvention ist ohne Realit\u00e4tsbezug zum Tankerungl\u00fcck.</p>\n<p>Ich m\u00f6chte abschliessend Herrn Hulliger, Direktor des Schweizerischen Seeschifffahrtsamtes, mit einer Aussage in unserer Kommission f\u00fcr Verkehr und Fernmeldewesen zitieren: \"In der Diskussion um Zug wurden Dinge in einen Zusammenhang gebracht, die nichts miteinander zu tun haben. Das Problem liegt nicht beim Kanton Zug oder diesen Gesellschaften, sondern darin, dass die K\u00fcstenstaaten bei ihren Hafenkontrollen teilweise ihren Verpflichtungen nicht nachgekommen sind.\" Ich meine, dem sei nichts mehr beizuf\u00fcgen.</p>\n<p>Stimmen wir dieser Ratifizierung der Seerechtskonvention zu, nehmen wir aber auch gleichzeitig zur Kenntnis, dass weder der Zuger Firma noch meinem Kanton noch der [PAGE 901] Schweiz bez\u00fcglich des \"Prestige\"-Ungl\u00fccks infolge einer Nichtratifikation eine Schuld angelastet werden kann.</p>\n</pd_text>","MeetingCouncilAbbreviation":"S","MeetingDate":"20041215","MeetingVerbalixOid":1267,"IdSession":"4706","SpeakerFirstName":"Peter","SpeakerLastName":"Bieri","SpeakerFullName":"Bieri Peter","SpeakerFunction":"Mit-M","CouncilId":2,"CouncilName":"St\u00e4nderat","CantonId":9,"CantonName":"Zug","CantonAbbreviation":"ZG","ParlGroupName":"Christlichdemokratische Fraktion","ParlGroupAbbreviation":"M-E","SortOrder":2,"Start":"\/Date(1103106071837)\/","End":"\/Date(1103106276837)\/","Function":"Mit-M","DisplaySpeaker":true,"LanguageOfText":"DE","Modified":"\/Date(1510849580167)\/","StartTimeWithTimezone":"\/Date(1103106071837+0060)\/","EndTimeWithTimezone":"\/Date(1103106276837+0060)\/","VoteBusinessNumber":null,"VoteBusinessShortNumber":null,"VoteBusinessTitle":null},{"__metadata":{"id":"https://ws.parlament.ch/OData.svc/Transcript(ID=49428L,Language='DE')","uri":"https://ws.parlament.ch/OData.svc/Transcript(ID=49428L,Language='DE')","type":"itsystems.Pd.DataServices.DataModel.Transcript"},"Subjects":{"__deferred":{"uri":"https://ws.parlament.ch/OData.svc/Transcript(ID=49428L,Language='DE')/Subjects"}},"MembersCouncil":{"__deferred":{"uri":"https://ws.parlament.ch/OData.svc/Transcript(ID=49428L,Language='DE')/MembersCouncil"}},"Businesses":{"__deferred":{"uri":"https://ws.parlament.ch/OData.svc/Transcript(ID=49428L,Language='DE')/Businesses"}},"ID":"49428","Language":"DE","IdSubject":"8246","VoteId":null,"PersonNumber":85,"Type":1,"Text":"<pd_text><p>Es liegt ein schriftlicher Bericht der Kommission vor. Sie beantragt einstimmig, die Motion anzunehmen.</p>\n</pd_text>","MeetingCouncilAbbreviation":"S","MeetingDate":"20041215","MeetingVerbalixOid":1267,"IdSession":"4706","SpeakerFirstName":"Bruno","SpeakerLastName":"Frick","SpeakerFullName":"Frick Bruno","SpeakerFunction":"1VP-M","CouncilId":2,"CouncilName":"St\u00e4nderat","CantonId":5,"CantonName":"Schwyz","CantonAbbreviation":"SZ","ParlGroupName":"Christlichdemokratische Fraktion","ParlGroupAbbreviation":"M-E","SortOrder":1,"Start":"\/Date(1103106046293)\/","End":"\/Date(1103106071837)\/","Function":"P-M","DisplaySpeaker":true,"LanguageOfText":"DE","Modified":"\/Date(1510849580167)\/","StartTimeWithTimezone":"\/Date(1103106046293+0060)\/","EndTimeWithTimezone":"\/Date(1103106071837+0060)\/","VoteBusinessNumber":null,"VoteBusinessShortNumber":null,"VoteBusinessTitle":null}]},"ID":"8246","Language":"DE","IdMeeting":"597","VerbalixOid":117048,"SortOrder":8,"Modified":"\/Date(1510849580167)\/"}}