{"d":{"__metadata":{"id":"https://ws.parlament.ch/OData.svc/Subject(ID=8317L,Language='DE')","uri":"https://ws.parlament.ch/OData.svc/Subject(ID=8317L,Language='DE')","type":"itsystems.Pd.DataServices.DataModel.Subject"},"Meetings":{"__metadata":{"id":"https://ws.parlament.ch/OData.svc/Meeting(ID=606L,Language='DE')","uri":"https://ws.parlament.ch/OData.svc/Meeting(ID=606L,Language='DE')","type":"itsystems.Pd.DataServices.DataModel.Meeting"},"Sessions":{"__deferred":{"uri":"https://ws.parlament.ch/OData.svc/Meeting(ID=606L,Language='DE')/Sessions"}},"Subjects":{"__deferred":{"uri":"https://ws.parlament.ch/OData.svc/Meeting(ID=606L,Language='DE')/Subjects"}},"ID":"606","Language":"DE","MeetingNumber":14,"IdSession":4619,"SessionNumber":19,"SessionName":"Sommersession 2003","Council":1,"CouncilName":"Nationalrat","CouncilAbbreviation":"NR","Date":"\/Date(1055980800000)\/","Begin":"0800","Modified":"\/Date(1447069908547)\/","LegislativePeriodNumber":46,"PublicationStatus":"final","MeetingOrderText":"Vierzehnte Sitzung","SortOrder":14,"Location":"N"},"SubjectsBusiness":{"results":[{"__metadata":{"id":"https://ws.parlament.ch/OData.svc/SubjectBusiness(BusinessNumber=20030416,IdSubject=8317L,Language='DE')","uri":"https://ws.parlament.ch/OData.svc/SubjectBusiness(BusinessNumber=20030416,IdSubject=8317L,Language='DE')","type":"itsystems.Pd.DataServices.DataModel.SubjectBusiness"},"Subjects":{"__deferred":{"uri":"https://ws.parlament.ch/OData.svc/SubjectBusiness(BusinessNumber=20030416,IdSubject=8317L,Language='DE')/Subjects"}},"Businesses":{"__deferred":{"uri":"https://ws.parlament.ch/OData.svc/SubjectBusiness(BusinessNumber=20030416,IdSubject=8317L,Language='DE')/Businesses"}},"IdSubject":"8317","BusinessNumber":20030416,"Language":"DE","BusinessShortNumber":"03.416","Title":"\u00c4nderung der Volksrechte. Inkraftsetzung. Bundesbeschluss","SortOrder":1,"PublishedNotes":"Zweitrat - Deuxi\u00e8me Conseil\n","Modified":"\/Date(1447069205963)\/","TitleDE":"Parlamentarische Initiative\nSPK-SR.\n\u00c4nderung der Volksrechte.\nInkraftsetzung.\nBundesbeschluss","TitleFR":"Initiative parlementaire\nCIP-CE.\nR\u00e9vision des droits populaires.\nEntr\u00e9e en vigueur.\nArr\u00eat\u00e9 f\u00e9d\u00e9ral","TitleIT":null}]},"Transcripts":{"results":[{"__metadata":{"id":"https://ws.parlament.ch/OData.svc/Transcript(ID=50187L,Language='DE')","uri":"https://ws.parlament.ch/OData.svc/Transcript(ID=50187L,Language='DE')","type":"itsystems.Pd.DataServices.DataModel.Transcript"},"Subjects":{"__deferred":{"uri":"https://ws.parlament.ch/OData.svc/Transcript(ID=50187L,Language='DE')/Subjects"}},"MembersCouncil":{"__deferred":{"uri":"https://ws.parlament.ch/OData.svc/Transcript(ID=50187L,Language='DE')/MembersCouncil"}},"Businesses":{"__deferred":{"uri":"https://ws.parlament.ch/OData.svc/Transcript(ID=50187L,Language='DE')/Businesses"}},"ID":"50187","Language":"DE","IdSubject":"8317","VoteId":"4149","PersonNumber":null,"Type":2,"Text":"<pd_text><p><i>Gesamtabstimmung - Vote sur l'ensemble</i></p>\n<p>[NAM]</p>\n<p>F\u00fcr Annahme des Entwurfes .... 89 Stimmen</p>\n<p>(Einstimmigkeit)</p>\n<p>[PAGE 1159] </p>\n</pd_text>","MeetingCouncilAbbreviation":"N","MeetingDate":"20030619","MeetingVerbalixOid":1072,"IdSession":"4619","SpeakerFirstName":null,"SpeakerLastName":null,"SpeakerFullName":"","SpeakerFunction":null,"CouncilId":null,"CouncilName":null,"CantonId":null,"CantonName":null,"CantonAbbreviation":null,"ParlGroupName":null,"ParlGroupAbbreviation":null,"SortOrder":2,"Start":"\/Date(1056020323975)\/","End":"\/Date(1056020323975)\/","Function":null,"DisplaySpeaker":null,"LanguageOfText":"DE","Modified":"\/Date(1774878134489)\/","StartTimeWithTimezone":"\/Date(1056020323977+0120)\/","EndTimeWithTimezone":"\/Date(1056020323977+0120)\/","VoteBusinessNumber":20030416,"VoteBusinessShortNumber":"03.416","VoteBusinessTitle":"Parlamentarische Initiative\nSPK-SR.\n\u00c4nderung der Volksrechte.\nInkraftsetzung.\nBundesbeschluss"},{"__metadata":{"id":"https://ws.parlament.ch/OData.svc/Transcript(ID=50188L,Language='DE')","uri":"https://ws.parlament.ch/OData.svc/Transcript(ID=50188L,Language='DE')","type":"itsystems.Pd.DataServices.DataModel.Transcript"},"Subjects":{"__deferred":{"uri":"https://ws.parlament.ch/OData.svc/Transcript(ID=50188L,Language='DE')/Subjects"}},"MembersCouncil":{"__deferred":{"uri":"https://ws.parlament.ch/OData.svc/Transcript(ID=50188L,Language='DE')/MembersCouncil"}},"Businesses":{"__deferred":{"uri":"https://ws.parlament.ch/OData.svc/Transcript(ID=50188L,Language='DE')/Businesses"}},"ID":"50188","Language":"DE","IdSubject":"8317","VoteId":null,"PersonNumber":311,"Type":1,"Text":"<pd_text><p>La commission propose, \u00e0 l'unanimit\u00e9, d'adh\u00e9rer au projet d'arr\u00eat\u00e9 f\u00e9d\u00e9ral.</p>\n<p>[VS]</p>\n<p><i>Eintreten wird ohne Gegenantrag beschlossen</i></p>\n<p><i>L'entr\u00e9e en mati\u00e8re est d\u00e9cid\u00e9e sans opposition</i></p>\n<p>[VS]</p>\n<p><b>Bundesbeschluss \u00fcber das Inkrafttreten der direkt anwendbaren Bestimmungen des Bundesbeschlusses vom 4. Oktober 2002 \u00fcber die \u00c4nderung der Volksrechte </b></p>\n<p><b>Arr\u00eat\u00e9 f\u00e9d\u00e9ral portant mise en vigueur des dispositions directement applicables de l'arr\u00eat\u00e9 f\u00e9d\u00e9ral du 4 octobre 2002 relatif \u00e0 la r\u00e9vision des droits populaires </b></p>\n<p>[VS]</p>\n<p><i>Detailberatung - Examen de d\u00e9tail</i></p>\n<p>[VS]</p>\n<p><b>Titel und Ingress, Ziff. I-III</b></p>\n<p><i>Antrag der Kommission</i></p>\n<p>Zustimmung zum Beschluss des St\u00e4nderates</p>\n<p>[VS]</p>\n<p><b>Titre et pr\u00e9ambule, ch. I-III</b></p>\n<p><i>Proposition de la commission</i></p>\n<p>Adh\u00e9rer \u00e0 la d\u00e9cision du Conseil des Etats</p>\n<p>[VS]</p>\n<p><i>Angenommen - Adopt\u00e9</i></p>\n</pd_text>","MeetingCouncilAbbreviation":"N","MeetingDate":"20030619","MeetingVerbalixOid":1072,"IdSession":"4619","SpeakerFirstName":"Yves","SpeakerLastName":"Christen","SpeakerFullName":"Christen Yves","SpeakerFunction":"P-M","CouncilId":1,"CouncilName":"Nationalrat","CantonId":22,"CantonName":"Waadt","CantonAbbreviation":"VD","ParlGroupName":"Freisinnig-demokratische Fraktion","ParlGroupAbbreviation":"RL","SortOrder":1,"Start":"\/Date(1056020194522)\/","End":"\/Date(1056020323975)\/","Function":"","DisplaySpeaker":true,"LanguageOfText":"FR","Modified":"\/Date(1774878134486)\/","StartTimeWithTimezone":"\/Date(1056020194523+0120)\/","EndTimeWithTimezone":"\/Date(1056020323977+0120)\/","VoteBusinessNumber":null,"VoteBusinessShortNumber":null,"VoteBusinessTitle":null}]},"ID":"8317","Language":"DE","IdMeeting":"606","VerbalixOid":86335,"SortOrder":2,"Modified":"\/Date(1774878134484)\/"}}