{"d":{"__metadata":{"id":"https://ws.parlament.ch/OData.svc/Subject(ID=8362L,Language='DE')","uri":"https://ws.parlament.ch/OData.svc/Subject(ID=8362L,Language='DE')","type":"itsystems.Pd.DataServices.DataModel.Subject"},"Meetings":{"__metadata":{"id":"https://ws.parlament.ch/OData.svc/Meeting(ID=611L,Language='DE')","uri":"https://ws.parlament.ch/OData.svc/Meeting(ID=611L,Language='DE')","type":"itsystems.Pd.DataServices.DataModel.Meeting"},"Sessions":{"__deferred":{"uri":"https://ws.parlament.ch/OData.svc/Meeting(ID=611L,Language='DE')/Sessions"}},"Subjects":{"__deferred":{"uri":"https://ws.parlament.ch/OData.svc/Meeting(ID=611L,Language='DE')/Subjects"}},"ID":"611","Language":"DE","MeetingNumber":4,"IdSession":4704,"SessionNumber":4,"SessionName":"Sommersession 2004","Council":2,"CouncilName":"St\u00e4nderat","CouncilAbbreviation":"SR","Date":"\/Date(1086307200000)\/","Begin":"0800","Modified":"\/Date(1447069910470)\/","LegislativePeriodNumber":47,"PublicationStatus":"final","MeetingOrderText":"Vierte Sitzung","SortOrder":4,"Location":"S"},"SubjectsBusiness":{"results":[{"__metadata":{"id":"https://ws.parlament.ch/OData.svc/SubjectBusiness(BusinessNumber=19980458,IdSubject=8362L,Language='DE')","uri":"https://ws.parlament.ch/OData.svc/SubjectBusiness(BusinessNumber=19980458,IdSubject=8362L,Language='DE')","type":"itsystems.Pd.DataServices.DataModel.SubjectBusiness"},"Subjects":{"__deferred":{"uri":"https://ws.parlament.ch/OData.svc/SubjectBusiness(BusinessNumber=19980458,IdSubject=8362L,Language='DE')/Subjects"}},"Businesses":{"__deferred":{"uri":"https://ws.parlament.ch/OData.svc/SubjectBusiness(BusinessNumber=19980458,IdSubject=8362L,Language='DE')/Businesses"}},"IdSubject":"8362","BusinessNumber":19980458,"Language":"DE","BusinessShortNumber":"98.458","Title":"Wohneigentumsf\u00f6rderung","SortOrder":1,"PublishedNotes":"Frist - D\u00e9lai\n","Modified":"\/Date(1447069088296)\/","TitleDE":"Parlamentarische Initiative\nMaissen Theo.\nWohneigentumsf\u00f6rderung","TitleFR":"Initiative parlementaire\nMaissen Theo.\nLogement. Encourager\nl'accession \u00e0 la propri\u00e9t\u00e9","TitleIT":null},{"__metadata":{"id":"https://ws.parlament.ch/OData.svc/SubjectBusiness(BusinessNumber=19990412,IdSubject=8362L,Language='DE')","uri":"https://ws.parlament.ch/OData.svc/SubjectBusiness(BusinessNumber=19990412,IdSubject=8362L,Language='DE')","type":"itsystems.Pd.DataServices.DataModel.SubjectBusiness"},"Subjects":{"__deferred":{"uri":"https://ws.parlament.ch/OData.svc/SubjectBusiness(BusinessNumber=19990412,IdSubject=8362L,Language='DE')/Subjects"}},"Businesses":{"__deferred":{"uri":"https://ws.parlament.ch/OData.svc/SubjectBusiness(BusinessNumber=19990412,IdSubject=8362L,Language='DE')/Businesses"}},"IdSubject":"8362","BusinessNumber":19990412,"Language":"DE","BusinessShortNumber":"99.412","Title":"Bausparen. \u00c4nderung des StHG","SortOrder":2,"PublishedNotes":"Frist - D\u00e9lai\n","Modified":"\/Date(1447069097643)\/","TitleDE":"Parlamentarische Initiative\nB\u00fcttiker Rolf.\nBausparen.\n\u00c4nderung des StHG","TitleFR":"Initiative parlementaire\nB\u00fcttiker Rolf.\nEpargne-construction.\nModification de la LHID","TitleIT":null},{"__metadata":{"id":"https://ws.parlament.ch/OData.svc/SubjectBusiness(BusinessNumber=19990413,IdSubject=8362L,Language='DE')","uri":"https://ws.parlament.ch/OData.svc/SubjectBusiness(BusinessNumber=19990413,IdSubject=8362L,Language='DE')","type":"itsystems.Pd.DataServices.DataModel.SubjectBusiness"},"Subjects":{"__deferred":{"uri":"https://ws.parlament.ch/OData.svc/SubjectBusiness(BusinessNumber=19990413,IdSubject=8362L,Language='DE')/Subjects"}},"Businesses":{"__deferred":{"uri":"https://ws.parlament.ch/OData.svc/SubjectBusiness(BusinessNumber=19990413,IdSubject=8362L,Language='DE')/Businesses"}},"IdSubject":"8362","BusinessNumber":19990413,"Language":"DE","BusinessShortNumber":"99.413","Title":"Besteuerung des Eigenmietwertes. Neuregelung","SortOrder":3,"PublishedNotes":"Frist - D\u00e9lai\n","Modified":"\/Date(1447069097670)\/","TitleDE":"Parlamentarische Initiative\nBisig Hans.\nBesteuerung des Eigenmietwertes.\nNeuregelung","TitleFR":"Initiative parlementaire\nBisig Hans.\nImposition de la valeur locative.\nNouvelle r\u00e9glementation","TitleIT":null},{"__metadata":{"id":"https://ws.parlament.ch/OData.svc/SubjectBusiness(BusinessNumber=19990417,IdSubject=8362L,Language='DE')","uri":"https://ws.parlament.ch/OData.svc/SubjectBusiness(BusinessNumber=19990417,IdSubject=8362L,Language='DE')","type":"itsystems.Pd.DataServices.DataModel.SubjectBusiness"},"Subjects":{"__deferred":{"uri":"https://ws.parlament.ch/OData.svc/SubjectBusiness(BusinessNumber=19990417,IdSubject=8362L,Language='DE')/Subjects"}},"Businesses":{"__deferred":{"uri":"https://ws.parlament.ch/OData.svc/SubjectBusiness(BusinessNumber=19990417,IdSubject=8362L,Language='DE')/Businesses"}},"IdSubject":"8362","BusinessNumber":19990417,"Language":"DE","BusinessShortNumber":"99.417","Title":"Ber\u00fccksichtigung der berufsbedingten Kinderbetreuungskosten","SortOrder":4,"PublishedNotes":"Frist - D\u00e9lai\n","Modified":"\/Date(1447069097746)\/","TitleDE":"Parlamentarische Initiative\nSpoerry Vreni.\nBer\u00fccksichtigung\nder berufsbedingten\nKinderbetreuungskosten","TitleFR":"Initiative parlementaire\nSpoerry Vreni.\nPrise en consid\u00e9ration\ndes frais de garde d'enfants\ndus \u00e0 la profession","TitleIT":null}]},"Transcripts":{"results":[{"__metadata":{"id":"https://ws.parlament.ch/OData.svc/Transcript(ID=50629L,Language='DE')","uri":"https://ws.parlament.ch/OData.svc/Transcript(ID=50629L,Language='DE')","type":"itsystems.Pd.DataServices.DataModel.Transcript"},"Subjects":{"__deferred":{"uri":"https://ws.parlament.ch/OData.svc/Transcript(ID=50629L,Language='DE')/Subjects"}},"MembersCouncil":{"__deferred":{"uri":"https://ws.parlament.ch/OData.svc/Transcript(ID=50629L,Language='DE')/MembersCouncil"}},"Businesses":{"__deferred":{"uri":"https://ws.parlament.ch/OData.svc/Transcript(ID=50629L,Language='DE')/Businesses"}},"ID":"50629","Language":"DE","IdSubject":"8362","VoteId":null,"PersonNumber":194,"Type":1,"Text":"<pd_text><p>Da es sich um parlamentarische Initiativen handelt, l\u00e4ge die Handlungsmacht an sich beim Rat selber. Wir nehmen aber zur Kenntnis, was der Bundesrat ausgef\u00fchrt hat.</p>\n<p>Die Kommission beantragt, die Frist f\u00fcr die vier Initiativen um weitere zwei Jahre zu verl\u00e4ngern.</p>\n<p>[VS]</p>\n<p><i>Angenommen - Adopt\u00e9</i></p>\n<p>[VS]</p>\n<p>[VS]</p>\n<p>[VS]</p>\n<p><i>Schluss der Sitzung um 11.10 Uhr</i></p>\n<p><i>La s\u00e9ance est lev\u00e9e \u00e0 11 h 10</i></p>\n<p>[PAGE 260] </p>\n<p>[VS]</p>\n<p>[VS]</p>\n<p>[VS]</p>\n</pd_text>","MeetingCouncilAbbreviation":"S","MeetingDate":"20040604","MeetingVerbalixOid":1202,"IdSession":"4704","SpeakerFirstName":"Fritz","SpeakerLastName":"Schiesser","SpeakerFullName":"Schiesser Fritz","SpeakerFunction":"P-M","CouncilId":2,"CouncilName":"St\u00e4nderat","CantonId":8,"CantonName":"Glarus","CantonAbbreviation":"GL","ParlGroupName":"Freisinnig-demokratische Fraktion","ParlGroupAbbreviation":"RL","SortOrder":4,"Start":"\/Date(1086347258947)\/","End":"\/Date(1086347326867)\/","Function":"P-M","DisplaySpeaker":true,"LanguageOfText":"DE","Modified":"\/Date(1510849538057)\/","StartTimeWithTimezone":"\/Date(1086347258947+0120)\/","EndTimeWithTimezone":"\/Date(1086347326867+0120)\/","VoteBusinessNumber":null,"VoteBusinessShortNumber":null,"VoteBusinessTitle":null},{"__metadata":{"id":"https://ws.parlament.ch/OData.svc/Transcript(ID=50630L,Language='DE')","uri":"https://ws.parlament.ch/OData.svc/Transcript(ID=50630L,Language='DE')","type":"itsystems.Pd.DataServices.DataModel.Transcript"},"Subjects":{"__deferred":{"uri":"https://ws.parlament.ch/OData.svc/Transcript(ID=50630L,Language='DE')/Subjects"}},"MembersCouncil":{"__deferred":{"uri":"https://ws.parlament.ch/OData.svc/Transcript(ID=50630L,Language='DE')/MembersCouncil"}},"Businesses":{"__deferred":{"uri":"https://ws.parlament.ch/OData.svc/Transcript(ID=50630L,Language='DE')/Businesses"}},"ID":"50630","Language":"DE","IdSubject":"8362","VoteId":null,"PersonNumber":398,"Type":1,"Text":"<pd_text><p>Ich kann mit dem Antrag der Kommission leben, nicht hingegen mit der Zusatzbemerkung von Herrn Germann, dass diese Vorst\u00f6sse uns im Anschluss an die Abstimmung \u00fcber das Steuerpaket vom 16. Mai 2004 zu gesetzgeberischem Handeln zwingen w\u00fcrden. Das sehe ich eindeutig nicht so. Der Bundesrat hat an jenem Abend klar gemacht, dass die Unternehmenssteuerreform bzw. die Stempelabgabe dem Parlament in gleicher Form sogleich wieder unterbreitet werden wird. Das ist unterwegs. Wir haben auch zu verstehen gegeben, dass keines der \u00fcbrigen Probleme gel\u00f6st ist, aber dass erst die Analyse dieser Volksabstimmung zeigen wird, in welcher Richtung gesetzgeberischer Handlungsbedarf bestehen k\u00f6nnte. Es war zum Beispiel \u00fcberraschend zu sehen, dass auch im Bereich der Kinderbetreuungsabz\u00fcge in verschiedenen politischen Lagern Opposition entstanden ist, und es war uns nicht klar, wo der Volkswille letztlich liegt. Aus diesem Grund sind wir in Bezug auf die Wiederaufnahme dieser einzelnen Anliegen zur\u00fcckhaltend, und ich kann den Antr\u00e4gen Ihrer Kommission nur mit diesem \"Proviso\" zustimmen. Wir werden besonders auch in der Frage der Familienbesteuerung selbstverst\u00e4ndlich die Antr\u00e4ge des Parlamentes abwarten. Wir werden im Bereich des Wohneigentums sicher nicht von uns aus t\u00e4tig werden. Das Ergebnis der Volksabstimmung l\u00e4sst das nicht zu. In diesem Sinne k\u00f6nnen Sie diese Vorst\u00f6sse ohne weiteres noch um zwei oder mehr Jahre verl\u00e4ngern, aber ich kann Ihnen keine Garantie geben, dass der Bundesrat aufgrund dieser Vorst\u00f6sse t\u00e4tig werden und Ihnen im Anschluss an die Abstimmung \u00fcber das Steuerpaket entsprechende Gesetzesrevisionen unterbreiten wird.</p>\n</pd_text>","MeetingCouncilAbbreviation":"S","MeetingDate":"20040604","MeetingVerbalixOid":1202,"IdSession":"4704","SpeakerFirstName":"Hans-Rudolf","SpeakerLastName":"Merz","SpeakerFullName":"Merz Hans-Rudolf","SpeakerFunction":"BR-M","CouncilId":99,"CouncilName":"Bundesrat","CantonId":15,"CantonName":"Appenzell A.-Rh.","CantonAbbreviation":"AR","ParlGroupName":null,"ParlGroupAbbreviation":null,"SortOrder":3,"Start":"\/Date(1086347129433)\/","End":"\/Date(1086347258947)\/","Function":"BR-M","DisplaySpeaker":true,"LanguageOfText":"DE","Modified":"\/Date(1510849538057)\/","StartTimeWithTimezone":"\/Date(1086347129433+0120)\/","EndTimeWithTimezone":"\/Date(1086347258947+0120)\/","VoteBusinessNumber":null,"VoteBusinessShortNumber":null,"VoteBusinessTitle":null},{"__metadata":{"id":"https://ws.parlament.ch/OData.svc/Transcript(ID=50631L,Language='DE')","uri":"https://ws.parlament.ch/OData.svc/Transcript(ID=50631L,Language='DE')","type":"itsystems.Pd.DataServices.DataModel.Transcript"},"Subjects":{"__deferred":{"uri":"https://ws.parlament.ch/OData.svc/Transcript(ID=50631L,Language='DE')/Subjects"}},"MembersCouncil":{"__deferred":{"uri":"https://ws.parlament.ch/OData.svc/Transcript(ID=50631L,Language='DE')/MembersCouncil"}},"Businesses":{"__deferred":{"uri":"https://ws.parlament.ch/OData.svc/Transcript(ID=50631L,Language='DE')/Businesses"}},"ID":"50631","Language":"DE","IdSubject":"8362","VoteId":null,"PersonNumber":825,"Type":1,"Text":"<pd_text><p>Bei diesen vier parlamentarischen Initiativen geht es um Anliegen, die der Rat als berechtigt taxiert hat. Eingebettet ins Steuerpaket sollten die berechtigten und zum Teil auch langj\u00e4hrigen Anliegen umgesetzt werden. Im Falle eines Ja zum Steuerpaket h\u00e4tten wir die Initiativen heute abschreiben k\u00f6nnen. Wie Sie wissen, ist es anders herausgekommen. Darum m\u00fcssen wir jetzt eine Neubeurteilung vornehmen.</p>\n<p>Der St\u00e4nderat hat am 21. Dezember 1999 bzw. am 15. M\u00e4rz 2000 den drei Initiativen \u00fcber die Wohneigentumsbesteuerung und derjenigen \u00fcber die Kinderbetreuungskosten Folge gegeben. Am 5. Juni 2002 lief die zweij\u00e4hrige Frist ab, die der Kommission gesetzt war, um einen Antrag zu [PAGE 259] unterbreiten. Der St\u00e4nderat verl\u00e4ngerte diese Frist bereits damals um zwei Jahre. Nun l\u00e4uft die Frist erneut ab. Die Kommission beantragt, die Initiativen nochmals um zwei Jahre zu verl\u00e4ngern. So wird die M\u00f6glichkeit geschaffen, dass der St\u00e4nderat allenfalls rasch an die Ausarbeitung einer neuen Gesetzesvorlage oder mehrerer neuer Gesetzesvorlagen herangehen k\u00f6nnte.</p>\n<p>Ich bitte Sie darum, dieser Verl\u00e4ngerung zuzustimmen.</p>\n</pd_text>","MeetingCouncilAbbreviation":"S","MeetingDate":"20040604","MeetingVerbalixOid":1202,"IdSession":"4704","SpeakerFirstName":"Hannes","SpeakerLastName":"Germann","SpeakerFullName":"Germann Hannes","SpeakerFunction":"Mit-M","CouncilId":2,"CouncilName":"St\u00e4nderat","CantonId":14,"CantonName":"Schaffhausen","CantonAbbreviation":"SH","ParlGroupName":"Fraktion der Schweizerischen Volkspartei","ParlGroupAbbreviation":"V","SortOrder":2,"Start":"\/Date(1086347022233)\/","End":"\/Date(1086347116637)\/","Function":"*","DisplaySpeaker":true,"LanguageOfText":"DE","Modified":"\/Date(1510849538057)\/","StartTimeWithTimezone":"\/Date(1086347022233+0120)\/","EndTimeWithTimezone":"\/Date(1086347116637+0120)\/","VoteBusinessNumber":null,"VoteBusinessShortNumber":null,"VoteBusinessTitle":null},{"__metadata":{"id":"https://ws.parlament.ch/OData.svc/Transcript(ID=50632L,Language='DE')","uri":"https://ws.parlament.ch/OData.svc/Transcript(ID=50632L,Language='DE')","type":"itsystems.Pd.DataServices.DataModel.Transcript"},"Subjects":{"__deferred":{"uri":"https://ws.parlament.ch/OData.svc/Transcript(ID=50632L,Language='DE')/Subjects"}},"MembersCouncil":{"__deferred":{"uri":"https://ws.parlament.ch/OData.svc/Transcript(ID=50632L,Language='DE')/MembersCouncil"}},"Businesses":{"__deferred":{"uri":"https://ws.parlament.ch/OData.svc/Transcript(ID=50632L,Language='DE')/Businesses"}},"ID":"50632","Language":"DE","IdSubject":"8362","VoteId":null,"PersonNumber":194,"Type":1,"Text":"<pd_text><p>Es liegt ein schriftlicher Bericht der Kommission vor. Die Kommission beantragt, die Frist um weitere zwei Jahre zu verl\u00e4ngern.</p>\n</pd_text>","MeetingCouncilAbbreviation":"S","MeetingDate":"20040604","MeetingVerbalixOid":1202,"IdSession":"4704","SpeakerFirstName":"Fritz","SpeakerLastName":"Schiesser","SpeakerFullName":"Schiesser Fritz","SpeakerFunction":"P-M","CouncilId":2,"CouncilName":"St\u00e4nderat","CantonId":8,"CantonName":"Glarus","CantonAbbreviation":"GL","ParlGroupName":"Freisinnig-demokratische Fraktion","ParlGroupAbbreviation":"RL","SortOrder":1,"Start":"\/Date(1086346995107)\/","End":"\/Date(1086347022233)\/","Function":"P-M","DisplaySpeaker":true,"LanguageOfText":"DE","Modified":"\/Date(1510849538057)\/","StartTimeWithTimezone":"\/Date(1086346995107+0120)\/","EndTimeWithTimezone":"\/Date(1086347022233+0120)\/","VoteBusinessNumber":null,"VoteBusinessShortNumber":null,"VoteBusinessTitle":null}]},"ID":"8362","Language":"DE","IdMeeting":"611","VerbalixOid":104911,"SortOrder":4,"Modified":"\/Date(1510849538057)\/"}}