{"d":{"__metadata":{"id":"https://ws.parlament.ch/OData.svc/Subject(ID=8382L,Language='DE')","uri":"https://ws.parlament.ch/OData.svc/Subject(ID=8382L,Language='DE')","type":"itsystems.Pd.DataServices.DataModel.Subject"},"Meetings":{"__metadata":{"id":"https://ws.parlament.ch/OData.svc/Meeting(ID=615L,Language='DE')","uri":"https://ws.parlament.ch/OData.svc/Meeting(ID=615L,Language='DE')","type":"itsystems.Pd.DataServices.DataModel.Meeting"},"Sessions":{"__deferred":{"uri":"https://ws.parlament.ch/OData.svc/Meeting(ID=615L,Language='DE')/Sessions"}},"Subjects":{"__deferred":{"uri":"https://ws.parlament.ch/OData.svc/Meeting(ID=615L,Language='DE')/Subjects"}},"ID":"615","Language":"DE","MeetingNumber":8,"IdSession":4704,"SessionNumber":4,"SessionName":"Sommersession 2004","Council":2,"CouncilName":"St\u00e4nderat","CouncilAbbreviation":"SR","Date":"\/Date(1086825600000)\/","Begin":"0800","Modified":"\/Date(1447069911920)\/","LegislativePeriodNumber":47,"PublicationStatus":"final","MeetingOrderText":"Achte Sitzung","SortOrder":8,"Location":"S"},"SubjectsBusiness":{"results":[{"__metadata":{"id":"https://ws.parlament.ch/OData.svc/SubjectBusiness(BusinessNumber=20030077,IdSubject=8382L,Language='DE')","uri":"https://ws.parlament.ch/OData.svc/SubjectBusiness(BusinessNumber=20030077,IdSubject=8382L,Language='DE')","type":"itsystems.Pd.DataServices.DataModel.SubjectBusiness"},"Subjects":{"__deferred":{"uri":"https://ws.parlament.ch/OData.svc/SubjectBusiness(BusinessNumber=20030077,IdSubject=8382L,Language='DE')/Subjects"}},"Businesses":{"__deferred":{"uri":"https://ws.parlament.ch/OData.svc/SubjectBusiness(BusinessNumber=20030077,IdSubject=8382L,Language='DE')/Businesses"}},"IdSubject":"8382","BusinessNumber":20030077,"Language":"DE","BusinessShortNumber":"03.077","Title":"Verpflichtungskredite f\u00fcr Grundst\u00fccke und Bauten. Verordnung","SortOrder":1,"PublishedNotes":"Zweitrat - Deuxi\u00e8me Conseil\n","Modified":"\/Date(1447069204506)\/","TitleDE":"Verpflichtungskredite\nf\u00fcr Grundst\u00fccke und Bauten.\nVerordnung","TitleFR":"Cr\u00e9dits d'engagement destin\u00e9s\n\u00e0 l'acquisition de biens-fonds\nou \u00e0 des constructions. Ordonnance","TitleIT":null}]},"Transcripts":{"results":[{"__metadata":{"id":"https://ws.parlament.ch/OData.svc/Transcript(ID=50932L,Language='DE')","uri":"https://ws.parlament.ch/OData.svc/Transcript(ID=50932L,Language='DE')","type":"itsystems.Pd.DataServices.DataModel.Transcript"},"Subjects":{"__deferred":{"uri":"https://ws.parlament.ch/OData.svc/Transcript(ID=50932L,Language='DE')/Subjects"}},"MembersCouncil":{"__deferred":{"uri":"https://ws.parlament.ch/OData.svc/Transcript(ID=50932L,Language='DE')/MembersCouncil"}},"Businesses":{"__deferred":{"uri":"https://ws.parlament.ch/OData.svc/Transcript(ID=50932L,Language='DE')/Businesses"}},"ID":"50932","Language":"DE","IdSubject":"8382","VoteId":null,"PersonNumber":85,"Type":1,"Text":"<pd_text><p><i>Eintreten wird ohne Gegenantrag beschlossen</i></p>\n<p><i>L'entr\u00e9e en mati\u00e8re est d\u00e9cid\u00e9e sans opposition</i></p>\n<p>[VS]</p>\n<p><b>Verordnung der Bundesversammlung \u00fcber die Verpflichtungskreditbegehren f\u00fcr Grundst\u00fccke und Bauten </b></p>\n<p><b>Ordonnance de l'Assembl\u00e9e f\u00e9d\u00e9rale concernant la soumission des demandes de cr\u00e9dits d'engagement destin\u00e9s \u00e0 l'acquisition de biens-fonds ou \u00e0 des constructions </b></p>\n<p>[VS]</p>\n<p><i>Detailberatung - Discussion par article</i></p>\n<p>[VS]</p>\n<p><b>Titel und Ingress, Art. 1-3</b></p>\n<p><i>Antrag der Kommission</i></p>\n<p>Zustimmung zum Beschluss des Nationalrates</p>\n<p>[VS]</p>\n<p><b>Titre et pr\u00e9ambule, art. 1-3</b></p>\n<p><i>Proposition de la commission</i></p>\n<p>Adh\u00e9rer \u00e0 la d\u00e9cision du Conseil national</p>\n<p>[VS]</p>\n<p><i>Angenommen - Adopt\u00e9</i></p>\n<p>[VS]</p>\n<p><b>Art. 4</b></p>\n<p><i>Antrag der Kommission</i></p>\n<p>Zustimmung zum Beschluss des Nationalrates</p>\n<p>[VS]</p>\n<p><i>Antrag Lombardi</i></p>\n<p>.... tritt am 1. August 2004 in Kraft.</p>\n<p>[VS]</p>\n<p><b>Art. 4</b></p>\n<p><i>Proposition de la commission</i></p>\n<p>Adh\u00e9rer \u00e0 la d\u00e9cision du Conseil national</p>\n<p>[VS]</p>\n<p><i>Proposition Lombardi</i></p>\n<p>.... entre en vigueur le 1er ao\u00fbt 2004.</p>\n<p>[VS]</p>\n<p><i>Angenommen gem\u00e4ss Antrag Lombardi</i></p>\n<p><i>Adopt\u00e9 selon la proposition Lombardi</i></p>\n<p>[VS]</p>\n<p>[VS]</p>\n<p><i>Gesamtabstimmung - Vote sur l'ensemble</i></p>\n<p>F\u00fcr Annahme des Entwurfes .... 29 Stimmen</p>\n<p>(Einstimmigkeit)</p>\n<p>[PAGE 330] </p>\n</pd_text>","MeetingCouncilAbbreviation":"S","MeetingDate":"20040610","MeetingVerbalixOid":1206,"IdSession":"4704","SpeakerFirstName":"Bruno","SpeakerLastName":"Frick","SpeakerFullName":"Frick Bruno","SpeakerFunction":"1VP-M","CouncilId":2,"CouncilName":"St\u00e4nderat","CantonId":5,"CantonName":"Schwyz","CantonAbbreviation":"SZ","ParlGroupName":"Christlichdemokratische Fraktion","ParlGroupAbbreviation":"M-E","SortOrder":2,"Start":"\/Date(1086860101867)\/","End":"\/Date(1086860247380)\/","Function":"1VP-M","DisplaySpeaker":false,"LanguageOfText":null,"Modified":"\/Date(1510849540320)\/","StartTimeWithTimezone":"\/Date(1086860101867+0120)\/","EndTimeWithTimezone":"\/Date(1086860247380+0120)\/","VoteBusinessNumber":null,"VoteBusinessShortNumber":null,"VoteBusinessTitle":null},{"__metadata":{"id":"https://ws.parlament.ch/OData.svc/Transcript(ID=50933L,Language='DE')","uri":"https://ws.parlament.ch/OData.svc/Transcript(ID=50933L,Language='DE')","type":"itsystems.Pd.DataServices.DataModel.Transcript"},"Subjects":{"__deferred":{"uri":"https://ws.parlament.ch/OData.svc/Transcript(ID=50933L,Language='DE')/Subjects"}},"MembersCouncil":{"__deferred":{"uri":"https://ws.parlament.ch/OData.svc/Transcript(ID=50933L,Language='DE')/MembersCouncil"}},"Businesses":{"__deferred":{"uri":"https://ws.parlament.ch/OData.svc/Transcript(ID=50933L,Language='DE')/Businesses"}},"ID":"50933","Language":"DE","IdSubject":"8382","VoteId":null,"PersonNumber":540,"Type":1,"Text":"<pd_text><p>Die Kommission f\u00fcr \u00f6ffentliche Bauten hat mich beauftragt, Ihnen das Gesch\u00e4ft \u00fcber die Verpflichtungskreditbegehren f\u00fcr Grundst\u00fccke und Bauten zu unterbreiten.</p>\n<p>Anl\u00e4sslich der Sitzung vom 21. April 2004 hat die K\u00f6B dieses Gesch\u00e4ft beraten und einstimmig gutgeheissen. Der St\u00e4nderat ist bei diesem Gesch\u00e4ft Zweitrat. Der Nationalrat hat es in seiner Sitzung vom 8. M\u00e4rz 2004 mit 153 zu 0 Stimmen genehmigt.</p>\n<p>Der Bundesbeschluss vom 6. Oktober 1989 \u00fcber Objektkreditbegehren f\u00fcr Grundst\u00fccke und Bauten legte fest, dass entsprechende Projekte mit zu erwartenden Ausgaben von \u00fcber 10 Millionen Franken in einer besonderen Botschaft [PAGE 329] ausgewiesen werden m\u00fcssen. Dies galt im Aufgabenbereich der K\u00f6B seither insbesondere f\u00fcr die zivilen Bauprogramme, aber auch f\u00fcr die Bauprogramme des ETH-Bereiches. F\u00fcr beide Bereiche wurden bisher j\u00e4hrliche Baubotschaften vorgelegt und jeweils durch die K\u00f6B vorberaten. Die milit\u00e4rischen Bauten fallen in den Zust\u00e4ndigkeitsbereich der Sicherheitspolitischen Kommissionen.</p>\n<p>Mit dem revidierten ETH-Gesetz, mit der Botschaft \u00fcber die F\u00f6rderung von Bildung, Forschung und Technologie in den Jahren 2004-2007 sowie mit dem Leistungsauftrag des Bundes von 2003 an den ETH-Bereich hat das Parlament den Grundstein f\u00fcr den Ausbau der Autonomie des ETH-Bereiches gelegt. Dies f\u00fchrt nun insbesondere dazu, dass k\u00fcnftig der Finanzierungsbeitrag des Bundes die Betriebsaufwendungen des gesamten ETH-Bereiches, also inklusive Investitionen f\u00fcr Immobilien, Mobilien, Informatik usw., decken soll.</p>\n<p>Die nun vom Bundesrat mit der Botschaft zur Verordnung der Bundesversammlung \u00fcber die Verpflichtungskreditbegehren f\u00fcr Grundst\u00fccke und Bauten beantragte \u00c4nderung ist eine logische Folge dieser Entwicklung. Eine \u00c4nderung des Bundesbeschlusses vom 6. Oktober 1989 \u00fcber Objektkreditbegehren f\u00fcr Grundst\u00fccke und Bauten ist f\u00fcr den ETH-Bereich unumg\u00e4nglich, im Gegensatz zum Bereich der zivilen und milit\u00e4rischen Bauten, wo nur sprachliche und formelle Anpassungen n\u00f6tig sind.</p>\n<p>Mit der Integration der Baubotschaft zum ETH-Bereich in die Budgetbotschaft wird den ETH mehr Flexibilit\u00e4t und Autonomie gew\u00e4hrt. Zudem wird die Transparenz eher erh\u00f6ht, und die Abstimmung der Investitionsplanungen auf die akademische Planung kann markant verbessert werden. Das Bauprogramm der Sparte ETH-Bereich w\u00fcrde folglich also nicht mehr als eigenst\u00e4ndiges Gesch\u00e4ft beraten und beschlossen, sondern als Teil des Voranschlages im Anhang zur Budgetbotschaft des Bundes ausgewiesen.</p>\n<p>Das Parlament \u00fcbt in den verschiedenen Phasen der Vorbereitung und der Genehmigung von ETH-Bauvorhaben aber weiterhin vollumf\u00e4nglich seine Kompetenzen aus, auch wenn es keine eigentliche Baubotschaft mehr gibt. Die Bewilligung der Verpflichtungskredite f\u00fcr ETH-Immobilien erfolgt also weiterhin durch das Parlament. Neu wird sich aber die Finanzkommission beim ETH-Budget auch mit den Immobilieninvestitionen im ETH-Bereich befassen m\u00fcssen.</p>\n<p>Trotz dieser \u00c4nderungen will unsere Kommission in die Behandlung der Bauprojekte des ETH-Bereiches involviert bleiben, und zwar auf zwei Ebenen, die mit der Finanzkommission abgesprochen worden sind.</p>\n<p>1. Die K\u00f6B besichtigt weiterhin auch Bauprojekte aus dem ETH-Bereich und erstellt schriftliche Mitberichte zuhanden der Finanzkommission gem\u00e4ss Artikel 49 Absatz 4 des Parlamentsgesetzes. Bisher war dies umgekehrt; die Finanzkommission konnte betreffend ETH-Bauprojekte Mitberichte zuhanden der K\u00f6B erstellen.</p>\n<p>2. Eine Vertretung der K\u00f6B nimmt aktiv an den Sitzungen der betreffenden Subkommission der Finanzkommission teil. Hingegen erfolgt die Berichterstattung \u00fcber ETH-Bauprojekte im Rahmen der Behandlung des Voranschlages im Plenum durch ein Mitglied der Finanzkommission. Die Mitglieder der K\u00f6B sind selbstverst\u00e4ndlich befugt, sich in der Plenardebatte zu \u00e4ussern.</p>\n<p>Wie gesagt, ist dieses Vorgehen mit der Finanzkommission abgesprochen. Ich hoffe, dass dies einen f\u00fcr alle Seiten akzeptablen Modus vivendi darstellt. Es ist ganz offensichtlich auch ein Anliegen der f\u00fcr die Bauprojekte verantwortlichen ETH-Stellen, dass der Baubereich der ETH weiterhin durch die K\u00f6B begleitet wird.</p>\n<p>Ich bin davon \u00fcberzeugt, dass die vorliegende Verordnung mit der vom Parlament gutgeheissenen Erweiterung der Autonomie des ETH-Bereichs vollumf\u00e4nglich in Einklang steht, wenn nicht geradezu zwingend daraus hervorgeht. Ich bitte Sie im Namen der Kommission, der Vorlage zuzustimmen.</p>\n<p>Ich habe noch eine zus\u00e4tzliche Bemerkung. Zur Zeit der Beratungen in der Kommission war seitens der Verwaltung das Datum der Inkraftsetzung dieser Verordnung noch nicht festgeschrieben, wie Sie dem Entwurf, Seite 9 der Botschaft, entnehmen k\u00f6nnen. Deshalb habe ich jetzt selber einen Antrag eingereicht, der Ihnen vorliegt. Er lautet in Artikel 4: \"Diese Verordnung der Bundesversammlung tritt am 1. August 2004 in Kraft.\" Das heisst - Ihr Einverst\u00e4ndnis vorausgesetzt -, dass die Vorlage n\u00e4chste Woche vom Nationalrat in dieser Fassung gutgeheissen werden muss.</p>\n</pd_text>","MeetingCouncilAbbreviation":"S","MeetingDate":"20040610","MeetingVerbalixOid":1206,"IdSession":"4704","SpeakerFirstName":"Filippo","SpeakerLastName":"Lombardi","SpeakerFullName":"Lombardi Filippo","SpeakerFunction":"Mit-M","CouncilId":2,"CouncilName":"St\u00e4nderat","CantonId":27,"CantonName":"Tessin","CantonAbbreviation":"TI","ParlGroupName":"Christlichdemokratische Fraktion","ParlGroupAbbreviation":"M-E","SortOrder":1,"Start":"\/Date(1086859706697)\/","End":"\/Date(1086860101867)\/","Function":"*","DisplaySpeaker":true,"LanguageOfText":"DE","Modified":"\/Date(1510849540320)\/","StartTimeWithTimezone":"\/Date(1086859706697+0120)\/","EndTimeWithTimezone":"\/Date(1086860101867+0120)\/","VoteBusinessNumber":null,"VoteBusinessShortNumber":null,"VoteBusinessTitle":null}]},"ID":"8382","Language":"DE","IdMeeting":"615","VerbalixOid":106043,"SortOrder":3,"Modified":"\/Date(1510849540307)\/"}}