{"d":{"__metadata":{"id":"https://ws.parlament.ch/OData.svc/Subject(ID=8615L,Language='DE')","uri":"https://ws.parlament.ch/OData.svc/Subject(ID=8615L,Language='DE')","type":"itsystems.Pd.DataServices.DataModel.Subject"},"Meetings":{"__metadata":{"id":"https://ws.parlament.ch/OData.svc/Meeting(ID=637L,Language='DE')","uri":"https://ws.parlament.ch/OData.svc/Meeting(ID=637L,Language='DE')","type":"itsystems.Pd.DataServices.DataModel.Meeting"},"Sessions":{"__deferred":{"uri":"https://ws.parlament.ch/OData.svc/Meeting(ID=637L,Language='DE')/Sessions"}},"Subjects":{"__deferred":{"uri":"https://ws.parlament.ch/OData.svc/Meeting(ID=637L,Language='DE')/Subjects"}},"ID":"637","Language":"DE","MeetingNumber":16,"IdSession":4707,"SessionNumber":7,"SessionName":"Fr\u00fchjahrssession 2005","Council":1,"CouncilName":"Nationalrat","CouncilAbbreviation":"NR","Date":"\/Date(1111017600000)\/","Begin":"1500","Modified":"\/Date(1447069920107)\/","LegislativePeriodNumber":47,"PublicationStatus":"final","MeetingOrderText":"Sechzehnte Sitzung","SortOrder":16,"Location":"N"},"SubjectsBusiness":{"results":[{"__metadata":{"id":"https://ws.parlament.ch/OData.svc/SubjectBusiness(BusinessNumber=20043255,IdSubject=8615L,Language='DE')","uri":"https://ws.parlament.ch/OData.svc/SubjectBusiness(BusinessNumber=20043255,IdSubject=8615L,Language='DE')","type":"itsystems.Pd.DataServices.DataModel.SubjectBusiness"},"Subjects":{"__deferred":{"uri":"https://ws.parlament.ch/OData.svc/SubjectBusiness(BusinessNumber=20043255,IdSubject=8615L,Language='DE')/Subjects"}},"Businesses":{"__deferred":{"uri":"https://ws.parlament.ch/OData.svc/SubjectBusiness(BusinessNumber=20043255,IdSubject=8615L,Language='DE')/Businesses"}},"IdSubject":"8615","BusinessNumber":20043255,"Language":"DE","BusinessShortNumber":"04.3255","Title":"Neat. Varianten Innerschweiz","SortOrder":1,"PublishedNotes":null,"Modified":"\/Date(1447069247123)\/","TitleDE":"Motion F\u00f6hn Peter.\nNeat.\nVarianten Innerschweiz","TitleFR":"Motion F\u00f6hn Peter.\nNLFA.\nVariantes pour la Suisse centrale","TitleIT":null}]},"Transcripts":{"results":[{"__metadata":{"id":"https://ws.parlament.ch/OData.svc/Transcript(ID=52948L,Language='DE')","uri":"https://ws.parlament.ch/OData.svc/Transcript(ID=52948L,Language='DE')","type":"itsystems.Pd.DataServices.DataModel.Transcript"},"Subjects":{"__deferred":{"uri":"https://ws.parlament.ch/OData.svc/Transcript(ID=52948L,Language='DE')/Subjects"}},"MembersCouncil":{"__deferred":{"uri":"https://ws.parlament.ch/OData.svc/Transcript(ID=52948L,Language='DE')/MembersCouncil"}},"Businesses":{"__deferred":{"uri":"https://ws.parlament.ch/OData.svc/Transcript(ID=52948L,Language='DE')/Businesses"}},"ID":"52948","Language":"DE","IdSubject":"8615","VoteId":null,"PersonNumber":435,"Type":1,"Text":"<pd_text><p>Monsieur F\u00f6hn maintient sa motion; le Conseil f\u00e9d\u00e9ral propose de la rejeter.</p>\n<p>[VS]</p>\n<p><i>Abstimmung - Vote</i></p>\n<p>F\u00fcr Annahme der Motion .... 29 Stimmen</p>\n<p>Dagegen .... 94 Stimmen</p>\n</pd_text>","MeetingCouncilAbbreviation":"N","MeetingDate":"20050317","MeetingVerbalixOid":1287,"IdSession":"4707","SpeakerFirstName":"Th\u00e9r\u00e8se","SpeakerLastName":"Meyer","SpeakerFullName":"Meyer Th\u00e9r\u00e8se","SpeakerFunction":"P-F","CouncilId":1,"CouncilName":"Nationalrat","CantonId":10,"CantonName":"Freiburg","CantonAbbreviation":"FR","ParlGroupName":"Christlichdemokratische Fraktion","ParlGroupAbbreviation":"M-E","SortOrder":3,"Start":"\/Date(1111086665040)\/","End":"\/Date(1111086741065)\/","Function":"P-F","DisplaySpeaker":true,"LanguageOfText":"FR","Modified":"\/Date(1774878052016)\/","StartTimeWithTimezone":"\/Date(1111086665040+0060)\/","EndTimeWithTimezone":"\/Date(1111086741067+0060)\/","VoteBusinessNumber":null,"VoteBusinessShortNumber":null,"VoteBusinessTitle":null},{"__metadata":{"id":"https://ws.parlament.ch/OData.svc/Transcript(ID=52949L,Language='DE')","uri":"https://ws.parlament.ch/OData.svc/Transcript(ID=52949L,Language='DE')","type":"itsystems.Pd.DataServices.DataModel.Transcript"},"Subjects":{"__deferred":{"uri":"https://ws.parlament.ch/OData.svc/Transcript(ID=52949L,Language='DE')/Subjects"}},"MembersCouncil":{"__deferred":{"uri":"https://ws.parlament.ch/OData.svc/Transcript(ID=52949L,Language='DE')/MembersCouncil"}},"Businesses":{"__deferred":{"uri":"https://ws.parlament.ch/OData.svc/Transcript(ID=52949L,Language='DE')/Businesses"}},"ID":"52949","Language":"DE","IdSubject":"8615","VoteId":null,"PersonNumber":134,"Type":1,"Text":"<pd_text><p>Die Linienf\u00fchrungsentscheide zur Neat sind in einem offenen Planungsprozess seit 1990 schrittweise demokratisch gefallen. F\u00fcr eine erneute Diskussion scheint es uns heute zu sp\u00e4t zu sein. \u00dcber das Anliegen von Herrn F\u00f6hn wurde bei der Beratung des Neat-Zusatzkredites von 900 Millionen Franken und der teilweisen Freigabe der gesperrten Mittel der zweiten Phase der Neat am 10. Juni 2004 hier im Nationalrat debattiert. Eine Linienf\u00fchrung mit einem Tunnel von Erstfeld in Richtung Stans und Luzern wurde bereits im Vorfeld zum Neat-Beschluss untersucht. In Luzern m\u00fcsste daf\u00fcr speziell ein neuer Tiefbahnhof gebaut werden. Deswegen wurde diese Variante zugunsten einer Linienf\u00fchrung \u00fcber Arth-Goldau verworfen.</p>\n</pd_text>","MeetingCouncilAbbreviation":"N","MeetingDate":"20050317","MeetingVerbalixOid":1287,"IdSession":"4707","SpeakerFirstName":"Moritz","SpeakerLastName":"Leuenberger","SpeakerFullName":"Leuenberger Moritz","SpeakerFunction":"VPBR-M","CouncilId":99,"CouncilName":"Bundesrat","CantonId":1,"CantonName":"Z\u00fcrich","CantonAbbreviation":"ZH","ParlGroupName":null,"ParlGroupAbbreviation":null,"SortOrder":2,"Start":"\/Date(1111085334824)\/","End":"\/Date(1111085404626)\/","Function":"VPBR-M","DisplaySpeaker":true,"LanguageOfText":"DE","Modified":"\/Date(1774878052013)\/","StartTimeWithTimezone":"\/Date(1111085334823+0060)\/","EndTimeWithTimezone":"\/Date(1111085404627+0060)\/","VoteBusinessNumber":null,"VoteBusinessShortNumber":null,"VoteBusinessTitle":null},{"__metadata":{"id":"https://ws.parlament.ch/OData.svc/Transcript(ID=52950L,Language='DE')","uri":"https://ws.parlament.ch/OData.svc/Transcript(ID=52950L,Language='DE')","type":"itsystems.Pd.DataServices.DataModel.Transcript"},"Subjects":{"__deferred":{"uri":"https://ws.parlament.ch/OData.svc/Transcript(ID=52950L,Language='DE')/Subjects"}},"MembersCouncil":{"__deferred":{"uri":"https://ws.parlament.ch/OData.svc/Transcript(ID=52950L,Language='DE')/MembersCouncil"}},"Businesses":{"__deferred":{"uri":"https://ws.parlament.ch/OData.svc/Transcript(ID=52950L,Language='DE')/Businesses"}},"ID":"52950","Language":"DE","IdSubject":"8615","VoteId":null,"PersonNumber":321,"Type":1,"Text":"<pd_text><p>Es geht hier um den Verkehr. Es geht hier um Abkl\u00e4rungen. Es geht hier um Varianten. Wie Sie wissen, ist die Neat bis zum Sch\u00e4chen geplant, dar\u00fcber hinaus nicht. Es sind Planungen vorhanden respektive ist Geld gesprochen f\u00fcr die Abschnitte bis zum Sch\u00e4chen. </p>\n<p>Was ich mit meiner Motion will, ist nichts anderes, als dass man einmal alle m\u00f6glichen Varianten ausserhalb der bereits geplanten Abschnitte aufzeigt, bespricht, abkl\u00e4rt, und dass man versucht, letztendlich das Beste herauszunehmen. Es geht nicht darum, alles neu aufzurollen. Die Varianten sind vorliegend, insbesondere auch die Variante, die ich hier anspreche, die Stanser Variante. Ich versichere Ihnen, und ich muss das leider immer und immer wieder betonen: Wir bauen jetzt eine Neat, wir bauen eine Neat-Nord-S\u00fcd-Verbindung, was eigentlich sehr, sehr gut ist. Was letztendlich aber darunter leiden wird, ist der regionale Verkehr, und um den habe ich Angst. Ich glaube, wir m\u00fcssen alles abkl\u00e4ren, damit der Kanton Uri insbesondere und der Kanton Schwyz - der innere Kantonsteil - letztendlich nicht vom Regionalverkehr auf der Schiene ausgeschlossen werden.</p>\n<p>Ich bitte Sie, meine Motion anzunehmen. Es ist n\u00e4mlich zu beachten, dass auf der Nord-S\u00fcd-Strecke ein absoluter Mischverkehr herrscht - Regionalverkehr, Neat, Mischverkehr -, das heisst mit anderen Worten also: Es herrschen sehr unterschiedliche Geschwindigkeiten. Es ist zu beachten, dass auf diesem schmalen Trassee, auf dem heutigen Trassee, dann nicht gen\u00fcgend Kapazit\u00e4t besteht, um alles durchzuschleusen. </p>\n<p>Ich bitte Sie, meine Motion anzunehmen.</p>\n</pd_text>","MeetingCouncilAbbreviation":"N","MeetingDate":"20050317","MeetingVerbalixOid":1287,"IdSession":"4707","SpeakerFirstName":"Peter","SpeakerLastName":"F\u00f6hn","SpeakerFullName":"F\u00f6hn Peter","SpeakerFunction":"Mit-M","CouncilId":1,"CouncilName":"Nationalrat","CantonId":5,"CantonName":"Schwyz","CantonAbbreviation":"SZ","ParlGroupName":"Fraktion der Schweizerischen Volkspartei","ParlGroupAbbreviation":"V","SortOrder":1,"Start":"\/Date(1111085198142)\/","End":"\/Date(1111085334824)\/","Function":"Mit-M","DisplaySpeaker":true,"LanguageOfText":"DE","Modified":"\/Date(1774878052012)\/","StartTimeWithTimezone":"\/Date(1111085198143+0060)\/","EndTimeWithTimezone":"\/Date(1111085334823+0060)\/","VoteBusinessNumber":null,"VoteBusinessShortNumber":null,"VoteBusinessTitle":null}]},"ID":"8615","Language":"DE","IdMeeting":"637","VerbalixOid":123118,"SortOrder":29,"Modified":"\/Date(1774878052010)\/"}}