{"d":{"__metadata":{"id":"https://ws.parlament.ch/OData.svc/Subject(ID=8734L,Language='DE')","uri":"https://ws.parlament.ch/OData.svc/Subject(ID=8734L,Language='DE')","type":"itsystems.Pd.DataServices.DataModel.Subject"},"Meetings":{"__metadata":{"id":"https://ws.parlament.ch/OData.svc/Meeting(ID=638L,Language='DE')","uri":"https://ws.parlament.ch/OData.svc/Meeting(ID=638L,Language='DE')","type":"itsystems.Pd.DataServices.DataModel.Meeting"},"Sessions":{"__deferred":{"uri":"https://ws.parlament.ch/OData.svc/Meeting(ID=638L,Language='DE')/Sessions"}},"Subjects":{"__deferred":{"uri":"https://ws.parlament.ch/OData.svc/Meeting(ID=638L,Language='DE')/Subjects"}},"ID":"638","Language":"DE","MeetingNumber":17,"IdSession":4707,"SessionNumber":7,"SessionName":"Fr\u00fchjahrssession 2005","Council":1,"CouncilName":"Nationalrat","CouncilAbbreviation":"NR","Date":"\/Date(1111104000000)\/","Begin":"0800","Modified":"\/Date(1447069920953)\/","LegislativePeriodNumber":47,"PublicationStatus":"final","MeetingOrderText":"Siebzehnte Sitzung","SortOrder":17,"Location":"N"},"SubjectsBusiness":{"results":[{"__metadata":{"id":"https://ws.parlament.ch/OData.svc/SubjectBusiness(BusinessNumber=20040033,IdSubject=8734L,Language='DE')","uri":"https://ws.parlament.ch/OData.svc/SubjectBusiness(BusinessNumber=20040033,IdSubject=8734L,Language='DE')","type":"itsystems.Pd.DataServices.DataModel.SubjectBusiness"},"Subjects":{"__deferred":{"uri":"https://ws.parlament.ch/OData.svc/SubjectBusiness(BusinessNumber=20040033,IdSubject=8734L,Language='DE')/Subjects"}},"Businesses":{"__deferred":{"uri":"https://ws.parlament.ch/OData.svc/SubjectBusiness(BusinessNumber=20040033,IdSubject=8734L,Language='DE')/Businesses"}},"IdSubject":"8734","BusinessNumber":20040033,"Language":"DE","BusinessShortNumber":"04.033","Title":"Bundesgesetz \u00fcber die Krankenversicherung. Teilrevision. Pr\u00e4mienverbilligung","SortOrder":1,"PublishedNotes":"Schlussabstimmung - Vote final\n","Modified":"\/Date(1447069233313)\/","TitleDE":"Bundesgesetz\n\u00fcber die Krankenversicherung.\nTeilrevision.\nPr\u00e4mienverbilligung","TitleFR":"Loi f\u00e9d\u00e9rale\nsur l'assurance-maladie.\nR\u00e9vision partielle.\nR\u00e9duction des primes","TitleIT":null}]},"Transcripts":{"results":[{"__metadata":{"id":"https://ws.parlament.ch/OData.svc/Transcript(ID=53086L,Language='DE')","uri":"https://ws.parlament.ch/OData.svc/Transcript(ID=53086L,Language='DE')","type":"itsystems.Pd.DataServices.DataModel.Transcript"},"Subjects":{"__deferred":{"uri":"https://ws.parlament.ch/OData.svc/Transcript(ID=53086L,Language='DE')/Subjects"}},"MembersCouncil":{"__deferred":{"uri":"https://ws.parlament.ch/OData.svc/Transcript(ID=53086L,Language='DE')/MembersCouncil"}},"Businesses":{"__deferred":{"uri":"https://ws.parlament.ch/OData.svc/Transcript(ID=53086L,Language='DE')/Businesses"}},"ID":"53086","Language":"DE","IdSubject":"8734","VoteId":"1979","PersonNumber":null,"Type":2,"Text":"<pd_text><p><i>Abstimmung - Vote</i></p>\n<p>[NAM]</p>\n<p>F\u00fcr Annahme des Entwurfes .... 161 Stimmen</p>\n<p>Dagegen .... 5 Stimmen</p>\n<p>[PAGE 472] </p>\n</pd_text>","MeetingCouncilAbbreviation":"N","MeetingDate":"20050318","MeetingVerbalixOid":1288,"IdSession":"4707","SpeakerFirstName":null,"SpeakerLastName":null,"SpeakerFullName":"","SpeakerFunction":null,"CouncilId":null,"CouncilName":null,"CantonId":null,"CantonName":null,"CantonAbbreviation":null,"ParlGroupName":null,"ParlGroupAbbreviation":null,"SortOrder":2,"Start":"\/Date(1111136365102)\/","End":"\/Date(1111136365102)\/","Function":null,"DisplaySpeaker":null,"LanguageOfText":"DE","Modified":"\/Date(1774878053594)\/","StartTimeWithTimezone":"\/Date(1111136365103+0060)\/","EndTimeWithTimezone":"\/Date(1111136365103+0060)\/","VoteBusinessNumber":20040033,"VoteBusinessShortNumber":"04.033","VoteBusinessTitle":"Bundesgesetz\n\u00fcber die Krankenversicherung.\nTeilrevision.\nPr\u00e4mienverbilligung"},{"__metadata":{"id":"https://ws.parlament.ch/OData.svc/Transcript(ID=53087L,Language='DE')","uri":"https://ws.parlament.ch/OData.svc/Transcript(ID=53087L,Language='DE')","type":"itsystems.Pd.DataServices.DataModel.Transcript"},"Subjects":{"__deferred":{"uri":"https://ws.parlament.ch/OData.svc/Transcript(ID=53087L,Language='DE')/Subjects"}},"MembersCouncil":{"__deferred":{"uri":"https://ws.parlament.ch/OData.svc/Transcript(ID=53087L,Language='DE')/MembersCouncil"}},"Businesses":{"__deferred":{"uri":"https://ws.parlament.ch/OData.svc/Transcript(ID=53087L,Language='DE')/Businesses"}},"ID":"53087","Language":"DE","IdSubject":"8734","VoteId":null,"PersonNumber":435,"Type":1,"Text":"<pd_text><p><b>1. Bundesgesetz \u00fcber die Krankenversicherung (Pr\u00e4mienverbilligung) </b></p>\n<p><b>1. Loi f\u00e9d\u00e9rale sur l'assurance-maladie (R\u00e9duction des primes) </b></p>\n</pd_text>","MeetingCouncilAbbreviation":"N","MeetingDate":"20050318","MeetingVerbalixOid":1288,"IdSession":"4707","SpeakerFirstName":"Th\u00e9r\u00e8se","SpeakerLastName":"Meyer","SpeakerFullName":"Meyer Th\u00e9r\u00e8se","SpeakerFunction":"P-F","CouncilId":1,"CouncilName":"Nationalrat","CantonId":10,"CantonName":"Freiburg","CantonAbbreviation":"FR","ParlGroupName":"Christlichdemokratische Fraktion","ParlGroupAbbreviation":"M-E","SortOrder":1,"Start":"\/Date(1111136299763)\/","End":"\/Date(1111136365102)\/","Function":"P-F","DisplaySpeaker":false,"LanguageOfText":null,"Modified":"\/Date(1774878053589)\/","StartTimeWithTimezone":"\/Date(1111136299763+0060)\/","EndTimeWithTimezone":"\/Date(1111136365103+0060)\/","VoteBusinessNumber":null,"VoteBusinessShortNumber":null,"VoteBusinessTitle":null}]},"ID":"8734","Language":"DE","IdMeeting":"638","VerbalixOid":123475,"SortOrder":137,"Modified":"\/Date(1774878053587)\/"}}