{"d":{"__metadata":{"id":"https://ws.parlament.ch/OData.svc/Subject(ID=8891L,Language='DE')","uri":"https://ws.parlament.ch/OData.svc/Subject(ID=8891L,Language='DE')","type":"itsystems.Pd.DataServices.DataModel.Subject"},"Meetings":{"__metadata":{"id":"https://ws.parlament.ch/OData.svc/Meeting(ID=654L,Language='DE')","uri":"https://ws.parlament.ch/OData.svc/Meeting(ID=654L,Language='DE')","type":"itsystems.Pd.DataServices.DataModel.Meeting"},"Sessions":{"__deferred":{"uri":"https://ws.parlament.ch/OData.svc/Meeting(ID=654L,Language='DE')/Sessions"}},"Subjects":{"__deferred":{"uri":"https://ws.parlament.ch/OData.svc/Meeting(ID=654L,Language='DE')/Subjects"}},"ID":"654","Language":"DE","MeetingNumber":1,"IdSession":4708,"SessionNumber":8,"SessionName":"Sommersession 2005","Council":1,"CouncilName":"Nationalrat","CouncilAbbreviation":"NR","Date":"\/Date(1117411200000)\/","Begin":"1430","Modified":"\/Date(1447069926733)\/","LegislativePeriodNumber":47,"PublicationStatus":"final","MeetingOrderText":"Erste Sitzung","SortOrder":1,"Location":"N"},"SubjectsBusiness":{"results":[{"__metadata":{"id":"https://ws.parlament.ch/OData.svc/SubjectBusiness(BusinessNumber=20050202,IdSubject=8891L,Language='DE')","uri":"https://ws.parlament.ch/OData.svc/SubjectBusiness(BusinessNumber=20050202,IdSubject=8891L,Language='DE')","type":"itsystems.Pd.DataServices.DataModel.SubjectBusiness"},"Subjects":{"__deferred":{"uri":"https://ws.parlament.ch/OData.svc/SubjectBusiness(BusinessNumber=20050202,IdSubject=8891L,Language='DE')/Subjects"}},"Businesses":{"__deferred":{"uri":"https://ws.parlament.ch/OData.svc/SubjectBusiness(BusinessNumber=20050202,IdSubject=8891L,Language='DE')/Businesses"}},"IdSubject":"8891","BusinessNumber":20050202,"Language":"DE","BusinessShortNumber":"05.202","Title":"Wahlpr\u00fcfung und Vereidigung","SortOrder":1,"PublishedNotes":null,"Modified":"\/Date(1447069265906)\/","TitleDE":"Wahlpr\u00fcfung\nund Vereidigung","TitleFR":"V\u00e9rification des pouvoirs\net prestation de serment","TitleIT":null}]},"Transcripts":{"results":[{"__metadata":{"id":"https://ws.parlament.ch/OData.svc/Transcript(ID=54403L,Language='DE')","uri":"https://ws.parlament.ch/OData.svc/Transcript(ID=54403L,Language='DE')","type":"itsystems.Pd.DataServices.DataModel.Transcript"},"Subjects":{"__deferred":{"uri":"https://ws.parlament.ch/OData.svc/Transcript(ID=54403L,Language='DE')/Subjects"}},"MembersCouncil":{"__deferred":{"uri":"https://ws.parlament.ch/OData.svc/Transcript(ID=54403L,Language='DE')/MembersCouncil"}},"Businesses":{"__deferred":{"uri":"https://ws.parlament.ch/OData.svc/Transcript(ID=54403L,Language='DE')/Businesses"}},"ID":"54403","Language":"DE","IdSubject":"8891","VoteId":null,"PersonNumber":435,"Type":1,"Text":"<pd_text><p>Le Bureau propose de valider l'\u00e9lection de Messieurs Barthassat et F\u00fcglistaller et de Madame Graf-Litscher. Aucune autre proposition n'est faite. L'\u00e9lection est donc valid\u00e9e. Nous passons \u00e0 l'assermentation. Je prie les trois nouveaux conseillers nationaux de s'avancer au centre de l'h\u00e9micycle.</p>\n<p>Je prie les membres du conseil et les visiteurs dans les tribunes de se lever.</p>\n<p>[VS]</p>\n<p><i>Wallimann-Bornatico Mariangela, Generalsekret\u00e4rin der Bundesversammlung, verliest die Eidesformel: </i></p>\n<p><i>Wallimann-Bornatico Mariangela, secr\u00e9taire g\u00e9n\u00e9rale de l'Assembl\u00e9e f\u00e9d\u00e9rale, donne lecture de la formule du serment: </i></p>\n<p>Je jure devant Dieu tout-puissant d'observer la Constitution et les lois et de remplir en conscience les devoirs de ma charge.</p>\n<p>Ich schw\u00f6re vor Gott dem Allm\u00e4chtigen, die Verfassung und die Gesetze zu beachten und die Pflichten meines Amtes gewissenhaft zu erf\u00fcllen.</p>\n<p>[VS]</p>\n<p><i>Barthassat Luc und F\u00fcglistaller Lieni werden vereidigt</i></p>\n<p><i>Barthassat Luc et F\u00fcglistaller Lieni pr\u00eatent serment </i></p>\n<p>[VS] [PAGE 487] </p>\n<p><i>Wallimann-Bornatico Mariangela, Generalsekret\u00e4rin der Bundesversammlung, verliest die Gel\u00fcbdeformel:</i></p>\n<p><i>Wallimann-Bornatico Mariangela, secr\u00e9taire g\u00e9n\u00e9rale de l'Assembl\u00e9e f\u00e9d\u00e9rale, donne lecture de la formule de la promesse:</i></p>\n<p>Ich gelobe, die Verfassung und die Gesetze zu beachten und die Pflichten meines Amtes gewissenhaft zu erf\u00fcllen.</p>\n<p>[VS]</p>\n<p><i>Graf-Litscher Edith legt das Gel\u00fcbde ab </i></p>\n<p><i>Graf-Litscher Edith fait la promesse requise </i></p>\n<p>[VS]</p>\n<p><b>La pr\u00e9sidente</b> (Meyer Th\u00e9r\u00e8se, pr\u00e9sidente): Madame et Messieurs les conseillers nationaux, le conseil prend acte de votre serment ou de votre promesse. En son nom, je vous souhaite une cordiale bienvenue et forme des voeux pour votre activit\u00e9 parlementaire. <i>(Applaudissements)</i></p>\n</pd_text>","MeetingCouncilAbbreviation":"N","MeetingDate":"20050530","MeetingVerbalixOid":1305,"IdSession":"4708","SpeakerFirstName":"Th\u00e9r\u00e8se","SpeakerLastName":"Meyer","SpeakerFullName":"Meyer Th\u00e9r\u00e8se","SpeakerFunction":"P-F","CouncilId":1,"CouncilName":"Nationalrat","CantonId":10,"CantonName":"Freiburg","CantonAbbreviation":"FR","ParlGroupName":"Christlichdemokratische Fraktion","ParlGroupAbbreviation":"M-E","SortOrder":4,"Start":"\/Date(1117464246844)\/","End":"\/Date(1117464439498)\/","Function":"P-F","DisplaySpeaker":true,"LanguageOfText":"FR","Modified":"\/Date(1774878029876)\/","StartTimeWithTimezone":"\/Date(1117464246843+0120)\/","EndTimeWithTimezone":"\/Date(1117464439497+0120)\/","VoteBusinessNumber":null,"VoteBusinessShortNumber":null,"VoteBusinessTitle":null},{"__metadata":{"id":"https://ws.parlament.ch/OData.svc/Transcript(ID=54404L,Language='DE')","uri":"https://ws.parlament.ch/OData.svc/Transcript(ID=54404L,Language='DE')","type":"itsystems.Pd.DataServices.DataModel.Transcript"},"Subjects":{"__deferred":{"uri":"https://ws.parlament.ch/OData.svc/Transcript(ID=54404L,Language='DE')/Subjects"}},"MembersCouncil":{"__deferred":{"uri":"https://ws.parlament.ch/OData.svc/Transcript(ID=54404L,Language='DE')/MembersCouncil"}},"Businesses":{"__deferred":{"uri":"https://ws.parlament.ch/OData.svc/Transcript(ID=54404L,Language='DE')/Businesses"}},"ID":"54404","Language":"DE","IdSubject":"8891","VoteId":null,"PersonNumber":326,"Type":1,"Text":"<pd_text><p>Das B\u00fcro hat die Wahl von Herrn Lieni F\u00fcglistaller, geboren am 31. Dezember 1951, von und wohnhaft in Rudolfstetten-Friedlisberg, gepr\u00fcft. Herr F\u00fcglistaller ersetzt unseren verstorbenen Kollegen Christian Speck. Herr Lieni F\u00fcglistaller ist erster Ersatz der Liste Nummer 1a der Schweizerischen Volkspartei. Er ist Unternehmer und Grossrat. Der Regierungsrat des Kantons Aargau hat ihn mit Beschluss vom 17. Mai 2005 als gew\u00e4hlt erkl\u00e4rt. Dieser Beschluss ist im \"Amtsblatt des Kantons Aargau\" vom 23. Mai 2005 ver\u00f6ffentlicht worden. Das B\u00fcro hat festgestellt, dass bei Herrn Lieni F\u00fcglistaller keine Unvereinbarkeit mit dem Nationalratsmandat besteht. Das B\u00fcro beantragt Ihnen demzufolge, die Wahl von Herrn Lieni F\u00fcglistaller als g\u00fcltig zu erkl\u00e4ren.</p>\n<p>Das B\u00fcro hat auch die Wahl von Frau Edith Graf-Litscher, geboren am 25. M\u00e4rz 1964, von Sevelen SG und Wolfhalden AR, wohnhaft in Frauenfeld, gepr\u00fcft. Frau Graf-Litscher ersetzt unseren unerwartet verstorbenen Kollegen Jost Gross. Frau Graf-Litscher ist erster Ersatz der Liste Nummer 5 der Sozialdemokratischen Partei, Juso und Gewerkschaften. Sie ist Marketingplanerin. Der Regierungsrat des Kantons Thurgau hat sie mit Beschluss vom 17. Mai 2005 als gew\u00e4hlt erkl\u00e4rt. Dieser Beschluss ist im \"Amtsblatt des Kantons Thurgau\" vom 20. Mai 2005 ver\u00f6ffentlicht worden. Das B\u00fcro hat festgestellt, dass bei Frau Graf-Litscher keine Unvereinbarkeit mit dem Nationalratsmandat besteht. Das B\u00fcro beantragt Ihnen deshalb, die Wahl von Frau Graf-Litscher als g\u00fcltig zu erkl\u00e4ren.</p>\n</pd_text>","MeetingCouncilAbbreviation":"N","MeetingDate":"20050530","MeetingVerbalixOid":1305,"IdSession":"4708","SpeakerFirstName":"Paul","SpeakerLastName":"G\u00fcnter","SpeakerFullName":"G\u00fcnter Paul","SpeakerFunction":"Mit-M","CouncilId":1,"CouncilName":"Nationalrat","CantonId":2,"CantonName":"Bern","CantonAbbreviation":"BE","ParlGroupName":"Sozialdemokratische Fraktion","ParlGroupAbbreviation":"S","SortOrder":3,"Start":"\/Date(1117464121534)\/","End":"\/Date(1117464246844)\/","Function":"B","DisplaySpeaker":true,"LanguageOfText":"DE","Modified":"\/Date(1774878029874)\/","StartTimeWithTimezone":"\/Date(1117464121533+0120)\/","EndTimeWithTimezone":"\/Date(1117464246843+0120)\/","VoteBusinessNumber":null,"VoteBusinessShortNumber":null,"VoteBusinessTitle":null},{"__metadata":{"id":"https://ws.parlament.ch/OData.svc/Transcript(ID=54405L,Language='DE')","uri":"https://ws.parlament.ch/OData.svc/Transcript(ID=54405L,Language='DE')","type":"itsystems.Pd.DataServices.DataModel.Transcript"},"Subjects":{"__deferred":{"uri":"https://ws.parlament.ch/OData.svc/Transcript(ID=54405L,Language='DE')/Subjects"}},"MembersCouncil":{"__deferred":{"uri":"https://ws.parlament.ch/OData.svc/Transcript(ID=54405L,Language='DE')/MembersCouncil"}},"Businesses":{"__deferred":{"uri":"https://ws.parlament.ch/OData.svc/Transcript(ID=54405L,Language='DE')/Businesses"}},"ID":"54405","Language":"DE","IdSubject":"8891","VoteId":null,"PersonNumber":456,"Type":1,"Text":"<pd_text><p>Le Bureau a examin\u00e9 l'\u00e9lection de Monsieur Luc Barthassat, n\u00e9 le 3 septembre 1960, originaire de Bardonnex, domicili\u00e9 \u00e0 Landecy. Il remplace notre coll\u00e8gue Jean-Philippe Maitre, d\u00e9missionnaire pour cause de maladie.</p>\n<p>Le premier suppl\u00e9ant, Monsieur Jean-Claude Vaudroz, ancien conseiller national, a renonc\u00e9 \u00e0 occuper le si\u00e8ge vacant.</p>\n<p>Monsieur Barthassat est le deuxi\u00e8me suppl\u00e9ant de la liste no 8 du Parti d\u00e9mocrate-chr\u00e9tien genevois. Il est agriculteur, viticulteur et paysagiste \u00e0 Landecy. Le Conseil d'Etat du canton de Gen\u00e8ve l'a proclam\u00e9 \u00e9lu par arr\u00eat\u00e9 du 7 mars 2005. La publication a \u00e9t\u00e9 faite dans la \"Feuille d'avis officielle de la R\u00e9publique et Canton de Gen\u00e8ve\" du 9 mars 2005.</p>\n<p>Le Bureau a constat\u00e9 qu'il n'y avait pas d'incompatibilit\u00e9 avec le mandat de conseiller national et propose d\u00e8s lors de valider l'\u00e9lection de Monsieur Barthassat.</p>\n</pd_text>","MeetingCouncilAbbreviation":"N","MeetingDate":"20050530","MeetingVerbalixOid":1305,"IdSession":"4708","SpeakerFirstName":"Jean-Michel","SpeakerLastName":"Cina","SpeakerFullName":"Cina Jean-Michel","SpeakerFunction":"Mit-M","CouncilId":null,"CouncilName":null,"CantonId":null,"CantonName":null,"CantonAbbreviation":null,"ParlGroupName":null,"ParlGroupAbbreviation":null,"SortOrder":2,"Start":"\/Date(1117464053659)\/","End":"\/Date(1117464121534)\/","Function":"B","DisplaySpeaker":true,"LanguageOfText":"FR","Modified":"\/Date(1774878029872)\/","StartTimeWithTimezone":"\/Date(1117464053660+0120)\/","EndTimeWithTimezone":"\/Date(1117464121533+0120)\/","VoteBusinessNumber":null,"VoteBusinessShortNumber":null,"VoteBusinessTitle":null},{"__metadata":{"id":"https://ws.parlament.ch/OData.svc/Transcript(ID=54406L,Language='DE')","uri":"https://ws.parlament.ch/OData.svc/Transcript(ID=54406L,Language='DE')","type":"itsystems.Pd.DataServices.DataModel.Transcript"},"Subjects":{"__deferred":{"uri":"https://ws.parlament.ch/OData.svc/Transcript(ID=54406L,Language='DE')/Subjects"}},"MembersCouncil":{"__deferred":{"uri":"https://ws.parlament.ch/OData.svc/Transcript(ID=54406L,Language='DE')/MembersCouncil"}},"Businesses":{"__deferred":{"uri":"https://ws.parlament.ch/OData.svc/Transcript(ID=54406L,Language='DE')/Businesses"}},"ID":"54406","Language":"DE","IdSubject":"8891","VoteId":null,"PersonNumber":435,"Type":1,"Text":"<pd_text><p>Monsieur Jean-Philippe Maitre, conseiller national avec qui je viens de parler et qui vous salue bien, a pr\u00e9sent\u00e9 sa d\u00e9mission avec effet au 1er mars 2005. Messieurs Christian Speck et Jost Gross sont d\u00e9c\u00e9d\u00e9s respectivement les 5 et 6 mai 2005.</p>\n<p>Nous allons maintenant proc\u00e9der \u00e0 la v\u00e9rification des pouvoirs de leurs rempla\u00e7ants: Monsieur Luc Barthassat, Monsieur Lieni F\u00fcglistaller et Madame Edith Graf-Litscher.</p>\n</pd_text>","MeetingCouncilAbbreviation":"N","MeetingDate":"20050530","MeetingVerbalixOid":1305,"IdSession":"4708","SpeakerFirstName":"Th\u00e9r\u00e8se","SpeakerLastName":"Meyer","SpeakerFullName":"Meyer Th\u00e9r\u00e8se","SpeakerFunction":"P-F","CouncilId":1,"CouncilName":"Nationalrat","CantonId":10,"CantonName":"Freiburg","CantonAbbreviation":"FR","ParlGroupName":"Christlichdemokratische Fraktion","ParlGroupAbbreviation":"M-E","SortOrder":1,"Start":"\/Date(1117463998473)\/","End":"\/Date(1117464053659)\/","Function":"P-F","DisplaySpeaker":true,"LanguageOfText":"FR","Modified":"\/Date(1774878029871)\/","StartTimeWithTimezone":"\/Date(1117463998473+0120)\/","EndTimeWithTimezone":"\/Date(1117464053660+0120)\/","VoteBusinessNumber":null,"VoteBusinessShortNumber":null,"VoteBusinessTitle":null}]},"ID":"8891","Language":"DE","IdMeeting":"654","VerbalixOid":124250,"SortOrder":3,"Modified":"\/Date(1774878029868)\/"}}