{"d":{"__metadata":{"id":"https://ws.parlament.ch/OData.svc/Subject(ID=9244L,Language='DE')","uri":"https://ws.parlament.ch/OData.svc/Subject(ID=9244L,Language='DE')","type":"itsystems.Pd.DataServices.DataModel.Subject"},"Meetings":{"__metadata":{"id":"https://ws.parlament.ch/OData.svc/Meeting(ID=673L,Language='DE')","uri":"https://ws.parlament.ch/OData.svc/Meeting(ID=673L,Language='DE')","type":"itsystems.Pd.DataServices.DataModel.Meeting"},"Sessions":{"__deferred":{"uri":"https://ws.parlament.ch/OData.svc/Meeting(ID=673L,Language='DE')/Sessions"}},"Subjects":{"__deferred":{"uri":"https://ws.parlament.ch/OData.svc/Meeting(ID=673L,Language='DE')/Subjects"}},"ID":"673","Language":"DE","MeetingNumber":4,"IdSession":4708,"SessionNumber":8,"SessionName":"Sommersession 2005","Council":2,"CouncilName":"St\u00e4nderat","CouncilAbbreviation":"SR","Date":"\/Date(1117670400000)\/","Begin":"0800","Modified":"\/Date(1447069934217)\/","LegislativePeriodNumber":47,"PublicationStatus":"final","MeetingOrderText":"Vierte Sitzung","SortOrder":4,"Location":"S"},"SubjectsBusiness":{"results":[{"__metadata":{"id":"https://ws.parlament.ch/OData.svc/SubjectBusiness(BusinessNumber=20020010,IdSubject=9244L,Language='DE')","uri":"https://ws.parlament.ch/OData.svc/SubjectBusiness(BusinessNumber=20020010,IdSubject=9244L,Language='DE')","type":"itsystems.Pd.DataServices.DataModel.SubjectBusiness"},"Subjects":{"__deferred":{"uri":"https://ws.parlament.ch/OData.svc/SubjectBusiness(BusinessNumber=20020010,IdSubject=9244L,Language='DE')/Subjects"}},"Businesses":{"__deferred":{"uri":"https://ws.parlament.ch/OData.svc/SubjectBusiness(BusinessNumber=20020010,IdSubject=9244L,Language='DE')/Businesses"}},"IdSubject":"9244","BusinessNumber":20020010,"Language":"DE","BusinessShortNumber":"02.010","Title":"Massnahmen zur Bek\u00e4mpfung der Schwarzarbeit (BGSA)","SortOrder":1,"PublishedNotes":"Differenzen - Divergences\n","Modified":"\/Date(1447069171710)\/","TitleDE":"Massnahmen zur Bek\u00e4mpfung\nder Schwarzarbeit","TitleFR":"Loi contre\nle travail au noir","TitleIT":null}]},"Transcripts":{"results":[{"__metadata":{"id":"https://ws.parlament.ch/OData.svc/Transcript(ID=56185L,Language='DE')","uri":"https://ws.parlament.ch/OData.svc/Transcript(ID=56185L,Language='DE')","type":"itsystems.Pd.DataServices.DataModel.Transcript"},"Subjects":{"__deferred":{"uri":"https://ws.parlament.ch/OData.svc/Transcript(ID=56185L,Language='DE')/Subjects"}},"MembersCouncil":{"__deferred":{"uri":"https://ws.parlament.ch/OData.svc/Transcript(ID=56185L,Language='DE')/MembersCouncil"}},"Businesses":{"__deferred":{"uri":"https://ws.parlament.ch/OData.svc/Transcript(ID=56185L,Language='DE')/Businesses"}},"ID":"56185","Language":"DE","IdSubject":"9244","VoteId":null,"PersonNumber":85,"Type":1,"Text":"<pd_text><p><i>Angenommen - Adopt\u00e9</i></p>\n</pd_text>","MeetingCouncilAbbreviation":"S","MeetingDate":"20050602","MeetingVerbalixOid":1324,"IdSession":"4708","SpeakerFirstName":"Bruno","SpeakerLastName":"Frick","SpeakerFullName":"Frick Bruno","SpeakerFunction":"P-M","CouncilId":2,"CouncilName":"St\u00e4nderat","CantonId":5,"CantonName":"Schwyz","CantonAbbreviation":"SZ","ParlGroupName":"Christlichdemokratische Fraktion","ParlGroupAbbreviation":"M-E","SortOrder":7,"Start":"\/Date(1117700078103)\/","End":"\/Date(1117700087197)\/","Function":"P-M","DisplaySpeaker":false,"LanguageOfText":null,"Modified":"\/Date(1510849602010)\/","StartTimeWithTimezone":"\/Date(1117700078103+0120)\/","EndTimeWithTimezone":"\/Date(1117700087197+0120)\/","VoteBusinessNumber":null,"VoteBusinessShortNumber":null,"VoteBusinessTitle":null},{"__metadata":{"id":"https://ws.parlament.ch/OData.svc/Transcript(ID=56186L,Language='DE')","uri":"https://ws.parlament.ch/OData.svc/Transcript(ID=56186L,Language='DE')","type":"itsystems.Pd.DataServices.DataModel.Transcript"},"Subjects":{"__deferred":{"uri":"https://ws.parlament.ch/OData.svc/Transcript(ID=56186L,Language='DE')/Subjects"}},"MembersCouncil":{"__deferred":{"uri":"https://ws.parlament.ch/OData.svc/Transcript(ID=56186L,Language='DE')/MembersCouncil"}},"Businesses":{"__deferred":{"uri":"https://ws.parlament.ch/OData.svc/Transcript(ID=56186L,Language='DE')/Businesses"}},"ID":"56186","Language":"DE","IdSubject":"9244","VoteId":null,"PersonNumber":57,"Type":1,"Text":"<pd_text><p>Bei Artikel 22 Absatz 1bis schliessen wir uns dem Nationalrat an.</p>\n</pd_text>","MeetingCouncilAbbreviation":"S","MeetingDate":"20050602","MeetingVerbalixOid":1324,"IdSession":"4708","SpeakerFirstName":"Eugen","SpeakerLastName":"David","SpeakerFullName":"David Eugen","SpeakerFunction":"Mit-M","CouncilId":2,"CouncilName":"St\u00e4nderat","CantonId":17,"CantonName":"St. Gallen","CantonAbbreviation":"SG","ParlGroupName":"Christlichdemokratische Fraktion","ParlGroupAbbreviation":"M-E","SortOrder":6,"Start":"\/Date(1117700064853)\/","End":"\/Date(1117700078103)\/","Function":"*","DisplaySpeaker":true,"LanguageOfText":"DE","Modified":"\/Date(1510849602010)\/","StartTimeWithTimezone":"\/Date(1117700064853+0120)\/","EndTimeWithTimezone":"\/Date(1117700078103+0120)\/","VoteBusinessNumber":null,"VoteBusinessShortNumber":null,"VoteBusinessTitle":null},{"__metadata":{"id":"https://ws.parlament.ch/OData.svc/Transcript(ID=56187L,Language='DE')","uri":"https://ws.parlament.ch/OData.svc/Transcript(ID=56187L,Language='DE')","type":"itsystems.Pd.DataServices.DataModel.Transcript"},"Subjects":{"__deferred":{"uri":"https://ws.parlament.ch/OData.svc/Transcript(ID=56187L,Language='DE')/Subjects"}},"MembersCouncil":{"__deferred":{"uri":"https://ws.parlament.ch/OData.svc/Transcript(ID=56187L,Language='DE')/MembersCouncil"}},"Businesses":{"__deferred":{"uri":"https://ws.parlament.ch/OData.svc/Transcript(ID=56187L,Language='DE')/Businesses"}},"ID":"56187","Language":"DE","IdSubject":"9244","VoteId":null,"PersonNumber":85,"Type":1,"Text":"<pd_text><p><i>Angenommen - Adopt\u00e9</i></p>\n<p>[VS]</p>\n<p><b>Art. 22 Abs. 1bis</b></p>\n<p><i>Antrag der Kommission</i></p>\n<p>Zustimmung zum Beschluss des Nationalrates</p>\n<p>[VS]</p>\n<p><b>Art. 22 al. 1bis</b></p>\n<p><i>Proposition de la commission</i></p>\n<p>Adh\u00e9rer \u00e0 la d\u00e9cision du Conseil national</p>\n</pd_text>","MeetingCouncilAbbreviation":"S","MeetingDate":"20050602","MeetingVerbalixOid":1324,"IdSession":"4708","SpeakerFirstName":"Bruno","SpeakerLastName":"Frick","SpeakerFullName":"Frick Bruno","SpeakerFunction":"P-M","CouncilId":2,"CouncilName":"St\u00e4nderat","CantonId":5,"CantonName":"Schwyz","CantonAbbreviation":"SZ","ParlGroupName":"Christlichdemokratische Fraktion","ParlGroupAbbreviation":"M-E","SortOrder":5,"Start":"\/Date(1117700054760)\/","End":"\/Date(1117700064853)\/","Function":"P-M","DisplaySpeaker":false,"LanguageOfText":null,"Modified":"\/Date(1510849602010)\/","StartTimeWithTimezone":"\/Date(1117700054760+0120)\/","EndTimeWithTimezone":"\/Date(1117700064853+0120)\/","VoteBusinessNumber":null,"VoteBusinessShortNumber":null,"VoteBusinessTitle":null},{"__metadata":{"id":"https://ws.parlament.ch/OData.svc/Transcript(ID=56188L,Language='DE')","uri":"https://ws.parlament.ch/OData.svc/Transcript(ID=56188L,Language='DE')","type":"itsystems.Pd.DataServices.DataModel.Transcript"},"Subjects":{"__deferred":{"uri":"https://ws.parlament.ch/OData.svc/Transcript(ID=56188L,Language='DE')/Subjects"}},"MembersCouncil":{"__deferred":{"uri":"https://ws.parlament.ch/OData.svc/Transcript(ID=56188L,Language='DE')/MembersCouncil"}},"Businesses":{"__deferred":{"uri":"https://ws.parlament.ch/OData.svc/Transcript(ID=56188L,Language='DE')/Businesses"}},"ID":"56188","Language":"DE","IdSubject":"9244","VoteId":null,"PersonNumber":57,"Type":1,"Text":"<pd_text><p>Artikel 18 regelt die Sanktionen im Falle einer gravierenden Schwarzarbeit. Aus zwei Gr\u00fcnden beantragen wir Ihnen, hier an unserer Fassung festzuhalten. Erster Grund: Wir haben den Tatbestand ganz klar und ganz eindeutig definiert, bei dem eben diese Sanktionen zum Zuge kommen. Mit einer Sanktion rechnen m\u00fcssen gem\u00e4ss Artikel 18 Absatz 1 Arbeitgeber, die in schwerwiegender Weise oder wiederholt die Melde- und Bewilligungspflichten im Sozialversicherungsrecht oder im Ausl\u00e4nderrecht missachtet haben. Es wird also ein doch gravierendes Verhalten vorausgesetzt. Demgegen\u00fcber steht im Text des Nationalrates zwar auch der Ausdruck \"schwerwiegend\", aber es wird einfach gesagt \"bei schwerwiegenden Verst\u00f6ssen gegen dieses Gesetz\". Das ist nach unserer Ansicht nicht pr\u00e4zise. Es muss genau gesagt werden, welche Verletzungen eben vorgekommen sein m\u00fcssen, n\u00e4mlich wiederholte Missachtung der Melde- und Bewilligungspflichten gem\u00e4ss Sozialversicherungsrecht und Ausl\u00e4nderrecht. Das ist der erste Punkt.</p>\n<p>Der zweite Grund ist der, dass der Nationalrat diese Sanktion nur auf den gewerblichen Bereich beschr\u00e4nken m\u00f6chte, wo \u00f6ffentliche Auftr\u00e4ge erteilt werden; hingegen m\u00f6chte er den Subventionsbereich von Sanktionen ausschliessen und keine K\u00fcrzung von Finanzhilfen, d. h. Subventionen, vornehmen. Wir sind der Ansicht, dass wir hier alle gleich behandeln m\u00fcssen. \u00dcberall, wo \u00f6ffentliche Mittel fliessen und Schwarzarbeit vorkommt, sollte Gleichbehandlung stattfinden, also eben nicht nur im Bereich der \u00f6ffentlichen Auftr\u00e4ge. Daher beantragen wir Ihnen auch aus einer Gerechtigkeits\u00fcberlegung heraus, hier an der K\u00fcrzung der Finanzhilfen festzuhalten. Ich darf noch darauf hinweisen, insbesondere auch f\u00fcr den Bereich der Landwirtschaft, der hier - allenfalls neben dem Tourismus, den Forstbetrieben usw. - sicher betroffen ist: Wir halten im Gesetzestext fest, dass eine angemessene K\u00fcrzung erfolgen muss, d. h. die beurteilende Beh\u00f6rde hat immer noch das Recht, die Umst\u00e4nde genau zu beurteilen und dann im Einzelfall die K\u00fcrzung entsprechend vorzunehmen.</p>\n<p>Wir bitten Sie, dem zu folgen. Auch dieser Entscheid wurde einstimmig getroffen.</p>\n<p>Die dritte Differenz steht unten auf Seite 3 der Fahne; diese Differenz bei Artikel 18 Absatz 3 m\u00fcssen wir noch behandeln. Hier geht es um die Mitteilung der K\u00fcrzungsmassnahmen oder der Nichterteilung \u00f6ffentlicher Auftr\u00e4ge.</p>\n<p>Der Nationalrat hat beschlossen, dass den zust\u00e4ndigen Beh\u00f6rden des Bundes, der Kantone und der Gemeinden eine Liste zug\u00e4nglich gemacht wird. Das heisst, es w\u00fcrden \u00fcber 3000 Gemeinden immer wieder, regelm\u00e4ssig mit Listen bedient werden. Der Nationalrat ist der Meinung, diese Listen seien nicht \u00f6ffentlich zu machen. Wir sind der Auffassung: Wenn 3000 Listen an Gemeinden verschickt werden, dann ist das \u00f6ffentlich. In dem Sinne ist diese Liste \"\u00f6ffentlich zug\u00e4nglich\". Das ist dasselbe, wie wenn Sie etwas im Amtsblatt publizieren.</p>\n<p>Von daher gesehen finden wir - in \u00dcbereinstimmung mit der Verwaltung - diese Beschr\u00e4nkung in Bezug auf die \u00d6ffentlichmachung eines Versandes an die Gemeinden nicht richtig. Wir schlagen Ihnen vor, bei Artikel 18 Absatz 3 am Beschluss unseres Rates festzuhalten, dass die Liste \u00f6ffentlich zug\u00e4nglich ist.</p>\n</pd_text>","MeetingCouncilAbbreviation":"S","MeetingDate":"20050602","MeetingVerbalixOid":1324,"IdSession":"4708","SpeakerFirstName":"Eugen","SpeakerLastName":"David","SpeakerFullName":"David Eugen","SpeakerFunction":"Mit-M","CouncilId":2,"CouncilName":"St\u00e4nderat","CantonId":17,"CantonName":"St. Gallen","CantonAbbreviation":"SG","ParlGroupName":"Christlichdemokratische Fraktion","ParlGroupAbbreviation":"M-E","SortOrder":4,"Start":"\/Date(1117699786747)\/","End":"\/Date(1117700054760)\/","Function":"*","DisplaySpeaker":true,"LanguageOfText":"DE","Modified":"\/Date(1510849602010)\/","StartTimeWithTimezone":"\/Date(1117699786747+0120)\/","EndTimeWithTimezone":"\/Date(1117700054760+0120)\/","VoteBusinessNumber":null,"VoteBusinessShortNumber":null,"VoteBusinessTitle":null},{"__metadata":{"id":"https://ws.parlament.ch/OData.svc/Transcript(ID=56189L,Language='DE')","uri":"https://ws.parlament.ch/OData.svc/Transcript(ID=56189L,Language='DE')","type":"itsystems.Pd.DataServices.DataModel.Transcript"},"Subjects":{"__deferred":{"uri":"https://ws.parlament.ch/OData.svc/Transcript(ID=56189L,Language='DE')/Subjects"}},"MembersCouncil":{"__deferred":{"uri":"https://ws.parlament.ch/OData.svc/Transcript(ID=56189L,Language='DE')/MembersCouncil"}},"Businesses":{"__deferred":{"uri":"https://ws.parlament.ch/OData.svc/Transcript(ID=56189L,Language='DE')/Businesses"}},"ID":"56189","Language":"DE","IdSubject":"9244","VoteId":null,"PersonNumber":85,"Type":1,"Text":"<pd_text><p><i>Angenommen - Adopt\u00e9</i></p>\n<p>[VS]</p>\n<p><b>Art. 18 Abs. 1, 3</b></p>\n<p><i>Antrag der Kommission</i></p>\n<p>Festhalten</p>\n<p>[VS]</p>\n<p><b>Art. 18 al. 1, 3</b></p>\n<p><i>Proposition de la commission</i></p>\n<p>Maintenir</p>\n</pd_text>","MeetingCouncilAbbreviation":"S","MeetingDate":"20050602","MeetingVerbalixOid":1324,"IdSession":"4708","SpeakerFirstName":"Bruno","SpeakerLastName":"Frick","SpeakerFullName":"Frick Bruno","SpeakerFunction":"P-M","CouncilId":2,"CouncilName":"St\u00e4nderat","CantonId":5,"CantonName":"Schwyz","CantonAbbreviation":"SZ","ParlGroupName":"Christlichdemokratische Fraktion","ParlGroupAbbreviation":"M-E","SortOrder":3,"Start":"\/Date(1117699772107)\/","End":"\/Date(1117700054760)\/","Function":"P-M","DisplaySpeaker":false,"LanguageOfText":null,"Modified":"\/Date(1510849602010)\/","StartTimeWithTimezone":"\/Date(1117699772107+0120)\/","EndTimeWithTimezone":"\/Date(1117700054760+0120)\/","VoteBusinessNumber":null,"VoteBusinessShortNumber":null,"VoteBusinessTitle":null},{"__metadata":{"id":"https://ws.parlament.ch/OData.svc/Transcript(ID=56190L,Language='DE')","uri":"https://ws.parlament.ch/OData.svc/Transcript(ID=56190L,Language='DE')","type":"itsystems.Pd.DataServices.DataModel.Transcript"},"Subjects":{"__deferred":{"uri":"https://ws.parlament.ch/OData.svc/Transcript(ID=56190L,Language='DE')/Subjects"}},"MembersCouncil":{"__deferred":{"uri":"https://ws.parlament.ch/OData.svc/Transcript(ID=56190L,Language='DE')/MembersCouncil"}},"Businesses":{"__deferred":{"uri":"https://ws.parlament.ch/OData.svc/Transcript(ID=56190L,Language='DE')/Businesses"}},"ID":"56190","Language":"DE","IdSubject":"9244","VoteId":null,"PersonNumber":57,"Type":1,"Text":"<pd_text><p>Wir haben im Bundesgesetz gegen die Schwarzarbeit noch drei Differenzen zu beraten. </p>\n<p>Ich beginne mit Artikel 2a: Hier geht es um das vereinfachte Abrechnungsverfahren. Dem Nationalrat ist es ein Anliegen, dass Arbeitgeber mit h\u00f6chstens f\u00fcnf Arbeitnehmern nach diesem Verfahren abrechnen k\u00f6nnen, wenn die L\u00f6hne gering sind bzw. - gem\u00e4ss Beschluss des Nationalrates - die H\u00e4lfte des BVG-Mindestlohnes nicht \u00fcbersteigen; das sind etwa 10 000 Franken. Wir sind diesem Anliegen insofern entgegengekommen, als wir die Gesamtlohnsumme f\u00fcr die vereinfachte Abrechnung, die wir bisher auf 36 000 Franken festgelegt hatten, auf 50 000 Franken angehoben haben. Damit ist es eben praktisch m\u00f6glich - wie das auch der Nationalrat m\u00f6chte -, f\u00fcnf Arbeitnehmer mit einem individuellen Lohn in der Gr\u00f6ssenordnung von 10 000 Franken zu besch\u00e4ftigen. Das sind in der Regel ja Teilzeitbesch\u00e4ftigte, die vor\u00fcbergehend bei einem Arbeitgeber t\u00e4tig sind. </p>\n<p>Wir m\u00f6chten formal aber an der L\u00f6sung festhalten, die wir in der ersten Runde beschlossen haben. Warum? Weil uns die Ausgleichskassen mit allem Nachdruck darauf aufmerksam gemacht haben, dass das Verfahren, das der Nationalrat vorschl\u00e4gt, f\u00fcr sie untauglich ist, riesigen administrativen Aufwand bewirkt und von ihnen daher mit allem Nachdruck abgelehnt wird. Wir haben das wiederholt gepr\u00fcft und sind der gleichen Meinung wie die Ausgleichskassen. Man sollte ein Verfahren w\u00e4hlen, das sie durchf\u00fchren k\u00f6nnen, das auch von der administrativen Seite her machbar ist. Daher schlagen wir vor, bez\u00fcglich des Verfahrens in Artikel 2a bei unserem Beschluss zu bleiben, bez\u00fcglich der quantitativen Grenze aber eben auf 50 000 Franken zu gehen und damit [PAGE 470] dem Anliegen des Nationalrates entgegenzukommen. Die Kommission hat hier einstimmig entschieden.</p>\n</pd_text>","MeetingCouncilAbbreviation":"S","MeetingDate":"20050602","MeetingVerbalixOid":1324,"IdSession":"4708","SpeakerFirstName":"Eugen","SpeakerLastName":"David","SpeakerFullName":"David Eugen","SpeakerFunction":"Mit-M","CouncilId":2,"CouncilName":"St\u00e4nderat","CantonId":17,"CantonName":"St. Gallen","CantonAbbreviation":"SG","ParlGroupName":"Christlichdemokratische Fraktion","ParlGroupAbbreviation":"M-E","SortOrder":2,"Start":"\/Date(1117699623563)\/","End":"\/Date(1117699772107)\/","Function":"*","DisplaySpeaker":true,"LanguageOfText":"DE","Modified":"\/Date(1510849602010)\/","StartTimeWithTimezone":"\/Date(1117699623563+0120)\/","EndTimeWithTimezone":"\/Date(1117699772107+0120)\/","VoteBusinessNumber":null,"VoteBusinessShortNumber":null,"VoteBusinessTitle":null},{"__metadata":{"id":"https://ws.parlament.ch/OData.svc/Transcript(ID=56191L,Language='DE')","uri":"https://ws.parlament.ch/OData.svc/Transcript(ID=56191L,Language='DE')","type":"itsystems.Pd.DataServices.DataModel.Transcript"},"Subjects":{"__deferred":{"uri":"https://ws.parlament.ch/OData.svc/Transcript(ID=56191L,Language='DE')/Subjects"}},"MembersCouncil":{"__deferred":{"uri":"https://ws.parlament.ch/OData.svc/Transcript(ID=56191L,Language='DE')/MembersCouncil"}},"Businesses":{"__deferred":{"uri":"https://ws.parlament.ch/OData.svc/Transcript(ID=56191L,Language='DE')/Businesses"}},"ID":"56191","Language":"DE","IdSubject":"9244","VoteId":null,"PersonNumber":85,"Type":1,"Text":"<pd_text><p><b>Bundesgesetz \u00fcber Massnahmen zur Bek\u00e4mpfung der Schwarzarbeit </b></p>\n<p><b>Loi f\u00e9d\u00e9rale concernant des mesures en mati\u00e8re de lutte contre le travail au noir </b></p>\n<p>[VS]</p>\n<p><b>Art. 2a</b></p>\n<p><i>Antrag der Kommission</i></p>\n<p><i>Einleitung, Bst. a, c</i></p>\n<p>Festhalten</p>\n<p><i>Bst. b</i></p>\n<p>b. .... den zweifachen Betrag ....</p>\n<p>[VS]</p>\n<p><b>Art. 2a</b></p>\n<p><i>Proposition de la commission</i></p>\n<p><i>Introduction, let. a, c</i></p>\n<p>Maintenir</p>\n<p><i>Let. b</i></p>\n<p>b. .... 200 pour cent ....</p>\n</pd_text>","MeetingCouncilAbbreviation":"S","MeetingDate":"20050602","MeetingVerbalixOid":1324,"IdSession":"4708","SpeakerFirstName":"Bruno","SpeakerLastName":"Frick","SpeakerFullName":"Frick Bruno","SpeakerFunction":"P-M","CouncilId":2,"CouncilName":"St\u00e4nderat","CantonId":5,"CantonName":"Schwyz","CantonAbbreviation":"SZ","ParlGroupName":"Christlichdemokratische Fraktion","ParlGroupAbbreviation":"M-E","SortOrder":1,"Start":"\/Date(1117699606767)\/","End":"\/Date(1117699623563)\/","Function":"P-M","DisplaySpeaker":false,"LanguageOfText":null,"Modified":"\/Date(1510849602010)\/","StartTimeWithTimezone":"\/Date(1117699606767+0120)\/","EndTimeWithTimezone":"\/Date(1117699623563+0120)\/","VoteBusinessNumber":null,"VoteBusinessShortNumber":null,"VoteBusinessTitle":null}]},"ID":"9244","Language":"DE","IdMeeting":"673","VerbalixOid":125175,"SortOrder":2,"Modified":"\/Date(1510849601993)\/"}}