{"d":{"__metadata":{"id":"https://ws.parlament.ch/OData.svc/Subject(ID=9726L,Language='DE')","uri":"https://ws.parlament.ch/OData.svc/Subject(ID=9726L,Language='DE')","type":"itsystems.Pd.DataServices.DataModel.Subject"},"Meetings":{"__metadata":{"id":"https://ws.parlament.ch/OData.svc/Meeting(ID=707L,Language='DE')","uri":"https://ws.parlament.ch/OData.svc/Meeting(ID=707L,Language='DE')","type":"itsystems.Pd.DataServices.DataModel.Meeting"},"Sessions":{"__deferred":{"uri":"https://ws.parlament.ch/OData.svc/Meeting(ID=707L,Language='DE')/Sessions"}},"Subjects":{"__deferred":{"uri":"https://ws.parlament.ch/OData.svc/Meeting(ID=707L,Language='DE')/Subjects"}},"ID":"707","Language":"DE","MeetingNumber":7,"IdSession":4709,"SessionNumber":9,"SessionName":"Herbstsession 2005","Council":2,"CouncilName":"St\u00e4nderat","CouncilAbbreviation":"SR","Date":"\/Date(1127952000000)\/","Begin":"0800","Modified":"\/Date(1447069946120)\/","LegislativePeriodNumber":47,"PublicationStatus":"final","MeetingOrderText":"Siebte Sitzung","SortOrder":7,"Location":"S"},"SubjectsBusiness":{"results":[{"__metadata":{"id":"https://ws.parlament.ch/OData.svc/SubjectBusiness(BusinessNumber=20033179,IdSubject=9726L,Language='DE')","uri":"https://ws.parlament.ch/OData.svc/SubjectBusiness(BusinessNumber=20033179,IdSubject=9726L,Language='DE')","type":"itsystems.Pd.DataServices.DataModel.SubjectBusiness"},"Subjects":{"__deferred":{"uri":"https://ws.parlament.ch/OData.svc/SubjectBusiness(BusinessNumber=20033179,IdSubject=9726L,Language='DE')/Subjects"}},"Businesses":{"__deferred":{"uri":"https://ws.parlament.ch/OData.svc/SubjectBusiness(BusinessNumber=20033179,IdSubject=9726L,Language='DE')/Businesses"}},"IdSubject":"9726","BusinessNumber":20033179,"Language":"DE","BusinessShortNumber":"03.3179","Title":"Volksabstimmungen. Information durch die Bundesbeh\u00f6rden","SortOrder":1,"PublishedNotes":null,"Modified":"\/Date(1447069214576)\/","TitleDE":"Motion SPK-NR.\nVolksabstimmungen.\nInformation\ndurch die Bundesbeh\u00f6rden","TitleFR":"Motion CIP-CN.\nVotations populaires.\nInformations fournies\npar les autorit\u00e9s f\u00e9d\u00e9rales","TitleIT":null}]},"Transcripts":{"results":[{"__metadata":{"id":"https://ws.parlament.ch/OData.svc/Transcript(ID=59313L,Language='DE')","uri":"https://ws.parlament.ch/OData.svc/Transcript(ID=59313L,Language='DE')","type":"itsystems.Pd.DataServices.DataModel.Transcript"},"Subjects":{"__deferred":{"uri":"https://ws.parlament.ch/OData.svc/Transcript(ID=59313L,Language='DE')/Subjects"}},"MembersCouncil":{"__deferred":{"uri":"https://ws.parlament.ch/OData.svc/Transcript(ID=59313L,Language='DE')/MembersCouncil"}},"Businesses":{"__deferred":{"uri":"https://ws.parlament.ch/OData.svc/Transcript(ID=59313L,Language='DE')/Businesses"}},"ID":"59313","Language":"DE","IdSubject":"9726","VoteId":null,"PersonNumber":85,"Type":1,"Text":"<pd_text><p><i>\u00dcberwiesen als Postulat - Transmis comme postulat</i></p>\n</pd_text>","MeetingCouncilAbbreviation":"S","MeetingDate":"20050929","MeetingVerbalixOid":1358,"IdSession":"4709","SpeakerFirstName":"Bruno","SpeakerLastName":"Frick","SpeakerFullName":"Frick Bruno","SpeakerFunction":"P-M","CouncilId":2,"CouncilName":"St\u00e4nderat","CantonId":5,"CantonName":"Schwyz","CantonAbbreviation":"SZ","ParlGroupName":"Christlichdemokratische Fraktion","ParlGroupAbbreviation":"M-E","SortOrder":3,"Start":"\/Date(1127986677427)\/","End":"\/Date(1127986692660)\/","Function":"P-M","DisplaySpeaker":false,"LanguageOfText":null,"Modified":"\/Date(1510849678717)\/","StartTimeWithTimezone":"\/Date(1127986677427+0120)\/","EndTimeWithTimezone":"\/Date(1127986692660+0120)\/","VoteBusinessNumber":null,"VoteBusinessShortNumber":null,"VoteBusinessTitle":null},{"__metadata":{"id":"https://ws.parlament.ch/OData.svc/Transcript(ID=59314L,Language='DE')","uri":"https://ws.parlament.ch/OData.svc/Transcript(ID=59314L,Language='DE')","type":"itsystems.Pd.DataServices.DataModel.Transcript"},"Subjects":{"__deferred":{"uri":"https://ws.parlament.ch/OData.svc/Transcript(ID=59314L,Language='DE')/Subjects"}},"MembersCouncil":{"__deferred":{"uri":"https://ws.parlament.ch/OData.svc/Transcript(ID=59314L,Language='DE')/MembersCouncil"}},"Businesses":{"__deferred":{"uri":"https://ws.parlament.ch/OData.svc/Transcript(ID=59314L,Language='DE')/Businesses"}},"ID":"59314","Language":"DE","IdSubject":"9726","VoteId":null,"PersonNumber":536,"Type":1,"Text":"<pd_text><p>D\u00e9cidemment, la communication des autorit\u00e9s est un th\u00e8me qui nous pr\u00e9occupe et qui pr\u00e9occupe aussi d'autres personnes que les membres de notre conseil, en particulier la CIP du Conseil national qui a propos\u00e9 une motion visant \u00e0 ce que l'on r\u00e9glemente dans le cadre l\u00e9gal la nature de l'information que peuvent donner le Conseil f\u00e9d\u00e9ral et l'administration f\u00e9d\u00e9rale, mais aussi que l'on d\u00e9finisse des crit\u00e8res applicables quant \u00e0 l'utilisation des fonds publics. En fait, de l'avis de la commission, l'ensemble de cette probl\u00e9matique doit \u00eatre examin\u00e9e dans le cadre du traitement de l'initiative parlementaire Burkhalter 04.463, sans que l'on puisse \u00e0 ce stade d\u00e9j\u00e0 affirmer qu'il est n\u00e9cessaire d'avoir un cadre l\u00e9gal, en particulier pour d\u00e9finir les crit\u00e8res relatifs \u00e0 l'utilisation des fonds publics.</p>\n<p>Ce n'est pas parce qu'elle n'est pas convaincue qu'il faille absolument un cadre l\u00e9gal, mais parce qu'elle est certaine qu'il faut poursuivre la r\u00e9flexion sur ce sujet que la commission propose de transmettre la motion sous forme de postulat.</p>\n</pd_text>","MeetingCouncilAbbreviation":"S","MeetingDate":"20050929","MeetingVerbalixOid":1358,"IdSession":"4709","SpeakerFirstName":"Jean","SpeakerLastName":"Studer","SpeakerFullName":"Studer Jean","SpeakerFunction":"Mit-M","CouncilId":2,"CouncilName":"St\u00e4nderat","CantonId":24,"CantonName":"Neuenburg","CantonAbbreviation":"NE","ParlGroupName":"Sozialdemokratische Fraktion","ParlGroupAbbreviation":"S","SortOrder":2,"Start":"\/Date(1127986599023)\/","End":"\/Date(1127986677427)\/","Function":"*","DisplaySpeaker":true,"LanguageOfText":"FR","Modified":"\/Date(1510849678717)\/","StartTimeWithTimezone":"\/Date(1127986599023+0120)\/","EndTimeWithTimezone":"\/Date(1127986677427+0120)\/","VoteBusinessNumber":null,"VoteBusinessShortNumber":null,"VoteBusinessTitle":null},{"__metadata":{"id":"https://ws.parlament.ch/OData.svc/Transcript(ID=59315L,Language='DE')","uri":"https://ws.parlament.ch/OData.svc/Transcript(ID=59315L,Language='DE')","type":"itsystems.Pd.DataServices.DataModel.Transcript"},"Subjects":{"__deferred":{"uri":"https://ws.parlament.ch/OData.svc/Transcript(ID=59315L,Language='DE')/Subjects"}},"MembersCouncil":{"__deferred":{"uri":"https://ws.parlament.ch/OData.svc/Transcript(ID=59315L,Language='DE')/MembersCouncil"}},"Businesses":{"__deferred":{"uri":"https://ws.parlament.ch/OData.svc/Transcript(ID=59315L,Language='DE')/Businesses"}},"ID":"59315","Language":"DE","IdSubject":"9726","VoteId":null,"PersonNumber":85,"Type":1,"Text":"<pd_text><p>Es liegt ein schriftlicher Bericht der Kommission vor. Sie beantragt mit 7 zu 3 Stimmen, die Motion in Form eines Postulates zu \u00fcberweisen. Dies ist noch m\u00f6glich, weil es sich um eine Motion nach altem Gesch\u00e4ftsverkehrsgesetz handelt.</p>\n</pd_text>","MeetingCouncilAbbreviation":"S","MeetingDate":"20050929","MeetingVerbalixOid":1358,"IdSession":"4709","SpeakerFirstName":"Bruno","SpeakerLastName":"Frick","SpeakerFullName":"Frick Bruno","SpeakerFunction":"P-M","CouncilId":2,"CouncilName":"St\u00e4nderat","CantonId":5,"CantonName":"Schwyz","CantonAbbreviation":"SZ","ParlGroupName":"Christlichdemokratische Fraktion","ParlGroupAbbreviation":"M-E","SortOrder":1,"Start":"\/Date(1127986556740)\/","End":"\/Date(1127986599023)\/","Function":"P-M","DisplaySpeaker":true,"LanguageOfText":"DE","Modified":"\/Date(1510849678717)\/","StartTimeWithTimezone":"\/Date(1127986556740+0120)\/","EndTimeWithTimezone":"\/Date(1127986599023+0120)\/","VoteBusinessNumber":null,"VoteBusinessShortNumber":null,"VoteBusinessTitle":null}]},"ID":"9726","Language":"DE","IdMeeting":"707","VerbalixOid":206995,"SortOrder":2,"Modified":"\/Date(1510849678700)\/"}}